{"id":89825,"date":"2025-12-30T11:13:16","date_gmt":"2025-12-30T11:13:16","guid":{"rendered":"https:\/\/www.europesays.com\/lv\/89825\/"},"modified":"2025-12-30T11:13:16","modified_gmt":"2025-12-30T11:13:16","slug":"varu-nozelot-vien-to-ka-nesanemos-agrak-santa","status":"publish","type":"post","link":"https:\/\/www.europesays.com\/lv\/89825\/","title":{"rendered":"\u00abVaru no\u017e\u0113lot vien to, ka nesa\u0146\u0113mos agr\u0101k\u00bb \u2014 Santa"},"content":{"rendered":"<p>D\u0101rta Danevi\u010da bija viena no spilgt\u0101kaj\u0101m Dailes te\u0101tra m\u0101ksliniec\u0113m un pirms diviem gadiem Sp\u0113lma\u0146u nakt\u012b sa\u0146\u0113ma lab\u0101k\u0101s aktrises balvu par\u00a0 monoizr\u0101di Z\u0113ni nav meitenes. \u0160\u012bs izr\u0101des popularit\u0101te nav noplakusi, un aizvien t\u0101 tiek sp\u0113l\u0113ta uz cit\u0101m skatuv\u0113m. T\u0101p\u0113c daudziem bija liels p\u0101rsteigums, kad D\u0101rta \u0161\u0101 gada 20. janv\u0101ra r\u012bt\u0101 p\u0113k\u0161\u0146i pazi\u0146oja, ka izl\u0113musi pamest te\u0101tri, kur\u0101 aizvad\u012bjusi 13 rado\u0161us gadus.<\/p>\n<p>Vaic\u0101ta, k\u0101 main\u012bjusies vi\u0146as dz\u012bve, D\u0101rta decembra izska\u0146\u0101 Priv\u0101tajai Dz\u012bvei\u00a0atz\u012bst:<\/p>\n<p>\u00abEsmu gandar\u012bta par gada s\u0101kum\u0101 pie\u0146emto l\u0113mumu, un tagad varu no\u017e\u0113lot vien to, ka nesa\u0146\u0113mos agr\u0101k.\u00bb<\/p>\n<p>Tas vi\u0146ai \u013c\u0101vis apjaust laika d\u0101v\u0101to iesp\u0113ju bezgal\u012bbu un beidzot izbaud\u012bt kop\u0101b\u016b\u0161anu ar tuv\u0101kajiem \u2013 d\u0113lu Kaupo un m\u012b\u013coto v\u012brieti uz\u0146\u0113m\u0113ju J\u0101ni Kisielu.<\/p>\n<p>\u00abEsmu atkl\u0101jusi sev jaunas iesp\u0113jas, projektus un darba kol\u0113\u0123us, vienlaikus daudz bie\u017e\u0101k un kvalitat\u012bv\u0101k pavadot laiku ar \u0123imeni.\u00a0T\u0101 ar\u012b ir b\u016btisk\u0101k\u0101 \u0161\u0101 gada atzi\u0146a \u2013 j\u0101b\u016bt drosmei aizv\u0113rt durvis uz veco, lai atv\u0113rtu t\u0101s uz visu jauno,\u00bb sapratusi D\u0101rta. \u00abAr\u012b jaunaj\u0101 gad\u0101 es v\u0113los visvair\u0101k laika un uzman\u012bbas velt\u012bt tuv\u0101kajiem, paral\u0113li mekl\u0113jot sav\u0101 profesij\u0101 aizraujo\u0161us izaicin\u0101jumus un kvalit\u0101ti,\u00bb t\u0101 aktrise.<\/p>\n<p>\u00a0<\/p>\n<p>            <img decoding=\"async\" class=\"no-convert\" alt=\"\" data-init=\"lazy-image\" src=\"https:\/\/www.europesays.com\/lv\/wp-content\/uploads\/2025\/12\/e949f7922686.jpg\"\/><a target=\"_self\" href=\"https:\/\/www.santa.lv\/raksts\/izklaide\/aktrise-darta-danevica-nak-klaja-ar-svarigu-pazinojumu-man-pasai-bija-liels-un-skumjs-parsteigums-74894\/\" aria-label=\"Aktrise D\u0101rta Danevi\u010da n\u0101k klaj\u0101 ar svar\u012bgu pazi\u0146ojumu: \u00abMan pa\u0161ai bija liels un skumj\u0161 p\u0101rsteigums\u00bb\" rel=\"nofollow noopener\"><\/p>\n<p>Estere Jansone<\/p>\n<p>Vair\u0101k lasi \u017eurn\u0101l\u0101 Priv\u0101t\u0101 Dz\u012bve!\u00a0<\/p>\n<p>&#13;<\/p>\n<ul>&#13;<\/p>\n<li>D\u017eilind\u017eers p\u0113c \u0161\u0137ir\u0161an\u0101s iziet sabiedr\u012bb\u0101 ar m\u0101c\u012bt\u0101ja meitu<\/li>\n<p>&#13;<\/p>\n<li>Gads p\u0113c Aigara Fadejeva n\u0101ves. Atraitnes Evas st\u0101sts<\/li>\n<p>&#13;<\/p>\n<li>Juris Rubenis par attiec\u012bb\u0101m, vientul\u012bbu un \u012bstiem draugiem\u00a0<\/li>\n<p>&#13;<\/p>\n<li>\u0160ovu zvaigznes pamestais su\u0146uks Mailo beidzot atrod jaunas m\u0101jas<\/li>\n<p>&#13;<\/p>\n<li>Porzi\u0146\u0123is apd\u0101vina pansion\u0101ta seniorus<\/li>\n<p>&#13;<\/p>\n<li>Olga Rajecka par\u0101da savu m\u0101ju<\/li>\n<p>&#13;<\/p>\n<li>Ko nes\u012bs 2026. gads \u2013 zvaigzn\u0113s iel\u016bkojas astrologs Ra\u010ds<\/li>\n<p>&#13;\n<\/ul>\n<p>\t&#13;<br \/>\n\t&#13;<br \/>\n\t\t\t\t<img decoding=\"async\" class=\"no-convert\" data-init=\"lazy-image\" src=\"https:\/\/www.europesays.com\/lv\/wp-content\/uploads\/2025\/12\/176640415069493036e28a3.jpg\" alt=\"Priv\u0101t\u0101 Dzive nr51-52\/2025\" style=\"margin-top: 15px;\"\/>&#13;<br \/>\n\t\t\t&#13;<br \/>\n&#13;<\/p>\n","protected":false},"excerpt":{"rendered":"D\u0101rta Danevi\u010da bija viena no spilgt\u0101kaj\u0101m Dailes te\u0101tra m\u0101ksliniec\u0113m un pirms diviem gadiem Sp\u0113lma\u0146u nakt\u012b sa\u0146\u0113ma lab\u0101k\u0101s aktrises&hellip;\n","protected":false},"author":2,"featured_media":89826,"comment_status":"","ping_status":"","sticky":false,"template":"","format":"standard","meta":{"footnotes":""},"categories":[19],"tags":[89,90,35,39,38,36,37,34,40],"class_list":{"0":"post-89825","1":"post","2":"type-post","3":"status-publish","4":"format-standard","5":"has-post-thumbnail","7":"category-izklaide","8":"tag-entertainment","9":"tag-izklaide","10":"tag-latvia","11":"tag-latvian","12":"tag-latviesu","13":"tag-latviesu-valoda","14":"tag-latviesuvaloda","15":"tag-latvija","16":"tag-lv"},"share_on_mastodon":{"url":"https:\/\/pubeurope.com\/@lv\/115808226800648882","error":""},"_links":{"self":[{"href":"https:\/\/www.europesays.com\/lv\/wp-json\/wp\/v2\/posts\/89825","targetHints":{"allow":["GET"]}}],"collection":[{"href":"https:\/\/www.europesays.com\/lv\/wp-json\/wp\/v2\/posts"}],"about":[{"href":"https:\/\/www.europesays.com\/lv\/wp-json\/wp\/v2\/types\/post"}],"author":[{"embeddable":true,"href":"https:\/\/www.europesays.com\/lv\/wp-json\/wp\/v2\/users\/2"}],"replies":[{"embeddable":true,"href":"https:\/\/www.europesays.com\/lv\/wp-json\/wp\/v2\/comments?post=89825"}],"version-history":[{"count":0,"href":"https:\/\/www.europesays.com\/lv\/wp-json\/wp\/v2\/posts\/89825\/revisions"}],"wp:featuredmedia":[{"embeddable":true,"href":"https:\/\/www.europesays.com\/lv\/wp-json\/wp\/v2\/media\/89826"}],"wp:attachment":[{"href":"https:\/\/www.europesays.com\/lv\/wp-json\/wp\/v2\/media?parent=89825"}],"wp:term":[{"taxonomy":"category","embeddable":true,"href":"https:\/\/www.europesays.com\/lv\/wp-json\/wp\/v2\/categories?post=89825"},{"taxonomy":"post_tag","embeddable":true,"href":"https:\/\/www.europesays.com\/lv\/wp-json\/wp\/v2\/tags?post=89825"}],"curies":[{"name":"wp","href":"https:\/\/api.w.org\/{rel}","templated":true}]}}