{"id":89829,"date":"2025-12-30T11:16:07","date_gmt":"2025-12-30T11:16:07","guid":{"rendered":"https:\/\/www.europesays.com\/lv\/89829\/"},"modified":"2025-12-30T11:16:07","modified_gmt":"2025-12-30T11:16:07","slug":"vins-zinaja-kas-notiks-dzordza-orvela-skaudra-patiesiba-ko-pasaule-negribeja-dzirdet-santa","status":"publish","type":"post","link":"https:\/\/www.europesays.com\/lv\/89829\/","title":{"rendered":"Vi\u0146\u0161 zin\u0101ja, kas notiks. D\u017eord\u017ea Orvela skaudr\u0101 paties\u012bba, ko pasaule negrib\u0113ja dzird\u0113t \u2014 Santa"},"content":{"rendered":"<blockquote><p>&#13;<\/p>\n<p>\u0122\u0113rbies k\u0101 klaidonis, vi\u0146\u0161 dodas uz Londonas \u00ad\u012astendu un nak\u0161\u0146o uz ielas kop\u0101 ar ubagiem. <\/p>\n<p>&#13;\n<\/p><\/blockquote>\n<p>D\u017eord\u017es Orvels. M\u0113s vi\u0146u paz\u012bstam k\u0101 autoru, kur\u0161 pasauli br\u012bdin\u0101ja par Lielo br\u0101li un totalit\u0101rismu, bet vi\u0146a pa\u0161a dz\u012bve bija ne maz\u0101k dramatiska k\u0101 vi\u0146a rom\u0101ni. No opija departamenta uzrauga d\u0113la Indij\u0101 l\u012bdz dienestam Birmas policij\u0101, no br\u012bvpr\u0101t\u012bgas klaidon\u012bbas Londonas un Par\u012bzes iel\u0101s l\u012bdz lodei kakl\u0101 Sp\u0101nijas pilso\u0146u kar\u0101. K\u0101p\u0113c Dz\u012bvnieku fermu s\u0101kotn\u0113ji atteic\u0101s izdot, baidoties aizvainot Sta\u013cinu, un k\u0101da tra\u0123\u0113dija piemekl\u0113ja Orvela sievu Eil\u012bnu, kam\u0113r vi\u0146\u0161 zi\u0146oja no kara plos\u012bt\u0101s Eiropas? Un k\u0101ds galu gal\u0101 bija Orvels, kura br\u012bdin\u0101jumi \u0161odien skan ska\u013c\u0101k nek\u0101 jebkad?<\/p>\n","protected":false},"excerpt":{"rendered":"&#13; \u0122\u0113rbies k\u0101 klaidonis, vi\u0146\u0161 dodas uz Londonas \u00ad\u012astendu un nak\u0161\u0146o uz ielas kop\u0101 ar ubagiem. &#13; D\u017eord\u017es&hellip;\n","protected":false},"author":2,"featured_media":89830,"comment_status":"","ping_status":"","sticky":false,"template":"","format":"standard","meta":{"footnotes":""},"categories":[14],"tags":[23,57,28,29,32,33,22,30,31,35,39,38,36,37,34,40,20,26,27,24,25,54,55,56,21,58],"class_list":{"0":"post-89829","1":"post","2":"type-post","3":"status-publish","4":"format-standard","5":"has-post-thumbnail","7":"category-zinas-no-arvalstim","8":"tag-aktualitates","9":"tag-arvalstim","10":"tag-breaking-news","11":"tag-breakingnews","12":"tag-featured-news","13":"tag-featurednews","14":"tag-headlines","15":"tag-latest-news","16":"tag-latestnews","17":"tag-latvia","18":"tag-latvian","19":"tag-latviesu","20":"tag-latviesu-valoda","21":"tag-latviesuvaloda","22":"tag-latvija","23":"tag-lv","24":"tag-news","25":"tag-popularakas-zinas","26":"tag-popularakaszinas","27":"tag-top-stories","28":"tag-topstories","29":"tag-world","30":"tag-world-news","31":"tag-worldnews","32":"tag-zinas","33":"tag-zinas-no-arvalstim"},"share_on_mastodon":{"url":"https:\/\/pubeurope.com\/@lv\/115808238525786874","error":""},"_links":{"self":[{"href":"https:\/\/www.europesays.com\/lv\/wp-json\/wp\/v2\/posts\/89829","targetHints":{"allow":["GET"]}}],"collection":[{"href":"https:\/\/www.europesays.com\/lv\/wp-json\/wp\/v2\/posts"}],"about":[{"href":"https:\/\/www.europesays.com\/lv\/wp-json\/wp\/v2\/types\/post"}],"author":[{"embeddable":true,"href":"https:\/\/www.europesays.com\/lv\/wp-json\/wp\/v2\/users\/2"}],"replies":[{"embeddable":true,"href":"https:\/\/www.europesays.com\/lv\/wp-json\/wp\/v2\/comments?post=89829"}],"version-history":[{"count":0,"href":"https:\/\/www.europesays.com\/lv\/wp-json\/wp\/v2\/posts\/89829\/revisions"}],"wp:featuredmedia":[{"embeddable":true,"href":"https:\/\/www.europesays.com\/lv\/wp-json\/wp\/v2\/media\/89830"}],"wp:attachment":[{"href":"https:\/\/www.europesays.com\/lv\/wp-json\/wp\/v2\/media?parent=89829"}],"wp:term":[{"taxonomy":"category","embeddable":true,"href":"https:\/\/www.europesays.com\/lv\/wp-json\/wp\/v2\/categories?post=89829"},{"taxonomy":"post_tag","embeddable":true,"href":"https:\/\/www.europesays.com\/lv\/wp-json\/wp\/v2\/tags?post=89829"}],"curies":[{"name":"wp","href":"https:\/\/api.w.org\/{rel}","templated":true}]}}