{"id":89831,"date":"2025-12-30T11:17:07","date_gmt":"2025-12-30T11:17:07","guid":{"rendered":"https:\/\/www.europesays.com\/lv\/89831\/"},"modified":"2025-12-30T11:17:07","modified_gmt":"2025-12-30T11:17:07","slug":"latvija-iesniegusi-atveselosanas-fonda-maksajuma-pieprasijumu","status":"publish","type":"post","link":"https:\/\/www.europesays.com\/lv\/89831\/","title":{"rendered":"Latvija iesniegusi Atvese\u013co\u0161anas fonda maks\u0101juma piepras\u012bjumu"},"content":{"rendered":"<p>Vesel\u012bbas jom\u0101 apstiprin\u0101ta Latvijas iedz\u012bvot\u0101ju genoma references izveide un ieviesta vienota metodolo\u0123isk\u0101 vad\u012bba onkolo\u0123ijas apr\u016bp\u0113. Medic\u012bnas un vesel\u012bbas apr\u016bpes izgl\u012bt\u012bb\u0101 apstiprin\u0101ta simul\u0101cij\u0101 balst\u012btas izgl\u012bt\u012bbas strat\u0113\u0123ija, ievie\u0161ot simul\u0101ciju pieeju visos izgl\u012bt\u012bbas posmos. T\u0101pat veikti b\u016btiski ieguld\u012bjumi 20 sekund\u0101ro ambulatoro vesel\u012bbas apr\u016bpes pakalpojumu sniedz\u0113ju infrastrukt\u016bras stiprin\u0101\u0161an\u0101.<\/p>\n<p>Savuk\u0101rt ekonomikas transform\u0101cijas un produktivit\u0101tes veicin\u0101\u0161anai st\u0101ju\u0161ies sp\u0113k\u0101 normat\u012bvi, kas reglament\u0113 \u010detras atbalsta programmas &#8211; kompetences centru atbalsta programmu, p\u0113tniec\u012bbas atbalsta programmu, sadarb\u012bbas t\u012bklu atbalsta programmu un Latvijas dal\u012bbu IPCEI programm\u0101 jeb Eiropai svar\u012bgo kop\u012bgo intere\u0161u projektos.<\/p>\n<p>Tikm\u0113r likuma varas stiprin\u0101\u0161anai moderniz\u0113ta Valsts ie\u0146\u0113mumu dienesta risku p\u0101rvald\u012bbas un anal\u012bzes metodolo\u0123ija, izveidota jauna nodok\u013cu maks\u0101t\u0101ju segment\u0101cijas inform\u0101cijas tehnolo\u0123iju (IT) sist\u0113ma, kas integr\u0113ta nodok\u013cu maks\u0101t\u0101ja 360 gr\u0101du anal\u012bz\u0113, uzlabojot risku anal\u012bzes un uzraudz\u012bbas sp\u0113jas. Savuk\u0101rt Kundzi\u0146sal\u0101 sa\u0146emta b\u016bvat\u013cauja kontroles dienestu infrastrukt\u016bras izveidei, paredzot vienotu muitas, nodok\u013cu un citu uzraudz\u012bbas dienestu funkciju nodro\u0161in\u0101\u0161anu kravu kontrolei. T\u0101pat izveidots noziedz\u012bgi ieg\u016btu l\u012bdzek\u013cu legaliz\u0101cijas nov\u0113r\u0161anas inov\u0101ciju centrs, nodro\u0161inot sadarb\u012bbas platformu finan\u0161u izl\u016bko\u0161anai un zin\u0101\u0161anu apmai\u0146ai.<\/p>\n<p>Jau zi\u0146ots, ka atbilsto\u0161i EK pras\u012bb\u0101m katrai dal\u012bbvalstij noteiktos termi\u0146os ir j\u0101iesniedz maks\u0101jumu piepras\u012bjumi. Piepras\u012btais maks\u0101jums tiek ieskait\u012bts valsts bud\u017eet\u0101 ar nosac\u012bjumu, ja izpild\u012bti un sasniegti konkr\u0113ti AF pl\u0101n\u0101 noteikti m\u0113r\u0137i un r\u0101d\u012bt\u0101ji gan reformu, gan invest\u012bciju veid\u0101.<\/p>\n<p>Nosl\u0113dzo\u0161ais maks\u0101juma piepras\u012bjums par 503,7 miljoniem eiro sa\u0146em\u0161anai bud\u017eet\u0101 Latvijai j\u0101iesniedz l\u012bdz 2026. gada septembra beig\u0101m.<\/p>\n","protected":false},"excerpt":{"rendered":"Vesel\u012bbas jom\u0101 apstiprin\u0101ta Latvijas iedz\u012bvot\u0101ju genoma references izveide un ieviesta vienota metodolo\u0123isk\u0101 vad\u012bba onkolo\u0123ijas apr\u016bp\u0113. Medic\u012bnas un vesel\u012bbas&hellip;\n","protected":false},"author":2,"featured_media":89832,"comment_status":"","ping_status":"","sticky":false,"template":"","format":"standard","meta":{"footnotes":""},"categories":[12],"tags":[23,28,29,512,32,33,333,22,30,31,35,39,38,36,37,34,40,20,26,27,24,25,21],"class_list":{"0":"post-89831","1":"post","2":"type-post","3":"status-publish","4":"format-standard","5":"has-post-thumbnail","7":"category-latvija","8":"tag-aktualitates","9":"tag-breaking-news","10":"tag-breakingnews","11":"tag-eiropas-komisija","12":"tag-featured-news","13":"tag-featurednews","14":"tag-finansejums","15":"tag-headlines","16":"tag-latest-news","17":"tag-latestnews","18":"tag-latvia","19":"tag-latvian","20":"tag-latviesu","21":"tag-latviesu-valoda","22":"tag-latviesuvaloda","23":"tag-latvija","24":"tag-lv","25":"tag-news","26":"tag-popularakas-zinas","27":"tag-popularakaszinas","28":"tag-top-stories","29":"tag-topstories","30":"tag-zinas"},"share_on_mastodon":{"url":"https:\/\/pubeurope.com\/@lv\/115808242494694986","error":""},"_links":{"self":[{"href":"https:\/\/www.europesays.com\/lv\/wp-json\/wp\/v2\/posts\/89831","targetHints":{"allow":["GET"]}}],"collection":[{"href":"https:\/\/www.europesays.com\/lv\/wp-json\/wp\/v2\/posts"}],"about":[{"href":"https:\/\/www.europesays.com\/lv\/wp-json\/wp\/v2\/types\/post"}],"author":[{"embeddable":true,"href":"https:\/\/www.europesays.com\/lv\/wp-json\/wp\/v2\/users\/2"}],"replies":[{"embeddable":true,"href":"https:\/\/www.europesays.com\/lv\/wp-json\/wp\/v2\/comments?post=89831"}],"version-history":[{"count":0,"href":"https:\/\/www.europesays.com\/lv\/wp-json\/wp\/v2\/posts\/89831\/revisions"}],"wp:featuredmedia":[{"embeddable":true,"href":"https:\/\/www.europesays.com\/lv\/wp-json\/wp\/v2\/media\/89832"}],"wp:attachment":[{"href":"https:\/\/www.europesays.com\/lv\/wp-json\/wp\/v2\/media?parent=89831"}],"wp:term":[{"taxonomy":"category","embeddable":true,"href":"https:\/\/www.europesays.com\/lv\/wp-json\/wp\/v2\/categories?post=89831"},{"taxonomy":"post_tag","embeddable":true,"href":"https:\/\/www.europesays.com\/lv\/wp-json\/wp\/v2\/tags?post=89831"}],"curies":[{"name":"wp","href":"https:\/\/api.w.org\/{rel}","templated":true}]}}