{"id":89839,"date":"2025-12-30T11:23:07","date_gmt":"2025-12-30T11:23:07","guid":{"rendered":"https:\/\/www.europesays.com\/lv\/89839\/"},"modified":"2025-12-30T11:23:07","modified_gmt":"2025-12-30T11:23:07","slug":"2026-gada-pieaugs-finansialais-atbalsts-audzugimenem","status":"publish","type":"post","link":"https:\/\/www.europesays.com\/lv\/89839\/","title":{"rendered":"2026. gad\u0101 pieaugs finansi\u0101lais atbalsts aud\u017eu\u0123imen\u0113m"},"content":{"rendered":"<p>No 2026. gada tiks paaugstin\u0101ts aud\u017eu\u0123imen\u0113m, tai skait\u0101 specializ\u0113taj\u0101m aud\u017eu\u0123imen\u0113m, paredz\u0113tais pabalsts un atl\u012bdz\u012bba. <\/p>\n<p>Izmai\u0146as paredz <a href=\"https:\/\/likumi.lv\/ta\/id\/365445-grozijumi-ministru-kabineta-2018-gada-26-junija-noteikumos-nr354-audzugimenes-noteikumi\" target=\"_blank\" rel=\"nofollow noopener\">groz\u012bjumi Ministru kabineta (MK) noteikumos Nr.\u00a0354 \u201cAud\u017eu\u0123imenes noteikumi\u201d<\/a> un <a href=\"https:\/\/likumi.lv\/ta\/id\/365445-grozijumi-ministru-kabineta-2018-gada-26-junija-noteikumos-nr-354-audzugimenes-noteikumi-\" target=\"_blank\" rel=\"nofollow noopener\">groz\u012bjumi MK\u00a0noteikumos Nr. 1549 \u201cK\u0101rt\u012bba, k\u0101d\u0101 pie\u0161\u0137ir un izmaks\u0101 atl\u012bdz\u012bbu par aud\u017eu\u0123imenes pien\u0101kumu pild\u012b\u0161anu\u201d<\/a>, kas st\u0101jas sp\u0113k\u0101 2026.\u00a0gada\u00a01.\u00a0janv\u0101r\u012b.<a id=\"a1\"\/> <\/p>\n<p>Pabalsts aud\u017eu\u0123imen\u0113 ievietota b\u0113rna uzturam piesaist\u012bts minim\u0101l\u0101s algas apm\u0113ram<\/p>\n<p>Lai veicin\u0101tu \u0101rpus\u0123imenes apr\u016bp\u0113 eso\u0161o b\u0113rnu iesp\u0113jas uzaugt \u0123imenisk\u0101 vid\u0113, turpm\u0101k aud\u017eu\u0123imen\u0113 ievietota b\u0113rna uzturam paredz\u0113t\u0101 pabalsta apm\u0113rs tiks piesaist\u012bts noteiktiem procentiem \u2013 50% vai 60% \u2013 no minim\u0101l\u0101s algas valst\u012b.<\/p>\n<p>2026. gad\u0101 minim\u0101l\u0101s algas apm\u0113rs b\u016bs 780 eiro m\u0113nes\u012b. Tas noz\u012bm\u0113, ka no 2026.\u00a0gada\u00a01.\u00a0janv\u0101ra pabalsts aud\u017eu\u0123imen\u0113 ievietota b\u0113rna uzturam b\u016bs \u0161\u0101ds: <\/p>\n<ul>&#13;<\/p>\n<li>par b\u0113rnu l\u012bdz septi\u0146u gadu vecuma sasnieg\u0161anai \u2013 50%\u00a0apm\u0113r\u0101 no valst\u012b noteikt\u0101s minim\u0101l\u0101s m\u0113ne\u0161a darba algas jeb 390\u00a0eiro m\u0113nes\u012b (iepriek\u0161 \u2013 215\u00a0eiro);<\/li>\n<p>&#13;<\/p>\n<li>par b\u0113rnu vecum\u0101 no septi\u0146iem gadiem \u2013 60%\u00a0apm\u0113r\u0101 no valst\u012b noteikt\u0101s minim\u0101l\u0101s m\u0113ne\u0161a darba algas jeb 468\u00a0eiro m\u0113nes\u012b (iepriek\u0161 \u2013 258\u00a0eiro).<\/li>\n<p>&#13;\n<\/ul>\n<p>T\u0101 k\u0101 pabalsta izmaksu veic pa\u0161vald\u012bba, groz\u012bjumos main\u012bta \u0161im pas\u0101kumam paredz\u0113t\u0101s m\u0113r\u0137dot\u0101cijas noteik\u0161anas k\u0101rt\u012bba, kompens\u0113jot pa\u0161vald\u012bbas izdevumu pieaugumu.<a id=\"a2\"\/> <\/p>\n<p>Atbalsts specializ\u0113taj\u0101m aud\u017eu\u0123imen\u0113m tiks sasaist\u012bts ar aktu\u0101lo minim\u0101l\u0101s algas apm\u0113ru<\/p>\n<p>Lai veicin\u0101tu b\u0113rnu lab\u0101ko intere\u0161u nodro\u0161in\u0101\u0161anu \u0123imenisk\u0101 vid\u0113 un b\u0113rnu p\u0101reju no institucion\u0101l\u0101s apr\u016bpes uz \u0123imenisku vidi, ko nodro\u0161ina specializ\u0113t\u0101s aud\u017eu\u0123imenes (kr\u012bzes aud\u017eu\u0123imene un aud\u017eu\u0123imene b\u0113rnam ar smagiem funkcion\u0101liem trauc\u0113jumiem), p\u0101rskat\u012bts atl\u012bdz\u012bbas apm\u0113rs par specializ\u0113t\u0101s aud\u017eu\u0123imenes pien\u0101kumu pild\u012b\u0161anu. <\/p>\n<p>Turpm\u0101k atl\u012bdz\u012bbas apm\u0113ra specializ\u0113tajai aud\u017eu\u0123imenei apr\u0113\u0137ina formul\u0101 tiks izmantots aktu\u0101lais minim\u0101l\u0101s algas apm\u0113rs valst\u012b, nevis fiks\u0113ta summa, k\u0101 tas bija l\u012bdz \u0161im. \u00a0<\/p>\n<p>J\u0101piebilst, ka \u0161is atbalsts minim\u0101lajai m\u0113ne\u0161algai tika piesaist\u012bts jau 2018.\u00a0gad\u0101, nosakot to divu m\u0113ne\u0161algu apm\u0113r\u0101 jeb 860\u00a0eiro m\u0113nes\u012b. Tom\u0113r kop\u0161 2018.\u00a0gada min\u0113t\u0101 summa netika celta, t.\u00a0i., t\u0101 netika piem\u0113rota izmai\u0146\u0101m minim\u0101laj\u0101 m\u0113ne\u0161alg\u0101. <\/p>\n<p>L\u012bdz ar to groz\u012bjumi MK noteikumos paredz, ka no 2026. gada 1. janv\u0101ra pabalsta apm\u0113rs tiks piel\u012bdzin\u0101ts aktu\u0101lajam minim\u0101l\u0101s m\u0113ne\u0161algas apm\u0113ram, proti, 2026.\u00a0gad\u0101 tas sasniegs 1560\u00a0eiro m\u0113nes\u012b. <\/p>\n<p>Kr\u012bzes aud\u017eu\u0123imenei atl\u012bdz\u012bbu par specializ\u0113t\u0101s aud\u017eu\u0123imenes pien\u0101kumu pild\u012b\u0161anu pie\u0161\u0137ir un izmaks\u0101, s\u0101kot ar dienu, kad b\u0113rns ar b\u0101ri\u0146tiesas l\u0113mumu par b\u0113rna ievieto\u0161anu kr\u012bzes aud\u017eu\u0123imen\u0113 vai policijas l\u0113mumu par b\u0113rna \u0161\u0137ir\u0161anu no \u0123imenes ievietots kr\u012bzes aud\u017eu\u0123imen\u0113. Kr\u012bzes aud\u017eu\u0123imene konkr\u0113to atl\u012bdz\u012bbu turpina sa\u0146emt n\u0101kamos tr\u012bs kalend\u0101ra m\u0113ne\u0161us p\u0113c kalend\u0101ra m\u0113ne\u0161a, kur\u0101 izbeigta b\u0113rna uztur\u0113\u0161an\u0101s aud\u017eu\u0123imen\u0113, iz\u0146emot gad\u012bjumu, ja tai tiek at\u0146emts kr\u012bzes aud\u017eu\u0123imenes statuss.<\/p>\n<p>Savuk\u0101rt aud\u017eu\u0123imenei b\u0113rnam ar smagiem funkcion\u0101liem trauc\u0113jumiem atl\u012bdz\u012bbu par specializ\u0113t\u0101s aud\u017eu\u0123imenes pien\u0101kumu pild\u012b\u0161anu pie\u0161\u0137ir un izmaks\u0101, s\u0101kot ar dienu, kad b\u0101ri\u0146tiesa ir pie\u0146\u0113musi l\u0113mumu par b\u0113rna ievieto\u0161anu specializ\u0113taj\u0101 aud\u017eu\u0123imen\u0113, l\u012bdz br\u012bdim, kad tiek izbeigta b\u0113rna uztur\u0113\u0161an\u0101s specializ\u0113taj\u0101 aud\u017eu\u0123imen\u0113.<a id=\"a3\"\/><\/p>\n<p>Atl\u012bdz\u012bba par aud\u017eu\u0123imenes pien\u0101kumu pild\u012b\u0161anu vairs netiks sasaist\u012bta ar b\u0113rna kop\u0161anas pabalsta apm\u0113ru<\/p>\n<p>L\u012bdz \u0161im sp\u0113k\u0101 eso\u0161ais regul\u0113jums noteica, ka par vienu aud\u017eu\u0123imen\u0113 ievietoto b\u0113rnu atl\u012bdz\u012bbas apm\u0113rs par aud\u017eu\u0123imenes pien\u0101kumu pild\u012b\u0161anu m\u0113nes\u012b ir vien\u0101ds ar b\u0113rna kop\u0161anas pabalsta apm\u0113ru personai, kura kopj b\u0113rnu vecum\u0101 l\u012bdz pusotram gadam jeb 171\u00a0eiro\u00a0m\u0113nes\u012b. Ja aud\u017eu\u0123imen\u0113 ir ievietoti divi b\u0113rni, atl\u012bdz\u012bbas apm\u0113ram piem\u0113roja koeficientu\u00a01,3, ja tr\u012bs un vair\u0101k b\u0113rnu \u2013 koeficientu\u00a01,6. <\/p>\n<p>Groz\u012bjumi MK noteikumos paredz, ka turpm\u0101k atl\u012bdz\u012bbas apm\u0113rs vairs netiks sasaist\u012bts ar b\u0113rna kop\u0161anas pabalsta apm\u0113ru, bet tiks noteikts 35%\u00a0apm\u0113r\u0101 no Centr\u0101l\u0101s statistikas p\u0101rvaldes\u00a0(CSP) public\u0113t\u0101s minim\u0101lo ien\u0101kumu medi\u0101nas uz vienu ekvivalento pat\u0113r\u0113t\u0101ju m\u0113nes\u012b. Turpret\u012b koeficienti par divu un tr\u012bs b\u0113rnu apr\u016bpi tiks saglab\u0101ti, bet par liel\u0101ka b\u0113rnu skaita apr\u016bpi noteikti jauni koeficienti. <\/p>\n<p>Aktu\u0101lo ien\u0101kumu medi\u0101nu\u00a0CSP <a href=\"https:\/\/data.stat.gov.lv\/pxweb\/lv\/OSP_PUB\/START__POP__NN__NNM\/NNM080\" target=\"_blank\" rel=\"nofollow noopener\">public\u0113<\/a> l\u012bdz 1.\u00a0febru\u0101rim. Piem\u0113ram, 2026.\u00a0gad\u0101 minim\u0101lo ien\u0101kumu l\u012bmeni r\u0113\u0137in\u0101s no 2023.\u00a0gada minim\u0101l\u0101s ien\u0101kumu medi\u0101nas \u2013 850,02\u00a0eiro.<\/p>\n<p>\u0145emot v\u0113r\u0101 iepriek\u0161 min\u0113to, no 2026. gada atl\u012bdz\u012bbas apm\u0113rs par aud\u017eu\u0123imenes pien\u0101kumu pild\u012b\u0161anu noteikts: <\/p>\n<ul>&#13;<\/p>\n<li>par vienu aud\u017eu\u0123imen\u0113 ievietoto b\u0113rnu \u2013 35% (noapa\u013cots l\u012bdz pilniem\u00a0eiro)\u00a0no minim\u0101lo ien\u0101kumu medi\u0101nas jeb 298\u00a0eiro m\u0113nes\u012b (iepriek\u0161 \u2013 171\u00a0eiro);<\/li>\n<p>&#13;<\/p>\n<li>par diviem b\u0113rniem \u2013 koeficients 1,3, atl\u012bdz\u012bbas apm\u0113ram sasniedzot 387,40\u00a0eiro m\u0113nes\u012b (iepriek\u0161 \u2013 222,30\u00a0eiro);<\/li>\n<p>&#13;<\/p>\n<li>par trim b\u0113rniem \u2013 koeficients 1,6, atl\u012bdz\u012bbas apm\u0113ram sasniedzot 476,80\u00a0eiro m\u0113nes\u012b (iepriek\u0161 \u2013 273,60\u00a0eiro);<\/li>\n<p>&#13;<\/p>\n<li>par \u010detriem b\u0113rniem \u2013 koeficients 1,7, atl\u012bdz\u012bbas apm\u0113ram sasniedzot 506,60\u00a0eiro m\u0113nes\u012b (iepriek\u0161 \u2013 273,60\u00a0eiro);<\/li>\n<p>&#13;<\/p>\n<li>par pieciem b\u0113rniem \u2013 koeficients 1,8, atl\u012bdz\u012bbas apm\u0113ram sasniedzot 536,40\u00a0eiro m\u0113nes\u012b (iepriek\u0161 \u2013 273,60\u00a0eiro);<\/li>\n<p>&#13;<\/p>\n<li>par se\u0161iem un vair\u0101k b\u0113rnu \u2013 koeficients 1,9, atl\u012bdz\u012bbas apm\u0113ram sasniedzot 566,20\u00a0eiro m\u0113nes\u012b (iepriek\u0161 \u2013 273,60\u00a0eiro).<\/li>\n<p>&#13;\n<\/ul>\n<p>Paredz\u0113ts, ka atl\u012bdz\u012bbas apm\u0113rs tiks p\u0101rr\u0113\u0137in\u0101ts reizi divos gados, \u0146emot v\u0113r\u0101 aktu\u0101lo ien\u0101kumu medi\u0101nu. Ja p\u0101rr\u0113\u0137ina gad\u0101 piem\u0113rojam\u0101 ien\u0101kumu medi\u0101na nemain\u0101s vai samazin\u0101s, atl\u012bdz\u012bba saglab\u0101jas iepriek\u0161 noteiktaj\u0101 apm\u0113r\u0101.<\/p>\n<p><img decoding=\"async\" src=\"https:\/\/www.europesays.com\/lv\/wp-content\/uploads\/2025\/12\/76FAAYMO7.PNG\" alt=\"\"\/><\/p>\n<p>UZZI\u0145AI<\/p>\n<p>MK noteikumu anot\u0101cij\u0101 apkopot\u0101 b\u0101ri\u0146tiesu statistika liecina, ka 2024.\u00a0gad\u0101 \u0101rpus\u0123imenes apr\u016bp\u0113 bija 5341 b\u0113rns (2023. gad\u0101 \u2013 5286). P\u0113d\u0113jo gadu laik\u0101 v\u0113rojams b\u0113rnu skaita pieaugums \u0101rpus\u0123imenes apr\u016bpes iest\u0101d\u0113s (2023. gad\u0101 \u2013 518, 2024. gad\u0101 \u2013 568), vienlaikus samazin\u0101s aud\u017eu\u0123ime\u0146u skaits (2023. gad\u0101 \u2013 709, 2024. gad\u0101 \u2013 686).<\/p>\n","protected":false},"excerpt":{"rendered":"No 2026. gada tiks paaugstin\u0101ts aud\u017eu\u0123imen\u0113m, tai skait\u0101 specializ\u0113taj\u0101m aud\u017eu\u0123imen\u0113m, paredz\u0113tais pabalsts un atl\u012bdz\u012bba. Izmai\u0146as paredz groz\u012bjumi Ministru&hellip;\n","protected":false},"author":2,"featured_media":89840,"comment_status":"","ping_status":"","sticky":false,"template":"","format":"standard","meta":{"footnotes":""},"categories":[12],"tags":[23,28,29,32,33,22,30,31,35,39,38,36,37,34,40,20,26,27,24,25,21],"class_list":{"0":"post-89839","1":"post","2":"type-post","3":"status-publish","4":"format-standard","5":"has-post-thumbnail","7":"category-latvija","8":"tag-aktualitates","9":"tag-breaking-news","10":"tag-breakingnews","11":"tag-featured-news","12":"tag-featurednews","13":"tag-headlines","14":"tag-latest-news","15":"tag-latestnews","16":"tag-latvia","17":"tag-latvian","18":"tag-latviesu","19":"tag-latviesu-valoda","20":"tag-latviesuvaloda","21":"tag-latvija","22":"tag-lv","23":"tag-news","24":"tag-popularakas-zinas","25":"tag-popularakaszinas","26":"tag-top-stories","27":"tag-topstories","28":"tag-zinas"},"share_on_mastodon":{"url":"https:\/\/pubeurope.com\/@lv\/115808266042173241","error":""},"_links":{"self":[{"href":"https:\/\/www.europesays.com\/lv\/wp-json\/wp\/v2\/posts\/89839","targetHints":{"allow":["GET"]}}],"collection":[{"href":"https:\/\/www.europesays.com\/lv\/wp-json\/wp\/v2\/posts"}],"about":[{"href":"https:\/\/www.europesays.com\/lv\/wp-json\/wp\/v2\/types\/post"}],"author":[{"embeddable":true,"href":"https:\/\/www.europesays.com\/lv\/wp-json\/wp\/v2\/users\/2"}],"replies":[{"embeddable":true,"href":"https:\/\/www.europesays.com\/lv\/wp-json\/wp\/v2\/comments?post=89839"}],"version-history":[{"count":0,"href":"https:\/\/www.europesays.com\/lv\/wp-json\/wp\/v2\/posts\/89839\/revisions"}],"wp:featuredmedia":[{"embeddable":true,"href":"https:\/\/www.europesays.com\/lv\/wp-json\/wp\/v2\/media\/89840"}],"wp:attachment":[{"href":"https:\/\/www.europesays.com\/lv\/wp-json\/wp\/v2\/media?parent=89839"}],"wp:term":[{"taxonomy":"category","embeddable":true,"href":"https:\/\/www.europesays.com\/lv\/wp-json\/wp\/v2\/categories?post=89839"},{"taxonomy":"post_tag","embeddable":true,"href":"https:\/\/www.europesays.com\/lv\/wp-json\/wp\/v2\/tags?post=89839"}],"curies":[{"name":"wp","href":"https:\/\/api.w.org\/{rel}","templated":true}]}}