{"id":89845,"date":"2025-12-30T11:28:10","date_gmt":"2025-12-30T11:28:10","guid":{"rendered":"https:\/\/www.europesays.com\/lv\/89845\/"},"modified":"2025-12-30T11:28:10","modified_gmt":"2025-12-30T11:28:10","slug":"azerbaidzana-aicina-savus-pilsonus-neiesaistities-neviena-puse","status":"publish","type":"post","link":"https:\/\/www.europesays.com\/lv\/89845\/","title":{"rendered":"Azerbaid\u017e\u0101na aicina savus pilso\u0146us neiesaist\u012bties nevien\u0101 pus\u0113"},"content":{"rendered":"<p>Azerbaid\u017e\u0101na ir apstiprin\u0101jusi, ka t\u0101s pilso\u0146i c\u012bn\u0101s Ukrain\u0101 ab\u0101s frontes pus\u0113s.<\/p>\n<p>\u0122ener\u0101lprokurat\u016bra pazi\u0146oja, ka par\u0101d\u0101s &#8220;fakti par vair\u0101ku Azerbaid\u017e\u0101nas pilso\u0146u dal\u012bbu&#8221; &#8220;milit\u0101raj\u0101s oper\u0101cij\u0101s starp Krieviju un Ukrainu, k\u0101 ar\u012b citos bru\u0146otos konfliktos&#8221;. &#8220;M\u0113s ar skumj\u0101m atz\u012bm\u0113jam, ka starp boj\u0101g\u0101ju\u0161ajiem, smagi ievainotajiem un sag\u016bst\u012btajiem \u0161o milit\u0101ro oper\u0101ciju rezult\u0101t\u0101 ir ar\u012b m\u016bsu pilso\u0146i,&#8221; teikts \u0123ener\u0101lprokurat\u016bras pazi\u0146ojum\u0101.<\/p>\n<p>T\u0101 atg\u0101din\u0101ja, ka Azerbaid\u017e\u0101nas Krimin\u0101lkodeks\u0101 ir pants par algot\u0146iem, kas paredz br\u012bv\u012bbas at\u0146em\u0161anu no asto\u0146iem gadiem l\u012bdz m\u016b\u017ea ieslodz\u012bjumam. Pret vair\u0101kiem pilso\u0146iem jau ir ierosin\u0101tas krimin\u0101llietas saska\u0146\u0101 ar \u0161o pantu, un notiek izmekl\u0113\u0161ana. Nav preciz\u0113ts, vai \u0161ie azerbaid\u017e\u0101\u0146i ir karoju\u0161i Ukrain\u0101 un cik daudz vi\u0146u ir.<\/p>\n<p>&#8220;M\u0113s aicin\u0101m m\u016bsu pilso\u0146us saglab\u0101t modr\u012bbu, nepak\u013cauties nelikum\u012bgiem aicin\u0101jumiem un iev\u0113rot m\u016bsu valsts likumus,&#8221; rezum\u0113ja \u0123ener\u0101lprokurat\u016bra.<\/p>\n<p>Nav prec\u012bzu datu par Azerbaid\u017e\u0101nas pilso\u0146u dal\u012bbu kar\u0101 Ukrain\u0101. 2023. gada maij\u0101 pie Ukrainas v\u0113stniec\u012bbas Baku \u017eoga tika atkl\u0101ta &#8220;piemi\u0146as siena&#8221; &#8211; pl\u0101ksne ar Ukrainas bru\u0146oto sp\u0113ku pus\u0113 karoju\u0161o un front\u0113 kritu\u0161o azerbaid\u017e\u0101\u0146u fotogr\u0101fij\u0101m. Atkl\u0101\u0161anas ceremonij\u0101 piedal\u012bj\u0101s kritu\u0161o m\u0101tes. Atkl\u0101\u0161anas br\u012bd\u012b tur bija 26 v\u0101rdi.<\/p>\n<p>Port\u0101ls &#8220;Media.az&#8221; \u0161ogad apr\u012bl\u012b rakst\u012bja, ka divi azerbaid\u017e\u0101\u0146i Sa\u0146ans Mohsumovs un Huseins Isajevs ir kritu\u0161i da\u017e\u0101d\u0101s frontes pus\u0113s Ukrain\u0101. Isajevs tika iesaukts Krievijas bru\u0146otajos sp\u0113kos no cietuma, kur vi\u0146\u0161 bija ieslodz\u012bts par slepkav\u012bbu.<\/p>\n","protected":false},"excerpt":{"rendered":"Azerbaid\u017e\u0101na ir apstiprin\u0101jusi, ka t\u0101s pilso\u0146i c\u012bn\u0101s Ukrain\u0101 ab\u0101s frontes pus\u0113s. \u0122ener\u0101lprokurat\u016bra pazi\u0146oja, ka par\u0101d\u0101s &#8220;fakti par vair\u0101ku&hellip;\n","protected":false},"author":2,"featured_media":89778,"comment_status":"","ping_status":"","sticky":false,"template":"","format":"standard","meta":{"footnotes":""},"categories":[14],"tags":[23,57,28,29,32,33,22,74,30,31,35,39,38,36,37,34,40,20,26,27,24,25,54,55,56,21,58],"class_list":{"0":"post-89845","1":"post","2":"type-post","3":"status-publish","4":"format-standard","5":"has-post-thumbnail","7":"category-zinas-no-arvalstim","8":"tag-aktualitates","9":"tag-arvalstim","10":"tag-breaking-news","11":"tag-breakingnews","12":"tag-featured-news","13":"tag-featurednews","14":"tag-headlines","15":"tag-krievijas-iebrukums-ukraina","16":"tag-latest-news","17":"tag-latestnews","18":"tag-latvia","19":"tag-latvian","20":"tag-latviesu","21":"tag-latviesu-valoda","22":"tag-latviesuvaloda","23":"tag-latvija","24":"tag-lv","25":"tag-news","26":"tag-popularakas-zinas","27":"tag-popularakaszinas","28":"tag-top-stories","29":"tag-topstories","30":"tag-world","31":"tag-world-news","32":"tag-worldnews","33":"tag-zinas","34":"tag-zinas-no-arvalstim"},"share_on_mastodon":{"url":"https:\/\/pubeurope.com\/@lv\/115808285756552674","error":""},"_links":{"self":[{"href":"https:\/\/www.europesays.com\/lv\/wp-json\/wp\/v2\/posts\/89845","targetHints":{"allow":["GET"]}}],"collection":[{"href":"https:\/\/www.europesays.com\/lv\/wp-json\/wp\/v2\/posts"}],"about":[{"href":"https:\/\/www.europesays.com\/lv\/wp-json\/wp\/v2\/types\/post"}],"author":[{"embeddable":true,"href":"https:\/\/www.europesays.com\/lv\/wp-json\/wp\/v2\/users\/2"}],"replies":[{"embeddable":true,"href":"https:\/\/www.europesays.com\/lv\/wp-json\/wp\/v2\/comments?post=89845"}],"version-history":[{"count":0,"href":"https:\/\/www.europesays.com\/lv\/wp-json\/wp\/v2\/posts\/89845\/revisions"}],"wp:featuredmedia":[{"embeddable":true,"href":"https:\/\/www.europesays.com\/lv\/wp-json\/wp\/v2\/media\/89778"}],"wp:attachment":[{"href":"https:\/\/www.europesays.com\/lv\/wp-json\/wp\/v2\/media?parent=89845"}],"wp:term":[{"taxonomy":"category","embeddable":true,"href":"https:\/\/www.europesays.com\/lv\/wp-json\/wp\/v2\/categories?post=89845"},{"taxonomy":"post_tag","embeddable":true,"href":"https:\/\/www.europesays.com\/lv\/wp-json\/wp\/v2\/tags?post=89845"}],"curies":[{"name":"wp","href":"https:\/\/api.w.org\/{rel}","templated":true}]}}