{"id":89851,"date":"2025-12-30T11:32:08","date_gmt":"2025-12-30T11:32:08","guid":{"rendered":"https:\/\/www.europesays.com\/lv\/89851\/"},"modified":"2025-12-30T11:32:08","modified_gmt":"2025-12-30T11:32:08","slug":"jlss-sorttrekistiem-latvijas-cempionata-11-medalas","status":"publish","type":"post","link":"https:\/\/www.europesays.com\/lv\/89851\/","title":{"rendered":"JLSS \u0161orttrekistiem Latvijas \u010dempion\u0101t\u0101 11 meda\u013cas"},"content":{"rendered":"<p>JLSS \u0161orttrekistiem Latvijas \u010dempion\u0101t\u0101 11 meda\u013cas<\/p>\n<p>Aizvad\u012bts Latvijas \u010dempion\u0101ts \u0161orttrek\u0101, kur\u0101 Jelgavas Ledus sporta skolas (JLSS) audz\u0113k\u0146i izc\u012bn\u012bja 11 meda\u013cas \u2013 piecas zelta, \u010detras sudraba un divas bronzas.<\/p>\n<p>Latvijas \u010dempion\u0101t\u0101 start\u0113 sportisti no 12 gadu vecuma. JLSS p\u0101rst\u0101v\u0113ja 13 \u0161orttrekisti. \u201cKopum\u0101 starti tika aizvad\u012bti \u013coti veiksm\u012bgi, tika ieguld\u012bts liels darbs sagatavo\u0161an\u0101s proces\u0101. Par Latvijas \u010dempioniem piec\u0101s no asto\u0146\u0101m grup\u0101m k\u013cuva tie\u0161i m\u016bsu sportisti. Jaun\u0101kie sportisti start\u0113ja sacens\u012bb\u0101s \u201cZiemassv\u0113tku balva\u201d, kur uzvar\u0113ja se\u0161\u0101s no devi\u0146\u0101m grup\u0101m. \u0160obr\u012bd esam att\u012bst\u012bju\u0161i labi konkur\u0113jo\u0161u l\u012bmeni vis\u0101s vecuma grup\u0101s,\u201d rezum\u0113 JLSS treneris Endijs V\u012bgants.<\/p>\n<p>Vis\u0101s vecuma grup\u0101s sportisti veica tr\u012bs da\u017e\u0101da garuma distances. Summ\u0113jot rezult\u0101tus, tika noteikts gal\u012bgais vietu sadal\u012bjums. Latvijas \u010dempion\u0101t\u0101 senioriem 1. vietu izc\u012bn\u012bja M\u0101ris J\u0101nis \u0160ternmanis. Junioru A grup\u0101 1. vieta Linardam Reinim Laiz\u0101nam, 2. vieta \u2013 R\u016bdolfam \u0160ternmanim un Madarai Ginterei. Junioru C grup\u0101 uzvar\u0113ja Nora Sloka. Junioru D grup\u0101 gan z\u0113niem, gan meiten\u0113m viss pjedest\u0101ls ar JLSS audz\u0113k\u0146iem: 1. vieta Haraldam Ingum Laiz\u0101nam un Samantai Kurs\u012btei, 2. vieta Ralfam Stopi\u0146am un Beatrisei Danovskai, 3. vieta Mihailam Novikovam un Adrijai Lillajai.<\/p>\n<p>Sacens\u012bb\u0101s \u201cZiemassv\u0113tku balva\u201d start\u0113ja sportisti l\u012bdz 13 gadu vecumam, ieskaitot ies\u0101c\u0113jus, kas slidoja ar hokeja slid\u0101m. Ies\u0101c\u0113ju grup\u0101 uzvar\u0113ja Armands Danovskis. Junioru G grup\u0101 uzvar\u0113ja Una Brice un Pio Vingris. Junioru F grup\u0101 2. vietu izc\u012bn\u012bja Rodrigo J\u0101nis Letinskis. Junioru E grup\u0101 uzvar\u0113ja Elza Gud\u013cevska, 2. vieta Evertam Egl\u012btim, 3. vieta \u0100ronam \u0136empelim. Junioru D grup\u0101 ar\u012b te gan z\u0113nu, gan meite\u0146u konkurenc\u0113 viss pjedest\u0101ls ar JLSS audz\u0113k\u0146iem: 1. vieta Haraldam Ingum Laiz\u0101nam un Samantai Kurs\u012btei, 2. vieta Ralfam Stopi\u0146am un Beatrisei Danovskai, 3. vieta Mihailam Novikovam un Adrijai Lillajai.<\/p>\n","protected":false},"excerpt":{"rendered":"JLSS \u0161orttrekistiem Latvijas \u010dempion\u0101t\u0101 11 meda\u013cas Aizvad\u012bts Latvijas \u010dempion\u0101ts \u0161orttrek\u0101, kur\u0101 Jelgavas Ledus sporta skolas (JLSS) audz\u0113k\u0146i izc\u012bn\u012bja&hellip;\n","protected":false},"author":2,"featured_media":89852,"comment_status":"","ping_status":"","sticky":false,"template":"","format":"standard","meta":{"footnotes":""},"categories":[17],"tags":[35,39,38,36,37,34,40,67],"class_list":{"0":"post-89851","1":"post","2":"type-post","3":"status-publish","4":"format-standard","5":"has-post-thumbnail","7":"category-sports","8":"tag-latvia","9":"tag-latvian","10":"tag-latviesu","11":"tag-latviesu-valoda","12":"tag-latviesuvaloda","13":"tag-latvija","14":"tag-lv","15":"tag-sports"},"share_on_mastodon":{"url":"https:\/\/pubeurope.com\/@lv\/115808301379735180","error":""},"_links":{"self":[{"href":"https:\/\/www.europesays.com\/lv\/wp-json\/wp\/v2\/posts\/89851","targetHints":{"allow":["GET"]}}],"collection":[{"href":"https:\/\/www.europesays.com\/lv\/wp-json\/wp\/v2\/posts"}],"about":[{"href":"https:\/\/www.europesays.com\/lv\/wp-json\/wp\/v2\/types\/post"}],"author":[{"embeddable":true,"href":"https:\/\/www.europesays.com\/lv\/wp-json\/wp\/v2\/users\/2"}],"replies":[{"embeddable":true,"href":"https:\/\/www.europesays.com\/lv\/wp-json\/wp\/v2\/comments?post=89851"}],"version-history":[{"count":0,"href":"https:\/\/www.europesays.com\/lv\/wp-json\/wp\/v2\/posts\/89851\/revisions"}],"wp:featuredmedia":[{"embeddable":true,"href":"https:\/\/www.europesays.com\/lv\/wp-json\/wp\/v2\/media\/89852"}],"wp:attachment":[{"href":"https:\/\/www.europesays.com\/lv\/wp-json\/wp\/v2\/media?parent=89851"}],"wp:term":[{"taxonomy":"category","embeddable":true,"href":"https:\/\/www.europesays.com\/lv\/wp-json\/wp\/v2\/categories?post=89851"},{"taxonomy":"post_tag","embeddable":true,"href":"https:\/\/www.europesays.com\/lv\/wp-json\/wp\/v2\/tags?post=89851"}],"curies":[{"name":"wp","href":"https:\/\/api.w.org\/{rel}","templated":true}]}}