{"id":89857,"date":"2025-12-30T11:36:07","date_gmt":"2025-12-30T11:36:07","guid":{"rendered":"https:\/\/www.europesays.com\/lv\/89857\/"},"modified":"2025-12-30T11:36:07","modified_gmt":"2025-12-30T11:36:07","slug":"no-amata-atsaukta-latgales-vestniecibas-gors-ilggadeja-vaditaja-diana-zirnina-raksts","status":"publish","type":"post","link":"https:\/\/www.europesays.com\/lv\/89857\/","title":{"rendered":"No amata atsaukta Latgales v\u0113stniec\u012bbas \u00abGors\u00bb ilggad\u0113j\u0101 vad\u012bt\u0101ja Di\u0101na Zirni\u0146a \/ Raksts"},"content":{"rendered":"<p>Otrdien, 30. decembr\u012b, notika pa\u0161vald\u012bbas uz\u0146\u0113muma SIA &#8220;Austrumlatvijas koncertz\u0101le&#8221; jeb Latgales v\u0113stniec\u012bbas &#8220;Gors&#8221; dal\u012bbnieku \u0101rk\u0101rtas sapulce, kur\u0101 skat\u012bti jaut\u0101jumi l\u012bdz\u0161in\u0113j\u0101 valdes locek\u013ca atsauk\u0161anu un jauna valdes locek\u013ca iecel\u0161anu amat\u0101. Sapulces laik\u0101 tika pie\u0146emts l\u0113mums no amata atsaukt Di\u0101nu\u00a0Zirni\u0146u, kura bijusi &#8220;Gors&#8221; vad\u012bt\u0101ja kop\u0161 koncertz\u0101les atv\u0113r\u0161anas 2013. gad\u0101, inform\u0113\u00a0R\u0113zeknes valstspils\u0113tas pa\u0161vald\u012bba.\u00a0<\/p>\n<p>Uz\u0146\u0113muma valdes locek\u013ca amat\u0101 tika iecelta Iveta Cipruse, kura pa\u0161laik str\u0101d\u0101 par izpilddirektores vietnieci kapit\u0101lsabiedr\u012bbu p\u0101rraudz\u012bbas jaut\u0101jumos un\u00a0vair\u0101kus gadus bija Audita noda\u013cas vad\u012bt\u0101ja. Ivetai Ciprusei ir izgl\u012bt\u012bba finan\u0161u p\u0101rvald\u012bbas jaut\u0101jumos, pieredze pa\u0161vald\u012bbas administrat\u012bvaj\u0101 darb\u0101, k\u0101 ar\u012b pa\u0161vald\u012bbas un priv\u0101to kapit\u0101lsabiedr\u012bbu vad\u012bb\u0101. \u0160\u0101d\u0101 veid\u0101 iev\u0113l\u0113ta valdes locek\u013ca pilnvaru termi\u0146\u0161 nedr\u012bkst b\u016bt ilg\u0101ks par vienu gadu. Jaunais valdes loceklis veiks pien\u0101kumus l\u012bdz laikam, kad amat\u0101 iecels \u0161o vai citu kandid\u0101tu.\u00a0<\/p>\n<p>Pa\u0161vald\u012bb\u0101 skaidro, ka gan pa\u0161vald\u012bbai, gan pa\u0161am uz\u0146\u0113mumam pa\u0161reiz\u0113jos finan\u0161u apst\u0101k\u013cos (gan pa\u0161vald\u012bbu, gan valsts bud\u017eeta l\u012bdzek\u013cu ierobe\u017eojumu kontekst\u0101) uz\u0146\u0113muma strat\u0113\u0123isko m\u0113r\u0137u sasnieg\u0161anai nepiecie\u0161ama vad\u012bbas pieeja ar izteikt\u0101ku fokusu uz finan\u0161u kontroli, bud\u017eeta pl\u0101no\u0161anu, risku vad\u012bbu un uz biznesa anal\u012btik\u0101 balst\u012btu l\u0113mumu pie\u0146em\u0161anu, t\u0101d\u0113j\u0101di nodro\u0161inot &#8220;Gors&#8221;\u00a0past\u0101v\u0113\u0161anu ilgtermi\u0146\u0101, pas\u0101kumu augstu m\u0101ksliniecisko kvalit\u0101ti un kult\u016bras pakalpojumu pieejam\u012bbu R\u0113zeknes iedz\u012bvot\u0101jiem un viesiem.\u00a0<\/p>\n<blockquote>\n<p>T\u0101d\u0113j\u0101di, kapit\u0101lda\u013cu tur\u0113t\u0101ja ieskat\u0101, uz\u0146\u0113mumam pa\u0161laik nepiecie\u0161ams vad\u012bt\u0101js ar sp\u0113c\u012bg\u0101m kompetenc\u0113m finan\u0161u vad\u012bbas jom\u0101.\u00a0<\/p>\n<\/blockquote>\n<p>Pa\u0161vald\u012bbas domes veiktais\u00a0Latgales v\u0113stniec\u012bbas\u00a0&#8220;Gors&#8221; audits, kas\u00a0rad\u012bja\u00a0neskaidr\u012bbas par koncertz\u0101les n\u0101kotni,\u00a0tika izmantots k\u0101 objekt\u012bvs instruments, lai, pl\u0101nojot bud\u017eetu un analiz\u0113jot uz\u0146\u0113muma darb\u012bbu, balst\u012btos uz faktiem, nevis pie\u0146\u0113mumiem, nor\u0101da pa\u0161vald\u012bba.\u00a0<\/p>\n<p>Koment\u0113jot pie\u0146emto l\u0113mumu, R\u0113zeknes domes priek\u0161s\u0113d\u0113t\u0101js Aleksandrs Barta\u0161evi\u010ds (&#8220;Kop\u0101 Latvijai&#8221;https:\/\/www.lsm.lv\/&#8221;Latvijas pirmaj\u0101 viet\u0101&#8221;) nor\u0101d\u012bja: &#8220;K\u0101 pa\u0161vald\u012bbas vad\u012bt\u0101js es piln\u012bb\u0101 atbalstu izpildvaras l\u0113mumu\u00a0un\u00a0vair\u0101kas reizes esmu akcent\u0113jis, ka mums visiem ir j\u0101saprot, ka &#8220;Gors&#8221; tiek uztur\u0113ts par nodok\u013cu maks\u0101t\u0101ju naudu un mums maksim\u0101li atbild\u012bgi j\u0101r\u012bkojas ar to. Eso\u0161ajos kr\u012bzes apst\u0101k\u013cos mums visiem j\u0101str\u0101d\u0101 vienoti. Diem\u017e\u0113l no pa\u0161as &#8220;Gors&#8221; vad\u012bt\u0101jas esam saskaru\u0161ies ar pretest\u012bbu ce\u013c\u0101 uz efekt\u012bv\u0101ka p\u0101rvald\u012bbas mode\u013ca mekl\u0113\u0161anu.\u00a0<\/p>\n<blockquote>\n<p>V\u0113los uzsv\u0113rt, ka, nem\u0113\u0123inot un neuzdro\u0161inoties mekl\u0113t jaunus risin\u0101jumus, pa\u0161vald\u012bba nekad nesp\u0113s atrast visefekt\u012bv\u0101ko darba modeli. Analiz\u0113jot finan\u0161u datus, redzam, ka koncertz\u0101les izdevumi pieaug, savuk\u0101rt ie\u0146\u0113mumi samazin\u0101s.\u00a0<\/p>\n<\/blockquote>\n<p>Audita secin\u0101jumi nor\u0101da uz augstu uz\u0146\u0113muma atkar\u012bbu no pa\u0161vald\u012bbas finans\u0113juma. T\u0101pat audit\u0101 konstat\u0113ts, ka 2024. gad\u0101 ie\u0146\u0113mumi no pamatdarb\u012bbas samazin\u0101ju\u0161ies par 5,4\u00a0%, kas liecina par darba efektivit\u0101tes izaicin\u0101jumiem. Vienlaikus, apzinoties, ka Latgales v\u0113stniec\u012bba &#8220;Gors&#8221; ir noz\u012bm\u012bgs latvisk\u0101s un latgalisk\u0101s identit\u0101tes centrs, mums j\u0101dom\u0101 par t\u0101 ilgtsp\u0113j\u012bgu past\u0101v\u0113\u0161anu \u2013 finansi\u0101li atbild\u012bg\u0101 un p\u0101rdom\u0101t\u0101 veid\u0101.\u00a0<\/p>\n<p>T\u0101p\u0113c nav saprotams, k\u0101p\u0113c br\u012bd\u012b, kad pa\u0161vald\u012bbu vad\u012bt\u0101ji, tostarp Liep\u0101jas domes priek\u0161s\u0113d\u0113t\u0101js, ir vienispr\u0101tis par nepiecie\u0161am\u012bbu valstij uz\u0146emties akt\u012bv\u0101ku lomu re\u0123ion\u0101lo koncertz\u0101\u013cu uztur\u0113\u0161an\u0101, &#8220;Gors&#8221; bijus\u012b valdes locekle pau\u017e pret\u0113ju viedokli, nor\u0101dot, ka Valsts kult\u016brkapit\u0101la fonda (VKKF) atbalsts esot pietiekams. Ta\u010du pas\u0101kumu apmekl\u0113t\u012bbas dati liecina par publisko l\u012bdzek\u013cu neefekt\u012bvu izmanto\u0161anu, kas noz\u012bm\u0113 tikai vienu \u2013\u00a0to izmaksas sedz pa\u0161vald\u012bba, proti, visi r\u0113zeknie\u0161i.&#8221;\u00a0<\/p>\n<blockquote>\n<p>Janv\u0101ra s\u0101kum\u0101 pa\u0161vald\u012bba turpin\u0101s darbu un aicin\u0101s Kult\u016bras ministriju, k\u0101 ar\u012b citas iesaist\u012bt\u0101s un ieinteres\u0113t\u0101s puses uz cie\u0161u sadarb\u012bbu,\u00a0<\/p>\n<\/blockquote>\n<p>lai kop\u012bgi lemtu par SIA &#8220;Austrumlatvijas koncertz\u0101le&#8221; turpm\u0101ko att\u012bst\u012bbu, ilgtsp\u0113j\u012bgas finan\u0161u p\u0101rvald\u012bbas stiprin\u0101\u0161anu un koncertz\u0101les strat\u0113\u0123isko m\u0113r\u0137u sasnieg\u0161anu, nodro\u0161inot visu ieinteres\u0113to pu\u0161u iesaisti l\u0113mumu pie\u0146em\u0161anas proces\u0101.\u00a0<\/p>\n<p>Barta\u0161evi\u010ds nor\u0101da: &#8220;Risin\u0101jumi ir, ta\u010du to \u012bsteno\u0161ana atkar\u012bga no katras puses v\u0113lmes iesaist\u012bties ar re\u0101liem darbiem. Noteikti j\u0101s\u0101k ar finan\u0161u p\u0101rvald\u012bbas jaut\u0101jumu sak\u0101rto\u0161anu, ko ar\u012b dar\u012bs jaun\u0101 valdes locekle. M\u016bs visus vieno viens kop\u012bgs m\u0113r\u0137is: saglab\u0101t, aizsarg\u0101t un nodro\u0161in\u0101t m\u016bsu lepnuma \u2013 Latgales v\u0113stniec\u012bbas &#8220;Gors&#8221; \u2013 past\u0101v\u0113\u0161anu.&#8221;<\/p>\n<p>                    Valodas k\u013c\u016bda rakst\u0101?<\/p>\n<p class=\"d-none d-md-block\">Iez\u012bm\u0113jiet tekstu un spiediet Ctrl+Enter, lai nos\u016bt\u012btu labojamo teksta fragmentu redaktoram! Par faktu k\u013c\u016bd\u0101m l\u016bdzam zi\u0146ot e-past\u0101 <a href=\"https:\/\/www.lsm.lv\/cdn-cgi\/l\/email-protection\" class=\"__cf_email__\" data-cfemail=\"31435455505a52585b50715d425c1f5d47\" rel=\"nofollow noopener\" target=\"_blank\">[email\u00a0protected]<\/a>.<\/p>\n<p class=\"d-md-none\">Iez\u012bm\u0113jiet tekstu un spiediet uz Zi\u0146ot par k\u013c\u016bdu pogas, lai nos\u016bt\u012btu labojamo teksta fragmentu redaktoram!<\/p>\n<p>\n                    Zi\u0146ot par k\u013c\u016bdu\n                <\/p>\n","protected":false},"excerpt":{"rendered":"Otrdien, 30. decembr\u012b, notika pa\u0161vald\u012bbas uz\u0146\u0113muma SIA &#8220;Austrumlatvijas koncertz\u0101le&#8221; jeb Latgales v\u0113stniec\u012bbas &#8220;Gors&#8221; dal\u012bbnieku \u0101rk\u0101rtas sapulce, kur\u0101 skat\u012bti&hellip;\n","protected":false},"author":2,"featured_media":89858,"comment_status":"","ping_status":"","sticky":false,"template":"","format":"standard","meta":{"footnotes":""},"categories":[5],"tags":[23,28,29,32,33,22,30,31,35,39,38,36,37,34,40,20,26,27,24,25,21],"class_list":{"0":"post-89857","1":"post","2":"type-post","3":"status-publish","4":"format-standard","5":"has-post-thumbnail","7":"category-aktualitates","8":"tag-aktualitates","9":"tag-breaking-news","10":"tag-breakingnews","11":"tag-featured-news","12":"tag-featurednews","13":"tag-headlines","14":"tag-latest-news","15":"tag-latestnews","16":"tag-latvia","17":"tag-latvian","18":"tag-latviesu","19":"tag-latviesu-valoda","20":"tag-latviesuvaloda","21":"tag-latvija","22":"tag-lv","23":"tag-news","24":"tag-popularakas-zinas","25":"tag-popularakaszinas","26":"tag-top-stories","27":"tag-topstories","28":"tag-zinas"},"share_on_mastodon":{"url":"https:\/\/pubeurope.com\/@lv\/115808317163448269","error":""},"_links":{"self":[{"href":"https:\/\/www.europesays.com\/lv\/wp-json\/wp\/v2\/posts\/89857","targetHints":{"allow":["GET"]}}],"collection":[{"href":"https:\/\/www.europesays.com\/lv\/wp-json\/wp\/v2\/posts"}],"about":[{"href":"https:\/\/www.europesays.com\/lv\/wp-json\/wp\/v2\/types\/post"}],"author":[{"embeddable":true,"href":"https:\/\/www.europesays.com\/lv\/wp-json\/wp\/v2\/users\/2"}],"replies":[{"embeddable":true,"href":"https:\/\/www.europesays.com\/lv\/wp-json\/wp\/v2\/comments?post=89857"}],"version-history":[{"count":0,"href":"https:\/\/www.europesays.com\/lv\/wp-json\/wp\/v2\/posts\/89857\/revisions"}],"wp:featuredmedia":[{"embeddable":true,"href":"https:\/\/www.europesays.com\/lv\/wp-json\/wp\/v2\/media\/89858"}],"wp:attachment":[{"href":"https:\/\/www.europesays.com\/lv\/wp-json\/wp\/v2\/media?parent=89857"}],"wp:term":[{"taxonomy":"category","embeddable":true,"href":"https:\/\/www.europesays.com\/lv\/wp-json\/wp\/v2\/categories?post=89857"},{"taxonomy":"post_tag","embeddable":true,"href":"https:\/\/www.europesays.com\/lv\/wp-json\/wp\/v2\/tags?post=89857"}],"curies":[{"name":"wp","href":"https:\/\/api.w.org\/{rel}","templated":true}]}}