{"id":89863,"date":"2025-12-30T11:40:08","date_gmt":"2025-12-30T11:40:08","guid":{"rendered":"https:\/\/www.europesays.com\/lv\/89863\/"},"modified":"2025-12-30T11:40:08","modified_gmt":"2025-12-30T11:40:08","slug":"asv-daniem-pardos-patrullidmasinas-tvnet","status":"publish","type":"post","link":"https:\/\/www.europesays.com\/lv\/89863\/","title":{"rendered":"ASV d\u0101\u0146iem p\u0101rdos patru\u013clidma\u0161\u012bnas &#8211; TVNET"},"content":{"rendered":"<ol>\n<li><a href=\"https:\/\/news.google.com\/rss\/articles\/CBMicEFVX3lxTFBsdmtjSERYQXBtbnZPdloySG9qR0k2Y3RnR1BsWEltLUE1elNjSk03dVkzMkxCRW4ycEZNeGo5a0Exd3RqSU1QcW1fbXZ6VzZTekVnVFRIR2YxemJPSkFPOVc1VVhJYzNidFNwb1p5OVM?oc=5\" target=\"_blank\" rel=\"nofollow noopener\">ASV d\u0101\u0146iem p\u0101rdos patru\u013clidma\u0161\u012bnas<\/a>&nbsp;&nbsp;TVNET<\/li>\n<li><a href=\"https:\/\/news.google.com\/rss\/articles\/CBMi4wFBVV95cUxNRWdwOEsxNC1tX2lJVXRmakJtemlDRDNzYzh5Y3FsbllfTEUyR280VElHNW9WOC1zcUowQmo4U0NJQU8xRHc2SHNMQXRONG9iNlRVRGk0ZUFmN0tVLXRTVzdDTDYzckZLVk5PaWl2Q3YzblB2Yk4wQUQ3S251bTBFR0JOcWtDZ2JEblNmZmVaYnlUTi13SEw0LWJiVDNmLXV4aHlEQ1lDb3l0YkdaY3hpcnJuQnhic0kzSzhfSWhXYlhvY2dnaEhiZkpuOHpveC1IZEtUeF8xcE4xanBKV0U3UGVHNA?oc=5\" target=\"_blank\" rel=\"nofollow noopener\">Starp ASV un D\u0101niju atkal uzvirmo spriedze Grenlandes d\u0113\u013c; sabiedrotie aizst\u0101v Kopenh\u0101genu<\/a>&nbsp;&nbsp;LSM<\/li>\n<li><a href=\"https:\/\/news.google.com\/rss\/articles\/CBMipAFBVV95cUxNVjFqbEVpbEQyMVRzcEtfeERpT0hZeGhVc2xYTlV6c3dFYUszZTNBc1FsWnU3UjRPLURxVzdXVlREbTlkdkN0WWJvVjFvSGdYWHZ5eHVXR2xkamxOLXY0S3o2ZVI0UjI5NW5SbXBSanA4V0VCRHNjX2d2M0FIbGdiSEJYZHpCcmNtTXhhM3VUNVpVa2tMaDNuY2N6ZVRUbmZBT3lKOA?oc=5\" target=\"_blank\" rel=\"nofollow noopener\">\u201cPiln\u012bgi nepie\u0146emami!\u201d Tramps atkal uzkurina spriedzi D\u0101nij\u0101; jau izsaukts ASV v\u0113stnieks<\/a>&nbsp;&nbsp;LA.LV<\/li>\n<li><a href=\"https:\/\/news.google.com\/rss\/articles\/CBMi0wFBVV95cUxNVzJVbzkxSkk1V3VFclJTUTU5MEZjVENaQV82X2QyMGdfdmdrMmZOeWluN1JyejdOaC1XUktTWERzY3pxOHBlaURNMkxGTDhnUzY2aXZEOXVxMmZlRDlNOWF5a2tEb2ItN3JZZXFob05aOXRCMFFKZGRZUU5kV09Eb2ZETjFONDFsUXVoYWt5Tk9Id2F1eXVxVUV5SmhrUFdGQnNNMlBoTEdSMVFEdi1SSnYwUUIwR0QtNXk1Wm1kLXFkM3dMYTNKdnVKQUhiN21laHk0?oc=5\" target=\"_blank\" rel=\"nofollow noopener\">D\u0101nija sa\u0161utusi par Trampa l\u0113mumu iecelt \u012bpa\u0161o s\u016btni Grenland\u0113, izsauc ASV v\u0113stnieku uz sarun\u0101m<\/a>&nbsp;&nbsp;Lente.lv<\/li>\n<li><a href=\"https:\/\/news.google.com\/rss\/articles\/CBMixgFBVV95cUxNR2VhLTdlQmFodUNEUkNlWG5qRUdPMFlRVDgyZnBjbDQ0d1lnQUxWQXdFeXZCaFZDazM0NzdvaFZwTkNBQklnRUsyNFRCVkFrd0F4MDBJS0M3YUtBTG5nVHVWU2E5N2g1bUxaLUhvOGlZU0Y3X3JQd1gzSEpQYXhFV2ozX1dlWUVqdUJvUHdTMHE1ZDNaTE1wdGh2NC1BNHRWeHdfaFdIeE9XaEdEUnd5Y2lVbGIydVNlOTFlYk5lSWxPb3ozdmc?oc=5\" target=\"_blank\" rel=\"nofollow noopener\">D\u0101nija sa\u0161utusi par Trampa l\u0113mumu noz\u012bm\u0113t ASV \u012bpa\u0161o s\u016btni Grenland\u0113 \/ Raksts<\/a>&nbsp;&nbsp;LSM<\/li>\n<\/ol>\n","protected":false},"excerpt":{"rendered":"ASV d\u0101\u0146iem p\u0101rdos patru\u013clidma\u0161\u012bnas&nbsp;&nbsp;TVNET Starp ASV un D\u0101niju atkal uzvirmo spriedze Grenlandes d\u0113\u013c; sabiedrotie aizst\u0101v Kopenh\u0101genu&nbsp;&nbsp;LSM \u201cPiln\u012bgi nepie\u0146emami!\u201d&hellip;\n","protected":false},"author":2,"featured_media":89864,"comment_status":"","ping_status":"","sticky":false,"template":"","format":"standard","meta":{"footnotes":""},"categories":[14],"tags":[23,57,292,28,29,1418,32,33,22,30,31,35,39,38,36,37,34,40,20,26,27,24,25,54,55,56,21,58],"class_list":{"0":"post-89863","1":"post","2":"type-post","3":"status-publish","4":"format-standard","5":"has-post-thumbnail","7":"category-zinas-no-arvalstim","8":"tag-aktualitates","9":"tag-arvalstim","10":"tag-asv","11":"tag-breaking-news","12":"tag-breakingnews","13":"tag-danija","14":"tag-featured-news","15":"tag-featurednews","16":"tag-headlines","17":"tag-latest-news","18":"tag-latestnews","19":"tag-latvia","20":"tag-latvian","21":"tag-latviesu","22":"tag-latviesu-valoda","23":"tag-latviesuvaloda","24":"tag-latvija","25":"tag-lv","26":"tag-news","27":"tag-popularakas-zinas","28":"tag-popularakaszinas","29":"tag-top-stories","30":"tag-topstories","31":"tag-world","32":"tag-world-news","33":"tag-worldnews","34":"tag-zinas","35":"tag-zinas-no-arvalstim"},"share_on_mastodon":{"url":"https:\/\/pubeurope.com\/@lv\/115808332995256095","error":""},"_links":{"self":[{"href":"https:\/\/www.europesays.com\/lv\/wp-json\/wp\/v2\/posts\/89863","targetHints":{"allow":["GET"]}}],"collection":[{"href":"https:\/\/www.europesays.com\/lv\/wp-json\/wp\/v2\/posts"}],"about":[{"href":"https:\/\/www.europesays.com\/lv\/wp-json\/wp\/v2\/types\/post"}],"author":[{"embeddable":true,"href":"https:\/\/www.europesays.com\/lv\/wp-json\/wp\/v2\/users\/2"}],"replies":[{"embeddable":true,"href":"https:\/\/www.europesays.com\/lv\/wp-json\/wp\/v2\/comments?post=89863"}],"version-history":[{"count":0,"href":"https:\/\/www.europesays.com\/lv\/wp-json\/wp\/v2\/posts\/89863\/revisions"}],"wp:featuredmedia":[{"embeddable":true,"href":"https:\/\/www.europesays.com\/lv\/wp-json\/wp\/v2\/media\/89864"}],"wp:attachment":[{"href":"https:\/\/www.europesays.com\/lv\/wp-json\/wp\/v2\/media?parent=89863"}],"wp:term":[{"taxonomy":"category","embeddable":true,"href":"https:\/\/www.europesays.com\/lv\/wp-json\/wp\/v2\/categories?post=89863"},{"taxonomy":"post_tag","embeddable":true,"href":"https:\/\/www.europesays.com\/lv\/wp-json\/wp\/v2\/tags?post=89863"}],"curies":[{"name":"wp","href":"https:\/\/api.w.org\/{rel}","templated":true}]}}