{"id":89872,"date":"2025-12-30T11:46:07","date_gmt":"2025-12-30T11:46:07","guid":{"rendered":"https:\/\/www.europesays.com\/lv\/89872\/"},"modified":"2025-12-30T11:46:07","modified_gmt":"2025-12-30T11:46:07","slug":"igaunija-top-aizsardzibas-rupniecibas-parks-parakstits-ligums-ar-pirmo-razotaju","status":"publish","type":"post","link":"https:\/\/www.europesays.com\/lv\/89872\/","title":{"rendered":"Igaunij\u0101 top aizsardz\u012bbas r\u016bpniec\u012bbas parks. Parakst\u012bts l\u012bgums ar pirmo ra\u017eot\u0101ju"},"content":{"rendered":"<p>L\u012bgums parakst\u012bts ar uz\u0146\u0113mumu &#8220;Nitrotol&#8221; par milit\u0101ro spr\u0101gstvielu un mun\u012bcijas, tostarp m\u012bnu un l\u0101di\u0146u, ra\u017eo\u0161anu.<\/p>\n<p>&#8220;Nitrotol&#8221; jau ir s\u0101cis mun\u012bcijas ra\u017eo\u0161anu Emari aviob\u0101zes teritorij\u0101, un dr\u012bzum\u0101 no turienes tiks veiktas pirm\u0101s pieg\u0101des Igaunijas Aizsardz\u012bbas sp\u0113kiem.<\/p>\n<p>Pl\u0101nots, ka ra\u017eo\u0161ana Ermistu s\u0101ksies 2027. gad\u0101. &#8220;Nitrotol&#8221; ra\u017eos m\u012bnas un l\u0101di\u0146us, &#8220;Odin Defence&#8221; ra\u017eos plastmasas spr\u0101gstvielas, &#8220;Frankenburg Technologies&#8221; b\u016bv\u0113s r\u016bpn\u012bcas kompleksu tuvdarb\u012bbas r\u0101diusa pretgaisa aizsardz\u012bbas ra\u0137e\u0161u ra\u017eo\u0161anai, bet &#8220;Infinitum Strike&#8221; ra\u017eos mun\u012bcijas sast\u0101vda\u013cas.<\/p>\n<p>Paredzams, ka tuv\u0101kaj\u0101 laik\u0101 tiks nosl\u0113gti l\u012bgumi ar p\u0101r\u0113jiem uz\u0146\u0113mumiem.<\/p>\n<p>Park\u0101 valsts nodro\u0161in\u0101s pamata infrastrukt\u016bru, bet komp\u0101nijas b\u016bs atbild\u012bgas par savu ra\u017eot\u0146u b\u016bvniec\u012bbu.<\/p>\n","protected":false},"excerpt":{"rendered":"L\u012bgums parakst\u012bts ar uz\u0146\u0113mumu &#8220;Nitrotol&#8221; par milit\u0101ro spr\u0101gstvielu un mun\u012bcijas, tostarp m\u012bnu un l\u0101di\u0146u, ra\u017eo\u0161anu. &#8220;Nitrotol&#8221; jau ir&hellip;\n","protected":false},"author":2,"featured_media":89873,"comment_status":"","ping_status":"","sticky":false,"template":"","format":"standard","meta":{"footnotes":""},"categories":[14],"tags":[1546,23,57,28,29,32,33,22,73,30,31,35,39,38,36,37,34,40,20,26,27,24,25,54,55,56,21,58],"class_list":{"0":"post-89872","1":"post","2":"type-post","3":"status-publish","4":"format-standard","5":"has-post-thumbnail","7":"category-zinas-no-arvalstim","8":"tag-aizsardziba","9":"tag-aktualitates","10":"tag-arvalstim","11":"tag-breaking-news","12":"tag-breakingnews","13":"tag-featured-news","14":"tag-featurednews","15":"tag-headlines","16":"tag-igaunija","17":"tag-latest-news","18":"tag-latestnews","19":"tag-latvia","20":"tag-latvian","21":"tag-latviesu","22":"tag-latviesu-valoda","23":"tag-latviesuvaloda","24":"tag-latvija","25":"tag-lv","26":"tag-news","27":"tag-popularakas-zinas","28":"tag-popularakaszinas","29":"tag-top-stories","30":"tag-topstories","31":"tag-world","32":"tag-world-news","33":"tag-worldnews","34":"tag-zinas","35":"tag-zinas-no-arvalstim"},"share_on_mastodon":{"url":"https:\/\/pubeurope.com\/@lv\/115808356493376120","error":""},"_links":{"self":[{"href":"https:\/\/www.europesays.com\/lv\/wp-json\/wp\/v2\/posts\/89872","targetHints":{"allow":["GET"]}}],"collection":[{"href":"https:\/\/www.europesays.com\/lv\/wp-json\/wp\/v2\/posts"}],"about":[{"href":"https:\/\/www.europesays.com\/lv\/wp-json\/wp\/v2\/types\/post"}],"author":[{"embeddable":true,"href":"https:\/\/www.europesays.com\/lv\/wp-json\/wp\/v2\/users\/2"}],"replies":[{"embeddable":true,"href":"https:\/\/www.europesays.com\/lv\/wp-json\/wp\/v2\/comments?post=89872"}],"version-history":[{"count":0,"href":"https:\/\/www.europesays.com\/lv\/wp-json\/wp\/v2\/posts\/89872\/revisions"}],"wp:featuredmedia":[{"embeddable":true,"href":"https:\/\/www.europesays.com\/lv\/wp-json\/wp\/v2\/media\/89873"}],"wp:attachment":[{"href":"https:\/\/www.europesays.com\/lv\/wp-json\/wp\/v2\/media?parent=89872"}],"wp:term":[{"taxonomy":"category","embeddable":true,"href":"https:\/\/www.europesays.com\/lv\/wp-json\/wp\/v2\/categories?post=89872"},{"taxonomy":"post_tag","embeddable":true,"href":"https:\/\/www.europesays.com\/lv\/wp-json\/wp\/v2\/tags?post=89872"}],"curies":[{"name":"wp","href":"https:\/\/api.w.org\/{rel}","templated":true}]}}