{"id":89894,"date":"2025-12-30T12:00:09","date_gmt":"2025-12-30T12:00:09","guid":{"rendered":"https:\/\/www.europesays.com\/lv\/89894\/"},"modified":"2025-12-30T12:00:09","modified_gmt":"2025-12-30T12:00:09","slug":"video-%e2%9f%a9-tragiska-avarija-keipenes-puse-atklajas-jauni-notikusa-apstakli","status":"publish","type":"post","link":"https:\/\/www.europesays.com\/lv\/89894\/","title":{"rendered":"VIDEO \u27e9 Tra\u0123isk\u0101 av\u0101rija \u0136eipenes pus\u0113 \u2013 atkl\u0101jas jauni notiku\u0161\u0101 apst\u0101k\u013ci"},"content":{"rendered":"<p>Ce\u013c\u0161 R\u012bga-\u0112rg\u013ci p\u0101rsimt metrus no \u0136eipenes bija blo\u0137\u0113ts abos virzienos. L\u012bkum\u0101 sad\u016bru\u0161\u0101s divas viegl\u0101s automa\u0161\u012bnas &#8211; &#8220;Volkswagen&#8221; un &#8220;Hyundai&#8221;. Vis\u0101tr\u0101k p\u0113c negad\u012bjuma notikuma viet\u0101 ierad\u0101s ugunsdz\u0113s\u0113ji gl\u0101b\u0113ji, kuri sniedza pirmo pal\u012bdz\u012bbu cietu\u0161ajiem.<\/p>\n<p>&#8220;Ierodoties notikuma viet\u0101, konstat\u0113j\u0101m, ka ir \u010detri cietu\u0161ie \u2013 divi v\u012brie\u0161i un divas sievietes. Abi v\u012brie\u0161i jau bija izk\u013cuvu\u0161i no automa\u0161\u012bn\u0101m. Viena sieviete atrad\u0101s vien\u0101 no automa\u0161\u012bn\u0101m, otra &#8211; gr\u0101v\u012b. Sievietei, kura bija vissmag\u0101k cietusi, tika sniegta pirm\u0101 pal\u012bdz\u012bba un veikti atdz\u012bvin\u0101\u0161anas pas\u0101kumi, l\u012bdz ierad\u0101s NMPD. Tas aiz\u0146\u0113ma aptuveni 15 min\u016btes,&#8221; skaidro VUGD \u0136eipenes poste\u0146a vada komandiera vietnieks Raitis Ro\u017eulapa.<\/p>\n<p>Pie abu automa\u0161\u012bnu st\u016bres s\u0113d\u0113ja v\u012brie\u0161i. &#8220;Hyundai&#8221; brauca virzien\u0101 uz Sunta\u017eiem, savuk\u0101rt &#8220;Volkswagen&#8221; \u0161oferis brauca pretim uz \u0136eipeni.<\/p>\n<p>&#8220;S\u0101kotn\u0113j\u0101 inform\u0101cija liecina, ka vad\u012bt\u0101js l\u012bkum\u0101 sasl\u012bd\u0113ja, s\u0101k\u0101s s\u0101nsl\u012bde un automa\u0161\u012bna ietriec\u0101s pret\u012b brauco\u0161\u0101 transportl\u012bdzekl\u012b. Sadursmes rezult\u0101t\u0101 pasa\u017eieris, kur\u0161 s\u0113d\u0113ja aizmugur\u0113, tika izsviests pa logu,&#8221; nor\u0101da Valsts policijas Rea\u0123\u0113\u0161anas biroja 4. noda\u013cas inspektors Agris Jermac\u0101ns.<\/p>\n<p>Pla\u0161\u0101k &#8220;Degpunkt\u0101&#8221; si\u017eet\u0101!<\/p>\n","protected":false},"excerpt":{"rendered":"Ce\u013c\u0161 R\u012bga-\u0112rg\u013ci p\u0101rsimt metrus no \u0136eipenes bija blo\u0137\u0113ts abos virzienos. L\u012bkum\u0101 sad\u016bru\u0161\u0101s divas viegl\u0101s automa\u0161\u012bnas &#8211; &#8220;Volkswagen&#8221; un&hellip;\n","protected":false},"author":2,"featured_media":89895,"comment_status":"","ping_status":"","sticky":false,"template":"","format":"standard","meta":{"footnotes":""},"categories":[5],"tags":[23,1465,28,29,32,33,22,30,31,35,39,38,36,37,34,40,20,26,27,24,25,138,4909,21],"class_list":{"0":"post-89894","1":"post","2":"type-post","3":"status-publish","4":"format-standard","5":"has-post-thumbnail","7":"category-aktualitates","8":"tag-aktualitates","9":"tag-autoavarijas","10":"tag-breaking-news","11":"tag-breakingnews","12":"tag-featured-news","13":"tag-featurednews","14":"tag-headlines","15":"tag-latest-news","16":"tag-latestnews","17":"tag-latvia","18":"tag-latvian","19":"tag-latviesu","20":"tag-latviesu-valoda","21":"tag-latviesuvaloda","22":"tag-latvija","23":"tag-lv","24":"tag-news","25":"tag-popularakas-zinas","26":"tag-popularakaszinas","27":"tag-top-stories","28":"tag-topstories","29":"tag-valsts-policija","30":"tag-valsts-ugunsdzesibas-un-glabsanas-dienests-vugd","31":"tag-zinas"},"share_on_mastodon":{"url":"https:\/\/pubeurope.com\/@lv\/115808411620786146","error":""},"_links":{"self":[{"href":"https:\/\/www.europesays.com\/lv\/wp-json\/wp\/v2\/posts\/89894","targetHints":{"allow":["GET"]}}],"collection":[{"href":"https:\/\/www.europesays.com\/lv\/wp-json\/wp\/v2\/posts"}],"about":[{"href":"https:\/\/www.europesays.com\/lv\/wp-json\/wp\/v2\/types\/post"}],"author":[{"embeddable":true,"href":"https:\/\/www.europesays.com\/lv\/wp-json\/wp\/v2\/users\/2"}],"replies":[{"embeddable":true,"href":"https:\/\/www.europesays.com\/lv\/wp-json\/wp\/v2\/comments?post=89894"}],"version-history":[{"count":0,"href":"https:\/\/www.europesays.com\/lv\/wp-json\/wp\/v2\/posts\/89894\/revisions"}],"wp:featuredmedia":[{"embeddable":true,"href":"https:\/\/www.europesays.com\/lv\/wp-json\/wp\/v2\/media\/89895"}],"wp:attachment":[{"href":"https:\/\/www.europesays.com\/lv\/wp-json\/wp\/v2\/media?parent=89894"}],"wp:term":[{"taxonomy":"category","embeddable":true,"href":"https:\/\/www.europesays.com\/lv\/wp-json\/wp\/v2\/categories?post=89894"},{"taxonomy":"post_tag","embeddable":true,"href":"https:\/\/www.europesays.com\/lv\/wp-json\/wp\/v2\/tags?post=89894"}],"curies":[{"name":"wp","href":"https:\/\/api.w.org\/{rel}","templated":true}]}}