{"id":90000,"date":"2025-12-30T13:28:09","date_gmt":"2025-12-30T13:28:09","guid":{"rendered":"https:\/\/www.europesays.com\/lv\/90000\/"},"modified":"2025-12-30T13:28:09","modified_gmt":"2025-12-30T13:28:09","slug":"sprk-ierosina-izskatit-stridu-starp-exitoss-un-tele2","status":"publish","type":"post","link":"https:\/\/www.europesays.com\/lv\/90000\/","title":{"rendered":"SPRK ierosina izskat\u012bt str\u012bdu starp &#8220;Exitoss&#8221; un &#8220;Tele2&#8221;"},"content":{"rendered":"<p><a href=\"https:\/\/www.tvnet.lv\/term\/559150\/sprk\" class=\"topicLink\" target=\"_blank\" rel=\"nofollow noopener\">SPRK<\/a> nor\u0101da, ka starp &#8220;Exitoss&#8221; un &#8220;Tele2&#8221; past\u0101v str\u012bds par to, vai &#8220;Tele2&#8221; bija ties\u012bbas veikt groz\u012bjumus l\u012bgum\u0101, pie\u0161\u0137irot &#8220;Exitoss&#8221; 50% atlaidi tarifu pl\u0101na &#8220;Teamer Standarts Eiropa Bezlimits&#8221; abon\u0113\u0161anas maksai un vienlaikus nosakot, ka l\u012bguma termi\u0146\u0161 ir 24 m\u0113ne\u0161i, kas noz\u012bm\u0113, ka, p\u0101rtraucot l\u012bgumu pirms termi\u0146a vai mainot tarifu pl\u0101nu, &#8220;Exitoss&#8221; ir j\u0101maks\u0101 l\u012bgumsods.<\/p>\n<p>&#8220;Exitoss&#8221; ieskat\u0101 \u0161\u0101da r\u012bc\u012bba neatbilst Elektronisko sakaru likuma pras\u012bb\u0101m, jo l\u012bgums tika pagarin\u0101ts bez atsevi\u0161\u0137as vieno\u0161an\u0101s, k\u0101 ar\u012b uz\u0146\u0113mums nevarot atteikties no l\u012bguma bez l\u012bgumsoda piem\u0113ro\u0161anas. &#8220;Exitoss&#8221; 2025. gada 27. oktobr\u012b nos\u016bt\u012bja &#8220;Tele2&#8221; iesniegumu par atlai\u017eu atcel\u0161anu tarifu pl\u0101niem, l\u016bdzot atcelt pie\u0161\u0137irt\u0101s atlaides piln\u0101 apm\u0113r\u0101 uz\u0146\u0113muma telefona numuriem, piem\u0113rot eso\u0161\u0101 tarifu pl\u0101na pilnu maksu ar iesnieguma sa\u0146em\u0161anas datumu, nepiem\u0113rot l\u012bgumsodu, nep\u0101rtraukt l\u012bgumu un nemain\u012bt tarifu pl\u0101nu.<\/p>\n<p>Savuk\u0101rt &#8220;Tele2&#8221; nor\u0101da, ka l\u012bguma groz\u012bjumi st\u0101j\u0101s sp\u0113k\u0101 2. oktobr\u012b un, atsaucoties uz l\u012bguma noteikumiem, kas paredz l\u012bguma darb\u012bbas termi\u0146a pagarin\u0101jumu un atlai\u017eu izmanto\u0161anas nosac\u012bjumus, izmai\u0146as nav iesp\u0113jams veikt. &#8220;Tele2&#8221; ar\u012b uzsver, ka l\u012bgumsoda piem\u0113ro\u0161ana ir pamatota gad\u012bjumos, ja l\u012bgums tiek p\u0101rtraukts pirms termi\u0146a.<\/p>\n","protected":false},"excerpt":{"rendered":"SPRK nor\u0101da, ka starp &#8220;Exitoss&#8221; un &#8220;Tele2&#8221; past\u0101v str\u012bds par to, vai &#8220;Tele2&#8221; bija ties\u012bbas veikt groz\u012bjumus l\u012bgum\u0101,&hellip;\n","protected":false},"author":2,"featured_media":90001,"comment_status":"","ping_status":"","sticky":false,"template":"","format":"standard","meta":{"footnotes":""},"categories":[14],"tags":[23,57,28,29,32,33,22,30,31,35,39,38,36,37,34,40,20,26,27,22742,10203,24,25,54,55,56,21,58],"class_list":{"0":"post-90000","1":"post","2":"type-post","3":"status-publish","4":"format-standard","5":"has-post-thumbnail","7":"category-zinas-no-arvalstim","8":"tag-aktualitates","9":"tag-arvalstim","10":"tag-breaking-news","11":"tag-breakingnews","12":"tag-featured-news","13":"tag-featurednews","14":"tag-headlines","15":"tag-latest-news","16":"tag-latestnews","17":"tag-latvia","18":"tag-latvian","19":"tag-latviesu","20":"tag-latviesu-valoda","21":"tag-latviesuvaloda","22":"tag-latvija","23":"tag-lv","24":"tag-news","25":"tag-popularakas-zinas","26":"tag-popularakaszinas","27":"tag-sprk","28":"tag-tele2","29":"tag-top-stories","30":"tag-topstories","31":"tag-world","32":"tag-world-news","33":"tag-worldnews","34":"tag-zinas","35":"tag-zinas-no-arvalstim"},"share_on_mastodon":{"url":"https:\/\/pubeurope.com\/@lv\/115808757517337388","error":""},"_links":{"self":[{"href":"https:\/\/www.europesays.com\/lv\/wp-json\/wp\/v2\/posts\/90000","targetHints":{"allow":["GET"]}}],"collection":[{"href":"https:\/\/www.europesays.com\/lv\/wp-json\/wp\/v2\/posts"}],"about":[{"href":"https:\/\/www.europesays.com\/lv\/wp-json\/wp\/v2\/types\/post"}],"author":[{"embeddable":true,"href":"https:\/\/www.europesays.com\/lv\/wp-json\/wp\/v2\/users\/2"}],"replies":[{"embeddable":true,"href":"https:\/\/www.europesays.com\/lv\/wp-json\/wp\/v2\/comments?post=90000"}],"version-history":[{"count":0,"href":"https:\/\/www.europesays.com\/lv\/wp-json\/wp\/v2\/posts\/90000\/revisions"}],"wp:featuredmedia":[{"embeddable":true,"href":"https:\/\/www.europesays.com\/lv\/wp-json\/wp\/v2\/media\/90001"}],"wp:attachment":[{"href":"https:\/\/www.europesays.com\/lv\/wp-json\/wp\/v2\/media?parent=90000"}],"wp:term":[{"taxonomy":"category","embeddable":true,"href":"https:\/\/www.europesays.com\/lv\/wp-json\/wp\/v2\/categories?post=90000"},{"taxonomy":"post_tag","embeddable":true,"href":"https:\/\/www.europesays.com\/lv\/wp-json\/wp\/v2\/tags?post=90000"}],"curies":[{"name":"wp","href":"https:\/\/api.w.org\/{rel}","templated":true}]}}