{"id":90018,"date":"2025-12-30T13:51:10","date_gmt":"2025-12-30T13:51:10","guid":{"rendered":"https:\/\/www.europesays.com\/lv\/90018\/"},"modified":"2025-12-30T13:51:10","modified_gmt":"2025-12-30T13:51:10","slug":"dargakais-uznemums-pasaule-noperk-novajinata-tehnologiju-giganta-akcijas","status":"publish","type":"post","link":"https:\/\/www.europesays.com\/lv\/90018\/","title":{"rendered":"D\u0101rg\u0101kais uz\u0146\u0113mums pasaul\u0113 nop\u0113rk nov\u0101jin\u0101ta tehnolo\u0123iju giganta akcijas"},"content":{"rendered":"<p>CNBC: \u00abNvidia\u00bb izt\u0113r\u0113 piecus miljardus dol\u0101ru \u00abIntel\u00bb akciju ieg\u0101dei.<\/p>\n<p>Uz\u0146\u0113mums \u00abNvidia\u00bb ieg\u0101d\u0101jies \u00abIntel\u00bb akcijas par pieciem miljardiem dol\u0101ru. Par to pazi\u0146oja CNBC(<a href=\"https:\/\/www.cnbc.com\/2025\/12\/29\/nvidia-takes-5-billion-stake-in-intel-under-september-agreement.html\" rel=\"nofollow noopener\" target=\"_blank\">https:\/\/www.cnbc.com\/2025\/12\/29\/nvidia-takes-5-billion-stake-in-intel-under-september-agreement.html<\/a>).<\/p>\n<p>Tiek nor\u0101d\u012bts, ka v\u0113l septembr\u012b d\u0101rg\u0101kais uz\u0146\u0113mums pasaul\u0113 sol\u012bja, ka samaks\u0101s 23,28 dol\u0101rus par \u00abIntel\u00bb v\u0113rtspap\u012bru, un \u0161is dar\u012bjums \u00abIntel\u00bb noz\u012bm\u0113 nopietnu atbalstu, jo tehnolo\u0123iju gigants b\u016btiski nov\u0101jin\u0101jies k\u013c\u016bdainas daudzgadu ra\u017eo\u0161anas jaudu papla\u0161in\u0101\u0161anas politikas rezult\u0101t\u0101, kas izsm\u0113la uz\u0146\u0113muma finanses.<\/p>\n<p>\u00abNvidia\u00bb ieg\u0101d\u0101j\u0101s vair\u0101k nek\u0101 214,7 miljonus \u00abIntel\u00bb akciju. P\u0113c tam \u00abNvidia\u00bb akciju cena nokrit\u0101s par 1,3 %, savuk\u0101rt \u00abIntel\u00bb akciju cena praktiski nemain\u012bj\u0101s.<\/p>\n<p>Vasaras beig\u0101s tika zi\u0146ots, ka Balt\u0101 nama amatpersonas ar \u00abIntel\u00bb apsprieda iesp\u0113ju ieg\u016bt da\u013cu uz\u0146\u0113muma akciju. \u0160\u0101da dar\u012bjuma \u012bsteno\u0161ana noz\u012bm\u0113tu, ka ASV var\u0113tu k\u013c\u016bt par liel\u0101ko \u00abIntel\u00bb akcion\u0101ru, nepiedaloties akcion\u0101ru balsojumos vai uz\u0146\u0113muma darb\u012bbu vad\u012bb\u0101. \u0160\u012bs zi\u0146as sekoja ASV prezidenta Donalda Trampa pazi\u0146ojumiem, kur\u0161 pras\u012bja, lai \u00abIntel\u00bb vad\u012bt\u0101js Lips Bu Tans nekav\u0113joties atk\u0101ptos no amata sakar\u0101 ar intere\u0161u konfliktu un aizdom\u0101m par \u0161\u012b augst\u0101k\u0101 l\u012bme\u0146a vad\u012bt\u0101ja sait\u0113m ar \u0136\u012bnu.<\/p>\n<p>\n                            Valodas k\u013c\u016bda rakst\u0101?<br \/>Iez\u012bm\u0113jiet tekstu un spiediet Zi\u0146ot par k\u013c\u016bdu pogas   , lai nos\u016bt\u012btu labojamo teksta fragmentu redaktoram!<\/p>\n<p>                                Zi\u0146ot par k\u013c\u016bdu<\/p>\n","protected":false},"excerpt":{"rendered":"CNBC: \u00abNvidia\u00bb izt\u0113r\u0113 piecus miljardus dol\u0101ru \u00abIntel\u00bb akciju ieg\u0101dei. Uz\u0146\u0113mums \u00abNvidia\u00bb ieg\u0101d\u0101jies \u00abIntel\u00bb akcijas par pieciem miljardiem dol\u0101ru.&hellip;\n","protected":false},"author":2,"featured_media":90019,"comment_status":"","ping_status":"","sticky":false,"template":"","format":"standard","meta":{"footnotes":""},"categories":[16],"tags":[77,76,35,39,38,36,37,34,40],"class_list":{"0":"post-90018","1":"post","2":"type-post","3":"status-publish","4":"format-standard","5":"has-post-thumbnail","7":"category-bizness","8":"tag-bizness","9":"tag-business","10":"tag-latvia","11":"tag-latvian","12":"tag-latviesu","13":"tag-latviesu-valoda","14":"tag-latviesuvaloda","15":"tag-latvija","16":"tag-lv"},"share_on_mastodon":{"url":"https:\/\/pubeurope.com\/@lv\/115808848910084724","error":""},"_links":{"self":[{"href":"https:\/\/www.europesays.com\/lv\/wp-json\/wp\/v2\/posts\/90018","targetHints":{"allow":["GET"]}}],"collection":[{"href":"https:\/\/www.europesays.com\/lv\/wp-json\/wp\/v2\/posts"}],"about":[{"href":"https:\/\/www.europesays.com\/lv\/wp-json\/wp\/v2\/types\/post"}],"author":[{"embeddable":true,"href":"https:\/\/www.europesays.com\/lv\/wp-json\/wp\/v2\/users\/2"}],"replies":[{"embeddable":true,"href":"https:\/\/www.europesays.com\/lv\/wp-json\/wp\/v2\/comments?post=90018"}],"version-history":[{"count":0,"href":"https:\/\/www.europesays.com\/lv\/wp-json\/wp\/v2\/posts\/90018\/revisions"}],"wp:featuredmedia":[{"embeddable":true,"href":"https:\/\/www.europesays.com\/lv\/wp-json\/wp\/v2\/media\/90019"}],"wp:attachment":[{"href":"https:\/\/www.europesays.com\/lv\/wp-json\/wp\/v2\/media?parent=90018"}],"wp:term":[{"taxonomy":"category","embeddable":true,"href":"https:\/\/www.europesays.com\/lv\/wp-json\/wp\/v2\/categories?post=90018"},{"taxonomy":"post_tag","embeddable":true,"href":"https:\/\/www.europesays.com\/lv\/wp-json\/wp\/v2\/tags?post=90018"}],"curies":[{"name":"wp","href":"https:\/\/api.w.org\/{rel}","templated":true}]}}