{"id":90024,"date":"2025-12-30T13:55:08","date_gmt":"2025-12-30T13:55:08","guid":{"rendered":"https:\/\/www.europesays.com\/lv\/90024\/"},"modified":"2025-12-30T13:55:08","modified_gmt":"2025-12-30T13:55:08","slug":"varu-tikai-nozelot-ka-neaizgaju-agrak","status":"publish","type":"post","link":"https:\/\/www.europesays.com\/lv\/90024\/","title":{"rendered":"Varu tikai no\u017e\u0113lot, ka neaizg\u0101ju agr\u0101k"},"content":{"rendered":"<p class=\"lead\">\n                                Aktrise D\u0101rta Danevi\u010da \u0161\u0101 gada janv\u0101r\u012b pie\u0146\u0113musi noz\u012bm\u012bgu l\u0113mumu \u2014 p\u0113c 13 gadiem pamest darbu \u0161tata aktiera amat\u0101 Dailes te\u0101tris. \u0160is solis vi\u0146ai pav\u0113ris jaunus rado\u0161os ce\u013cus, m\u0101ksliniece atkl\u0101j \u017eurn\u0101lam &#8220;Priv\u0101t\u0101 Dz\u012bve&#8221;.\n                            <\/p>\n<p>Danevi\u010da ilgus gadus bijusi viena no Dailes te\u0101tra spilgt\u0101kaj\u0101m aktris\u0113m, un pirms diviem gadiem Sp\u0113lma\u0146u nakts ceremonij\u0101 sa\u0146\u0113musi lab\u0101k\u0101s aktrises balvu par monoizr\u0101di &#8220;Z\u0113ni nav meitenes&#8221;. Izr\u0101de joproj\u0101m saglab\u0101 skat\u012bt\u0101ju interesi un tiek izr\u0101d\u012bta ar\u012b \u0101rpus Dailes te\u0101tra skatuves. T\u0101p\u0113c daudziem bijis negaid\u012bts Danevi\u010das pazi\u0146ojums \u0161\u0101 gada 20. janv\u0101ra r\u012bt\u0101 par aizie\u0161anu no te\u0101tra, kur\u0101 vi\u0146a pavad\u012bjusi 13 rado\u0161us gadus.<\/p>\n<p>Atbildot uz jaut\u0101jumu, k\u0101 \u0161is l\u0113mums main\u012bjis vi\u0146as dz\u012bvi, aktrise decembra nogal\u0113 \u017eurn\u0101lam &#8220;Priv\u0101t\u0101 Dz\u012bve&#8221; atzina, ka j\u016btas gandar\u012bta par gada s\u0101kum\u0101 sperto soli un<\/p>\n<blockquote>\n<p>vien\u012bgais, ko varot no\u017e\u0113lot, \u2014 ka tas nav izdar\u012bts agr\u0101k.<\/p>\n<\/blockquote>\n<p>\u0160\u012b izv\u0113le vi\u0146ai \u013c\u0101vusi lab\u0101k apzin\u0101ties laika v\u0113rt\u012bbu un izbaud\u012bt kop\u0101 b\u016b\u0161anu ar tuv\u0101kajiem \u2014 d\u0113lu Kaupo un m\u012b\u013coto v\u012brieti, uz\u0146\u0113m\u0113ju J\u0101ni Kisielu.<\/p>\n<p>Aktrise nor\u0101da, ka atkl\u0101jusi jaunus projektus, iesp\u0113jas un darba partnerus, vienlaikus iev\u0113rojami vair\u0101k un kvalitat\u012bv\u0101k laika pavadot ar \u0123imeni. Tie\u0161i tas, p\u0113c Danevi\u010das dom\u0101m, ir \u0161\u0101 gada b\u016btisk\u0101kais secin\u0101jums \u2014 nepiecie\u0161ama drosme aizv\u0113rt durvis uz ierasto, lai pav\u0113rtu ce\u013cu jaunajam. Ar\u012b jaunaj\u0101 gad\u0101 vi\u0146a iecer\u0113jusi galveno uzman\u012bbu velt\u012bt saviem tuv\u0101kajiem, paral\u0113li mekl\u0113jot profesion\u0101lus izaicin\u0101jumus un rado\u0161u kvalit\u0101ti.<\/p>\n<p class=\"paragraph-muted\">Pla\u0161\u0101k lasi \u017eurn\u0101l\u0101 &#8220;Priv\u0101t\u0101 Dz\u012bve&#8221;.<\/p>\n<p class=\"paragraph-muted\">Izv\u0113lies savu soct\u012bklu platformu, lai sekotu LASI.LV: <a href=\"https:\/\/www.facebook.com\/portals.lasi.lv\" target=\"_blank\" rel=\"noopener noreferrer nofollow\">Facebook<\/a>, <a href=\"https:\/\/twitter.com\/lasilvportals\" target=\"_blank\" rel=\"noopener noreferrer nofollow\">X<\/a>, <a href=\"https:\/\/bsky.app\/profile\/lasilv.bsky.social\" target=\"_blank\" rel=\"noopener noreferrer nofollow\">Bluesky<\/a>, <a href=\"https:\/\/www.draugiem.lv\/lasilv\/?pg=4\" target=\"_blank\" rel=\"noopener noreferrer nofollow\">Draugiem<\/a>, <a href=\"https:\/\/www.threads.com\/@lasilv_zinas\" rel=\"nofollow noopener\" target=\"_blank\">Threads<\/a> vai ar\u012b <a href=\"https:\/\/www.instagram.com\/lasilv_zinas\/\" target=\"_blank\" rel=\"noopener noreferrer nofollow\">Instagram<\/a>. Pievienojies m\u016bsu las\u012bt\u0101ju pulkam, lai sa\u0146emtu \u012bpa\u0161i tev atlas\u012btu noder\u012bgu, praktisku un aktu\u0101lu saturu.\u00a0<\/p>\n<p style=\"margin-left:auto;\">Pieraksties LASI.LV redaktora v\u0113stkopai <a href=\"https:\/\/lasi.lv\/vestkopa\/lasi-lv-galvena-redaktora-vestkopa\" rel=\"nofollow noopener\" target=\"_blank\">\u0161eit<\/a>.<\/p>\n<p>Pieraksties v\u0113stkopai un divas reizes ned\u0113\u013c\u0101 sa\u0146em padzi\u013cin\u0101tu LASI.LV galven\u0101 redaktora aktu\u0101lo zi\u0146u, kompetentu viedok\u013cu un interesant\u0101ko interviju apkopojumu.<\/p>\n<p>Ko tu sa\u0146emsi:<\/p>\n<ul>\n<li>Daudzveid\u012bgus koment\u0101rus un kompetentus Latvijas Mediju \u017eurn\u0101listu un autoru viedok\u013cus par aktu\u0101lo<\/li>\n<li>Ekspertu koment\u0101rus par da\u017e\u0101diem praktiskiem, noder\u012bgiem tematiem<\/li>\n<li>Aizraujo\u0161us materi\u0101lus par v\u0113sturi, psiholo\u0123iju, kult\u016bru<\/li>\n<li>Gata \u0160\u013c\u016bkas karikat\u016bru<\/li>\n<li>Tav\u0101 e-pasta kast\u012bt\u0113 katru ceturtdienu<\/li>\n<\/ul>\n<p style=\"margin-left:auto;\">\u00a0<\/p>\n<p><script async src=\"https:\/\/platform.twitter.com\/widgets.js\" charset=\"utf-8\"><\/script><script async src=\"\/\/www.instagram.com\/embed.js\"><\/script><\/p>\n","protected":false},"excerpt":{"rendered":"Aktrise D\u0101rta Danevi\u010da \u0161\u0101 gada janv\u0101r\u012b pie\u0146\u0113musi noz\u012bm\u012bgu l\u0113mumu \u2014 p\u0113c 13 gadiem pamest darbu \u0161tata aktiera amat\u0101&hellip;\n","protected":false},"author":2,"featured_media":90025,"comment_status":"","ping_status":"","sticky":false,"template":"","format":"standard","meta":{"footnotes":""},"categories":[19],"tags":[89,90,35,39,38,36,37,34,40],"class_list":{"0":"post-90024","1":"post","2":"type-post","3":"status-publish","4":"format-standard","5":"has-post-thumbnail","7":"category-izklaide","8":"tag-entertainment","9":"tag-izklaide","10":"tag-latvia","11":"tag-latvian","12":"tag-latviesu","13":"tag-latviesu-valoda","14":"tag-latviesuvaloda","15":"tag-latvija","16":"tag-lv"},"share_on_mastodon":{"url":"https:\/\/pubeurope.com\/@lv\/115808863710016351","error":""},"_links":{"self":[{"href":"https:\/\/www.europesays.com\/lv\/wp-json\/wp\/v2\/posts\/90024","targetHints":{"allow":["GET"]}}],"collection":[{"href":"https:\/\/www.europesays.com\/lv\/wp-json\/wp\/v2\/posts"}],"about":[{"href":"https:\/\/www.europesays.com\/lv\/wp-json\/wp\/v2\/types\/post"}],"author":[{"embeddable":true,"href":"https:\/\/www.europesays.com\/lv\/wp-json\/wp\/v2\/users\/2"}],"replies":[{"embeddable":true,"href":"https:\/\/www.europesays.com\/lv\/wp-json\/wp\/v2\/comments?post=90024"}],"version-history":[{"count":0,"href":"https:\/\/www.europesays.com\/lv\/wp-json\/wp\/v2\/posts\/90024\/revisions"}],"wp:featuredmedia":[{"embeddable":true,"href":"https:\/\/www.europesays.com\/lv\/wp-json\/wp\/v2\/media\/90025"}],"wp:attachment":[{"href":"https:\/\/www.europesays.com\/lv\/wp-json\/wp\/v2\/media?parent=90024"}],"wp:term":[{"taxonomy":"category","embeddable":true,"href":"https:\/\/www.europesays.com\/lv\/wp-json\/wp\/v2\/categories?post=90024"},{"taxonomy":"post_tag","embeddable":true,"href":"https:\/\/www.europesays.com\/lv\/wp-json\/wp\/v2\/tags?post=90024"}],"curies":[{"name":"wp","href":"https:\/\/api.w.org\/{rel}","templated":true}]}}