{"id":90026,"date":"2025-12-30T14:00:08","date_gmt":"2025-12-30T14:00:08","guid":{"rendered":"https:\/\/www.europesays.com\/lv\/90026\/"},"modified":"2025-12-30T14:00:08","modified_gmt":"2025-12-30T14:00:08","slug":"klimata-un-energetikas-ministrs-darba-vizite-apmekle-jekabpils-novadu","status":"publish","type":"post","link":"https:\/\/www.europesays.com\/lv\/90026\/","title":{"rendered":"Klimata un ener\u0123\u0113tikas ministrs darba viz\u012bt\u0113 apmekl\u0113 J\u0113kabpils novadu"},"content":{"rendered":"<p>\u0160odien, 30.decembr\u012b darba viz\u012bt\u0113 J\u0113kabpils novadu apmekl\u0113ja Klimata un ener\u0123\u0113tikas ministrs Kaspars Melnis un ministra padomnieks strat\u0113\u0123isk\u0101s komunik\u0101cijas jaut\u0101jumos Krists Lei\u0161kalns.<\/p>\n<p>J\u0113kabpil\u012b ministrs tik\u0101s ar J\u0113kabpils novada domes priek\u0161s\u0113d\u0113t\u0101ju Raivi Ragaini, lai p\u0101rrun\u0101tu aktu\u0101los jaut\u0101jumus klimata un ener\u0123\u0113tikas jom\u0101.<\/p>\n<p>Viz\u012bt\u0113 p\u0101rrun\u0101tas elektroener\u0123ijas ra\u017eo\u0161anas, v\u0113ja parku projektu ieceres J\u0113kabpils novad\u0101, k\u0101 ar\u012b pa\u0161vald\u012bbai un iedz\u012bvot\u0101jiem pieejam\u0101s Klimata un ener\u0123\u0113tikas ministrijas atbalsta programmas daudzdz\u012bvok\u013cu \u0113k\u0101m saules pane\u013cu un akumulatoru uzst\u0101d\u012b\u0161anai, k\u0101 ar\u012b iesp\u0113jas centraliz\u0113t\u0101s siltumapg\u0101des sist\u0113mas uzlabo\u0161anai, veicinot energoefektivit\u0101ti un ilgtsp\u0113j\u012bgu re\u0123iona att\u012bst\u012bbu.<\/p>\n<p>Tik\u0161an\u0101s laik\u0101 p\u0101rrun\u0101ts J\u0113kabpils novada pa\u0161vald\u012bbas \u012bstenotais Baltijas j\u016bras re\u0123iona INTERREG programmas projekts nr. #C052 \u201cStartSun\u201d &#8211;\u00a0 Startapi saules energokopien\u0101m (\u201cStart-ups for Solar Energy Communities\u201d). Projekta m\u0113r\u0137is paredz energokopienas izveidi, nodro\u0161inot elektroener\u0123ijas koplieto\u0161anu starp pa\u0161vald\u012bbas \u0113k\u0101m. R. Ragainis ar ministru p\u0101rrun\u0101ja probl\u0113mjaut\u0101jumus \u0161\u012b pilotprojekta ievie\u0161anas gait\u0101.<\/p>\n<p>V\u0113l\u0101k ministrs kop\u0101 ar domes priek\u0161s\u0113d\u0113t\u0101ju apmekl\u0113ja vienu no liel\u0101kajiem saules pane\u013cu parkiem J\u0113kabpils novad\u0101. <\/p>\n<p>Viz\u012btes nosl\u0113gum\u0101 Klimata un ener\u0123\u0113tikas ministrs K. Melnis atzin\u012bgi nov\u0113rt\u0113ja J\u0113kabpils novada pa\u0161vald\u012bbas akt\u012bvo iesaisti atjaunojam\u0101s ener\u0123ijas att\u012bst\u012bb\u0101.<\/p>\n","protected":false},"excerpt":{"rendered":"\u0160odien, 30.decembr\u012b darba viz\u012bt\u0113 J\u0113kabpils novadu apmekl\u0113ja Klimata un ener\u0123\u0113tikas ministrs Kaspars Melnis un ministra padomnieks strat\u0113\u0123isk\u0101s komunik\u0101cijas&hellip;\n","protected":false},"author":2,"featured_media":90027,"comment_status":"","ping_status":"","sticky":false,"template":"","format":"standard","meta":{"footnotes":""},"categories":[5],"tags":[23,28,29,32,33,22,30,31,35,39,38,36,37,34,40,20,26,27,24,25,21],"class_list":{"0":"post-90026","1":"post","2":"type-post","3":"status-publish","4":"format-standard","5":"has-post-thumbnail","7":"category-aktualitates","8":"tag-aktualitates","9":"tag-breaking-news","10":"tag-breakingnews","11":"tag-featured-news","12":"tag-featurednews","13":"tag-headlines","14":"tag-latest-news","15":"tag-latestnews","16":"tag-latvia","17":"tag-latvian","18":"tag-latviesu","19":"tag-latviesu-valoda","20":"tag-latviesuvaloda","21":"tag-latvija","22":"tag-lv","23":"tag-news","24":"tag-popularakas-zinas","25":"tag-popularakaszinas","26":"tag-top-stories","27":"tag-topstories","28":"tag-zinas"},"share_on_mastodon":{"url":"https:\/\/pubeurope.com\/@lv\/115808883343053544","error":""},"_links":{"self":[{"href":"https:\/\/www.europesays.com\/lv\/wp-json\/wp\/v2\/posts\/90026","targetHints":{"allow":["GET"]}}],"collection":[{"href":"https:\/\/www.europesays.com\/lv\/wp-json\/wp\/v2\/posts"}],"about":[{"href":"https:\/\/www.europesays.com\/lv\/wp-json\/wp\/v2\/types\/post"}],"author":[{"embeddable":true,"href":"https:\/\/www.europesays.com\/lv\/wp-json\/wp\/v2\/users\/2"}],"replies":[{"embeddable":true,"href":"https:\/\/www.europesays.com\/lv\/wp-json\/wp\/v2\/comments?post=90026"}],"version-history":[{"count":0,"href":"https:\/\/www.europesays.com\/lv\/wp-json\/wp\/v2\/posts\/90026\/revisions"}],"wp:featuredmedia":[{"embeddable":true,"href":"https:\/\/www.europesays.com\/lv\/wp-json\/wp\/v2\/media\/90027"}],"wp:attachment":[{"href":"https:\/\/www.europesays.com\/lv\/wp-json\/wp\/v2\/media?parent=90026"}],"wp:term":[{"taxonomy":"category","embeddable":true,"href":"https:\/\/www.europesays.com\/lv\/wp-json\/wp\/v2\/categories?post=90026"},{"taxonomy":"post_tag","embeddable":true,"href":"https:\/\/www.europesays.com\/lv\/wp-json\/wp\/v2\/tags?post=90026"}],"curies":[{"name":"wp","href":"https:\/\/api.w.org\/{rel}","templated":true}]}}