{"id":90030,"date":"2025-12-30T14:05:09","date_gmt":"2025-12-30T14:05:09","guid":{"rendered":"https:\/\/www.europesays.com\/lv\/90030\/"},"modified":"2025-12-30T14:05:09","modified_gmt":"2025-12-30T14:05:09","slug":"afrikas-cuku-mera-uzliesmojums-majas-cuku-novietne-liksnas-pagasta","status":"publish","type":"post","link":"https:\/\/www.europesays.com\/lv\/90030\/","title":{"rendered":"\u0100frikas c\u016bku m\u0113ra uzliesmojums m\u0101jas c\u016bku novietn\u0113 L\u012bksnas pagast\u0101"},"content":{"rendered":"<p>Konstat\u0113ts \u0161ogad jau 12 \u0100frikas c\u016bku m\u0113ra (\u0100CM) uzliesmojums m\u0101jas c\u016bku novietn\u0113s Latvij\u0101. Slim\u012bba konstat\u0113ta Aug\u0161daugavas novada L\u012bksnas pagast\u0101 piem\u0101jas saimniec\u012bb\u0101 ar \u010detr\u0101m c\u016bk\u0101m. P\u0101rtikas un veterin\u0101rais dienests (PVD) novietn\u0113 veic slim\u012bbas apkaro\u0161anas un ierobe\u017eo\u0161anas pas\u0101kumus, k\u0101 ar\u012b epidemiolo\u0123isko izmekl\u0113\u0161anu.<\/p>\n<p>Lai likvid\u0113tu uzliesmojuma per\u0113kli un nepie\u013cautu slim\u012bbas t\u0101l\u0101ku izplat\u012b\u0161anos, visas novietn\u0113 eso\u0161\u0101s c\u016bkas tiks likvid\u0113tas. Ap \u0100CM skarto novietni ir noteikta karant\u012bnas zona. \u0160aj\u0101 teritorij\u0101 eso\u0161aj\u0101s novietn\u0113s PVD pastiprin\u0101ti p\u0101rbaud\u012bs c\u016bku vesel\u012bbas st\u0101vokli un biodro\u0161\u012bbas pras\u012bbu iev\u0113ro\u0161anu. Karant\u012bnas zon\u0101 ir noteikti ierobe\u017eojumi c\u016bku un c\u016bku izcelsmes produktu p\u0101rvieto\u0161anai.<\/p>\n<p>\u0160ogad \u0100CM ir konstat\u0113ts 1\u00a0474 me\u017ea c\u016bk\u0101m, kas ir galvenais slim\u012bbas rezervu\u0101rs dab\u0101.<\/p>\n<p>PVD atg\u0101dina c\u016bku tur\u0113t\u0101jiem \u2013 vien\u012bgais k\u0101 c\u016bkas pasarg\u0101t no saslim\u0161anas, ir stingra biodro\u0161\u012bbas pras\u012bbu iev\u0113ro\u0161ana.<\/p>\n<p>Maz\u0101s novietn\u0113s b\u016btisk\u0101kais ir nepie\u013caut m\u0101jas c\u016bku un t\u0101m paredz\u0113t\u0101s bar\u012bbas kontaktu ar savva\u013cas dz\u012bvniekiem \u2013 c\u016bkas nedr\u012bkst laist \u0101r\u0101, t\u0101s nedr\u012bkst barot ar za\u013cbar\u012bbu, p\u0101rtikas produktu p\u0101rpalikumiem un citiem termiski neapstr\u0101d\u0101tiem augu izcelsmes produktiem. T\u0101pat nedr\u012bkst lietot pakai\u0161us, kuriem var\u0113tu b\u016bt piek\u013cuvu\u0161i savva\u013cas dz\u012bvnieki. Lai v\u012brusu novietn\u0113 neienestu ar apaviem, pie ieejas c\u016bku novietn\u0113 tie ir j\u0101nomaina un j\u0101dezinfic\u0113.<\/p>\n<p>Ja ir aizdomas par dz\u012bvnieku saslim\u0161anu, nekav\u0113joties j\u0101sazin\u0101s ar veterin\u0101r\u0101rstu.<\/p>\n<p>          <img decoding=\"async\" src=\"https:\/\/www.europesays.com\/lv\/wp-content\/uploads\/2025\/12\/1765959310_789_logo-lv.png\" alt=\"\"\/><\/p>\n<p>                  \u0160\u012b inform\u0101cija ir publisks pazi\u0146ojums un neatspogu\u013co LV port\u0101la viedokli. Par t\u0101s saturu atbild ies\u016bt\u012bt\u0101js. <a data-popup=\"rules\">Public\u0113\u0161anas noteikumi<\/a><\/p>\n","protected":false},"excerpt":{"rendered":"Konstat\u0113ts \u0161ogad jau 12 \u0100frikas c\u016bku m\u0113ra (\u0100CM) uzliesmojums m\u0101jas c\u016bku novietn\u0113s Latvij\u0101. Slim\u012bba konstat\u0113ta Aug\u0161daugavas novada L\u012bksnas&hellip;\n","protected":false},"author":2,"featured_media":90031,"comment_status":"","ping_status":"","sticky":false,"template":"","format":"standard","meta":{"footnotes":""},"categories":[12],"tags":[23,28,29,32,33,22,30,31,35,39,38,36,37,34,40,20,26,27,24,25,21],"class_list":{"0":"post-90030","1":"post","2":"type-post","3":"status-publish","4":"format-standard","5":"has-post-thumbnail","7":"category-latvija","8":"tag-aktualitates","9":"tag-breaking-news","10":"tag-breakingnews","11":"tag-featured-news","12":"tag-featurednews","13":"tag-headlines","14":"tag-latest-news","15":"tag-latestnews","16":"tag-latvia","17":"tag-latvian","18":"tag-latviesu","19":"tag-latviesu-valoda","20":"tag-latviesuvaloda","21":"tag-latvija","22":"tag-lv","23":"tag-news","24":"tag-popularakas-zinas","25":"tag-popularakaszinas","26":"tag-top-stories","27":"tag-topstories","28":"tag-zinas"},"share_on_mastodon":{"url":"https:\/\/pubeurope.com\/@lv\/115808903040153260","error":""},"_links":{"self":[{"href":"https:\/\/www.europesays.com\/lv\/wp-json\/wp\/v2\/posts\/90030","targetHints":{"allow":["GET"]}}],"collection":[{"href":"https:\/\/www.europesays.com\/lv\/wp-json\/wp\/v2\/posts"}],"about":[{"href":"https:\/\/www.europesays.com\/lv\/wp-json\/wp\/v2\/types\/post"}],"author":[{"embeddable":true,"href":"https:\/\/www.europesays.com\/lv\/wp-json\/wp\/v2\/users\/2"}],"replies":[{"embeddable":true,"href":"https:\/\/www.europesays.com\/lv\/wp-json\/wp\/v2\/comments?post=90030"}],"version-history":[{"count":0,"href":"https:\/\/www.europesays.com\/lv\/wp-json\/wp\/v2\/posts\/90030\/revisions"}],"wp:featuredmedia":[{"embeddable":true,"href":"https:\/\/www.europesays.com\/lv\/wp-json\/wp\/v2\/media\/90031"}],"wp:attachment":[{"href":"https:\/\/www.europesays.com\/lv\/wp-json\/wp\/v2\/media?parent=90030"}],"wp:term":[{"taxonomy":"category","embeddable":true,"href":"https:\/\/www.europesays.com\/lv\/wp-json\/wp\/v2\/categories?post=90030"},{"taxonomy":"post_tag","embeddable":true,"href":"https:\/\/www.europesays.com\/lv\/wp-json\/wp\/v2\/tags?post=90030"}],"curies":[{"name":"wp","href":"https:\/\/api.w.org\/{rel}","templated":true}]}}