{"id":90036,"date":"2025-12-30T14:11:08","date_gmt":"2025-12-30T14:11:08","guid":{"rendered":"https:\/\/www.europesays.com\/lv\/90036\/"},"modified":"2025-12-30T14:11:08","modified_gmt":"2025-12-30T14:11:08","slug":"konstatets-acm-uzliesmojums-liksnas-pagasta","status":"publish","type":"post","link":"https:\/\/www.europesays.com\/lv\/90036\/","title":{"rendered":"Konstat\u0113ts \u0100CM uzliesmojums L\u012bksnas pagast\u0101"},"content":{"rendered":"<p>T\u0101pat PVD atg\u0101dina, ja ir aizdomas par dz\u012bvnieku saslim\u0161anu, nekav\u0113joties j\u0101sazin\u0101s ar veterin\u0101r\u0101rstu.<\/p>\n<p>\u0160ogad Latvij\u0101 re\u0123istr\u0113ti kopum\u0101 12. \u0100CM uzliesmojumi m\u0101jas c\u016bku novietn\u0113s, kur\u0101s ir kopum\u0101 vair\u0101k nek\u0101 28 000 c\u016bku. Tostarp slim\u012bba konstat\u0113ta ar\u012b div\u0101s komercferm\u0101s &#8211; SIA &#8220;Nygaard International&#8221; c\u016bku novietn\u0113 ar 4900 c\u016bk\u0101m Talsu novada \u0122ibu\u013cu pagast\u0101 un SIA &#8220;Baltic Pork&#8221; c\u016bku novietn\u0113 ar vair\u0101k nek\u0101 23 000 c\u016bk\u0101m Ogres novada Lauberes pagast\u0101.<\/p>\n<p>Savuk\u0101rt p\u0113rn Latvij\u0101 visa gada laik\u0101 slim\u012bba tika konstat\u0113ta septi\u0146\u0101s saimniec\u012bb\u0101s ar kopum\u0101 595 m\u0101jas c\u016bk\u0101m.<\/p>\n<p>Me\u017eac\u016bku popul\u0101cij\u0101 \u0100CM \u0161ogad Latvij\u0101 ir konstat\u0113ts 1474 me\u017eac\u016bk\u0101m 29 novadu 196 pagastos un \u010detru pils\u0113tu teritorij\u0101s.<\/p>\n<p>Kop\u0161 2014. gada j\u016bnija, kad Latvij\u0101 pirmo reizi tika re\u0123istr\u0113ts \u0100CM, v\u012bruss konstat\u0113ts kopum\u0101 11 185 me\u017eac\u016bk\u0101m, tostarp 2014. gad\u0101 Latvij\u0101 \u0100CM tika konstat\u0113ts 217 me\u017eac\u016bk\u0101m, 2015. gad\u0101 &#8211; 1048, 2016. gad\u0101 &#8211; 1146, 2017. gad\u0101 &#8211; 1431, 2018. gad\u0101 &#8211; 905, 2019. gad\u0101 &#8211; 430, 2020. gad\u0101 &#8211; 377, 2021. gad\u0101 &#8211; 448, 2022. gad\u0101 &#8211; 1274 me\u017eac\u016bk\u0101m, 2023. gad\u0101 &#8211; 1002 me\u017eac\u016bk\u0101m, bet 2024. gad\u0101 &#8211; 1433 me\u017eac\u016bk\u0101m.<\/p>\n<p>\u0100CM Latvij\u0101 pirmoreiz tika re\u0123istr\u0113ts 2014. gada j\u016bnij\u0101 trim me\u017eac\u016bk\u0101m da\u017eus metrus no Baltkrievijas robe\u017eas. \u0100CM ir \u013coti b\u012bstama saslim\u0161ana, un m\u0101jas c\u016bku novietn\u0113, kur\u0101 slim\u012bba konstat\u0113ta, ir j\u0101nokauj viss gan\u0101mpulks.<\/p>\n<p>PVD ir Zemkop\u012bbas ministrijas p\u0101rraudz\u012bb\u0101 eso\u0161a valsts p\u0101rvaldes iest\u0101de, kas veic p\u0101rtikas aprites un veterin\u0101rmedic\u012bnas nozares valsts uzraudz\u012bbu un kontroli.<\/p>\n","protected":false},"excerpt":{"rendered":"T\u0101pat PVD atg\u0101dina, ja ir aizdomas par dz\u012bvnieku saslim\u0161anu, nekav\u0113joties j\u0101sazin\u0101s ar veterin\u0101r\u0101rstu. \u0160ogad Latvij\u0101 re\u0123istr\u0113ti kopum\u0101 12.&hellip;\n","protected":false},"author":2,"featured_media":90037,"comment_status":"","ping_status":"","sticky":false,"template":"","format":"standard","meta":{"footnotes":""},"categories":[12],"tags":[4523,23,28,29,32,33,22,30,31,35,39,38,36,37,34,40,20,5026,26,27,4526,24,25,21],"class_list":{"0":"post-90036","1":"post","2":"type-post","3":"status-publish","4":"format-standard","5":"has-post-thumbnail","7":"category-latvija","8":"tag-afrikas-cuku-meris","9":"tag-aktualitates","10":"tag-breaking-news","11":"tag-breakingnews","12":"tag-featured-news","13":"tag-featurednews","14":"tag-headlines","15":"tag-latest-news","16":"tag-latestnews","17":"tag-latvia","18":"tag-latvian","19":"tag-latviesu","20":"tag-latviesu-valoda","21":"tag-latviesuvaloda","22":"tag-latvija","23":"tag-lv","24":"tag-news","25":"tag-partikas-un-veterinarais-dienests-pvd","26":"tag-popularakas-zinas","27":"tag-popularakaszinas","28":"tag-pvd","29":"tag-top-stories","30":"tag-topstories","31":"tag-zinas"},"share_on_mastodon":{"url":"https:\/\/pubeurope.com\/@lv\/115808926684172728","error":""},"_links":{"self":[{"href":"https:\/\/www.europesays.com\/lv\/wp-json\/wp\/v2\/posts\/90036","targetHints":{"allow":["GET"]}}],"collection":[{"href":"https:\/\/www.europesays.com\/lv\/wp-json\/wp\/v2\/posts"}],"about":[{"href":"https:\/\/www.europesays.com\/lv\/wp-json\/wp\/v2\/types\/post"}],"author":[{"embeddable":true,"href":"https:\/\/www.europesays.com\/lv\/wp-json\/wp\/v2\/users\/2"}],"replies":[{"embeddable":true,"href":"https:\/\/www.europesays.com\/lv\/wp-json\/wp\/v2\/comments?post=90036"}],"version-history":[{"count":0,"href":"https:\/\/www.europesays.com\/lv\/wp-json\/wp\/v2\/posts\/90036\/revisions"}],"wp:featuredmedia":[{"embeddable":true,"href":"https:\/\/www.europesays.com\/lv\/wp-json\/wp\/v2\/media\/90037"}],"wp:attachment":[{"href":"https:\/\/www.europesays.com\/lv\/wp-json\/wp\/v2\/media?parent=90036"}],"wp:term":[{"taxonomy":"category","embeddable":true,"href":"https:\/\/www.europesays.com\/lv\/wp-json\/wp\/v2\/categories?post=90036"},{"taxonomy":"post_tag","embeddable":true,"href":"https:\/\/www.europesays.com\/lv\/wp-json\/wp\/v2\/tags?post=90036"}],"curies":[{"name":"wp","href":"https:\/\/api.w.org\/{rel}","templated":true}]}}