{"id":90038,"date":"2025-12-30T14:12:10","date_gmt":"2025-12-30T14:12:10","guid":{"rendered":"https:\/\/www.europesays.com\/lv\/90038\/"},"modified":"2025-12-30T14:12:10","modified_gmt":"2025-12-30T14:12:10","slug":"ridzinieki-atbalsta-nakts-transporta-ieviesanu-un-gajeju-ielu-attistibu-galvaspilseta","status":"publish","type":"post","link":"https:\/\/www.europesays.com\/lv\/90038\/","title":{"rendered":"R\u012bdzinieki atbalsta nakts transporta ievie\u0161anu un g\u0101j\u0113ju ielu att\u012bst\u012bbu galvaspils\u0113t\u0101"},"content":{"rendered":"<p>P\u0113t\u012bjumu centra \u201cSKDS\u201d gada nogal\u0113 veiktaj\u0101 aptauj\u0101 noskaidrots, ka R\u012bg\u0101 deklar\u0113tie iedz\u012bvot\u0101ji vecum\u0101 no 18 l\u012bdz 75 gadiem pozit\u012bvi v\u0113rt\u0113 \u0161ogad ieviestos satiksmes organiz\u0101cijas jaunin\u0101jumus, tostarp g\u0101j\u0113ju ielas un nakts sabiedrisko transportu.<\/p>\n<p>Kopum\u0101 par g\u0101j\u0113ju ielu izveidi iest\u0101jas 76% respondentu. Visvair\u0101k respondentu, aptuveni tre\u0161da\u013ca, uzskata, ka T\u0113rbatas iela b\u016btu piem\u0113rota p\u0101rveido\u0161anai par g\u0101j\u0113ju ielu. Nedaudz maz\u0101k aptauj\u0101to iest\u0101jas par \u0122ertr\u016bdes, Antonijas un Dzirnavu ielu atv\u0113l\u0113\u0161anu tikai g\u0101j\u0113jiem.<\/p>\n<p>\u0160ogad Eiropas mobilit\u0101tes ned\u0113\u013cas laik\u0101 par \u012bslaic\u012bg\u0101m g\u0101j\u0113ju iel\u0101m tika p\u0101rveidoti Dzirnavu ielas posms no Kri\u0161j\u0101\u0146a Valdem\u0101ra ielas l\u012bdz Antonijas ielai un Antonijas ielas posms no Dzirnavu l\u012bdz Elizabetes ielai. Divu dienu garum\u0101 \u0161ajos posmos tika sl\u0113gta transportl\u012bdzek\u013cu satiksme, ielu telpu atdodot iedz\u012bvot\u0101jiem un R\u012bgas viesiem.<\/p>\n<p>\u201cSa\u0146emot vair\u0101kas pozit\u012bvas atsauksmes, jau n\u0101kamgad pl\u0101nojam izstr\u0101d\u0101t un ieviest periodisku satiksmes sl\u0113g\u0161anu Antonijas iel\u0101\u201d, piebilst R\u012bgas domes Satiksmes un transporta lietu komitejas priek\u0161s\u0113d\u0113t\u0101ja Marta Kotello. \u201cAptaujas rezult\u0101ti r\u0101da, ka atbalsts g\u0101j\u0113ju ielu izveidei ir augsts un ka test\u0113tajiem risin\u0101jumiem ir potenci\u0101ls. P\u0113c T\u0113rbatas ielas \u012bslaic\u012bg\u0101s p\u0101rveido\u0161anas par g\u0101j\u0113ju ielu 2020. gada vasar\u0101 b\u016btiski so\u013ci uz priek\u0161u diem\u017e\u0113l nav sekoju\u0161i. T\u0101p\u0113c man ir svar\u012bgi, ka n\u0101kamgad str\u0101d\u0101jam tie\u0161i pie g\u0101j\u0113ju ielu mar\u0161ruta izveides un t\u0101 pak\u0101peniskas ievie\u0161anas gan R\u012bgas centr\u0101, gan apkaim\u0113s. R\u012bga to ir peln\u012bjusi!\u201d uzsver M.Kotello.<\/p>\n<p>Nakts sabiedrisk\u0101 transporta ievie\u0161anu un t\u0101 nodro\u0161in\u0101\u0161anu R\u012bg\u0101 ar\u012b nakts stund\u0101s atbalsta gandr\u012bz visi aptauj\u0101tie \u2013 80 %, kas liecina par augstu sabiedr\u012bbas atbalstu un iev\u0113rojamu vienpr\u0101t\u012bbu \u0161aj\u0101 jaut\u0101jum\u0101.<\/p>\n<p>\u0160ogad nakts transports R\u012bg\u0101 tika \u012bstenots pilotprojekt\u0101 \u201cPar sabiedrisk\u0101 transporta pakalpojuma snieg\u0161anu nakts stund\u0101s 2025. gada siltaj\u0101 sezon\u0101\u201d, kuram finans\u0113jums tika pie\u0161\u0137irts eso\u0161\u0101 bud\u017eeta ietvaros. Atg\u0101din\u0101m, ka nakts transports kurs\u0113ja tr\u012bs mar\u0161rutos: N1 \u201cCentrs \u2013 Teika \u2013 Jugla \u2013 Me\u017eciems; N4 \u201cCentrs \u2013 \u0100genskalns \u2013 Zolit\u016bde \u2013 Imanta\u201d; N6 \u201cCentrs \u2013 Purvciems \u2013 P\u013cavnieki \u2013 D\u0101rzciems.<\/p>\n<p>Ar visiem aptauju rezult\u0101tiem var iepaz\u012bties <a href=\"https:\/\/www.riga.lv\/lv\/sabiedriskas-domas-petijumi\" target=\"_blank\" rel=\"nofollow noopener\">pa\u0161vald\u012bbas m\u0101jaslap\u0101<\/a>.<\/p>\n<p>          <img decoding=\"async\" src=\"https:\/\/www.europesays.com\/lv\/wp-content\/uploads\/2025\/12\/1765959310_789_logo-lv.png\" alt=\"\"\/><\/p>\n<p>                  \u0160\u012b inform\u0101cija ir publisks pazi\u0146ojums un neatspogu\u013co LV port\u0101la viedokli. Par t\u0101s saturu atbild ies\u016bt\u012bt\u0101js. <a data-popup=\"rules\">Public\u0113\u0161anas noteikumi<\/a><\/p>\n","protected":false},"excerpt":{"rendered":"P\u0113t\u012bjumu centra \u201cSKDS\u201d gada nogal\u0113 veiktaj\u0101 aptauj\u0101 noskaidrots, ka R\u012bg\u0101 deklar\u0113tie iedz\u012bvot\u0101ji vecum\u0101 no 18 l\u012bdz 75 gadiem&hellip;\n","protected":false},"author":2,"featured_media":79472,"comment_status":"","ping_status":"","sticky":false,"template":"","format":"standard","meta":{"footnotes":""},"categories":[5],"tags":[23,28,29,32,33,22,30,31,35,39,38,36,37,34,40,20,26,27,24,25,21],"class_list":{"0":"post-90038","1":"post","2":"type-post","3":"status-publish","4":"format-standard","5":"has-post-thumbnail","7":"category-aktualitates","8":"tag-aktualitates","9":"tag-breaking-news","10":"tag-breakingnews","11":"tag-featured-news","12":"tag-featurednews","13":"tag-headlines","14":"tag-latest-news","15":"tag-latestnews","16":"tag-latvia","17":"tag-latvian","18":"tag-latviesu","19":"tag-latviesu-valoda","20":"tag-latviesuvaloda","21":"tag-latvija","22":"tag-lv","23":"tag-news","24":"tag-popularakas-zinas","25":"tag-popularakaszinas","26":"tag-top-stories","27":"tag-topstories","28":"tag-zinas"},"share_on_mastodon":{"url":"https:\/\/pubeurope.com\/@lv\/115808930565552970","error":""},"_links":{"self":[{"href":"https:\/\/www.europesays.com\/lv\/wp-json\/wp\/v2\/posts\/90038","targetHints":{"allow":["GET"]}}],"collection":[{"href":"https:\/\/www.europesays.com\/lv\/wp-json\/wp\/v2\/posts"}],"about":[{"href":"https:\/\/www.europesays.com\/lv\/wp-json\/wp\/v2\/types\/post"}],"author":[{"embeddable":true,"href":"https:\/\/www.europesays.com\/lv\/wp-json\/wp\/v2\/users\/2"}],"replies":[{"embeddable":true,"href":"https:\/\/www.europesays.com\/lv\/wp-json\/wp\/v2\/comments?post=90038"}],"version-history":[{"count":0,"href":"https:\/\/www.europesays.com\/lv\/wp-json\/wp\/v2\/posts\/90038\/revisions"}],"wp:featuredmedia":[{"embeddable":true,"href":"https:\/\/www.europesays.com\/lv\/wp-json\/wp\/v2\/media\/79472"}],"wp:attachment":[{"href":"https:\/\/www.europesays.com\/lv\/wp-json\/wp\/v2\/media?parent=90038"}],"wp:term":[{"taxonomy":"category","embeddable":true,"href":"https:\/\/www.europesays.com\/lv\/wp-json\/wp\/v2\/categories?post=90038"},{"taxonomy":"post_tag","embeddable":true,"href":"https:\/\/www.europesays.com\/lv\/wp-json\/wp\/v2\/tags?post=90038"}],"curies":[{"name":"wp","href":"https:\/\/api.w.org\/{rel}","templated":true}]}}