{"id":90039,"date":"2025-12-30T14:13:07","date_gmt":"2025-12-30T14:13:07","guid":{"rendered":"https:\/\/www.europesays.com\/lv\/90039\/"},"modified":"2025-12-30T14:13:07","modified_gmt":"2025-12-30T14:13:07","slug":"liksnas-pagasta-konstate-afrikas-cuku-mera-uzliesmojumu-majas-cuku-novietne","status":"publish","type":"post","link":"https:\/\/www.europesays.com\/lv\/90039\/","title":{"rendered":"L\u012bksnas pagast\u0101 konstat\u0113 \u0100frikas c\u016bku m\u0113ra uzliesmojumu m\u0101jas c\u016bku novietn\u0113"},"content":{"rendered":"<p>PVD novietn\u0113 veic slim\u012bbas apkaro\u0161anas un ierobe\u017eo\u0161anas pas\u0101kumus, k\u0101 ar\u012b epidemiolo\u0123isko izmekl\u0113\u0161anu.<\/p>\n<p>Ap \u0100CM skarto novietni ir noteikta karant\u012bnas zona \u2013 \u0161aj\u0101 teritorij\u0101 eso\u0161aj\u0101s novietn\u0113s PVD pastiprin\u0101ti p\u0101rbaud\u012bs c\u016bku vesel\u012bbas st\u0101vokli un biodro\u0161\u012bbas pras\u012bbu iev\u0113ro\u0161anu. Karant\u012bnas zon\u0101 ir noteikti ierobe\u017eojumi c\u016bku un c\u016bku izcelsmes produktu p\u0101rvieto\u0161anai.<\/p>\n<p>PVD atg\u0101dina, ka vien\u012bgais veids, k\u0101 pasarg\u0101t m\u0101jas c\u016bkas no saslim\u0161anas ar \u0161o n\u0101v\u0113jo\u0161o v\u012brusu, ir stingra biodro\u0161\u012bbas iev\u0113ro\u0161ana.<\/p>\n<p>Dienest\u0101 uzsver, ka mazaj\u0101s novietn\u0113s b\u016btisk\u0101kais ir nepie\u013caut m\u0101jas c\u016bku un t\u0101m paredz\u0113t\u0101s bar\u012bbas kontaktu ar savva\u013cas dz\u012bvniekiem \u2013 c\u016bkas nedr\u012bkst laist \u0101r\u0101, t\u0101s nedr\u012bkst barot ar za\u013cbar\u012bbu, p\u0101rtikas produktu p\u0101rpalikumiem un citiem termiski neapstr\u0101d\u0101tiem augu izcelsmes produktiem. T\u0101pat nedr\u012bkst lietot pakai\u0161us, kuriem var\u0113tu b\u016bt piek\u013cuvu\u0161i savva\u013cas dz\u012bvnieki. Lai v\u012brusu novietn\u0113 neienestu ar apaviem, pie ieejas c\u016bku novietn\u0113 tie ir j\u0101nomaina un j\u0101dezinfic\u0113.<\/p>\n<p>T\u0101pat PVD atg\u0101dina, ja ir aizdomas par dz\u012bvnieku saslim\u0161anu, nekav\u0113joties j\u0101sazin\u0101s ar veterin\u0101r\u0101rstu.<\/p>\n<p>\u0160ogad Latvij\u0101 re\u0123istr\u0113ti kopum\u0101 12. \u0100CM uzliesmojumi m\u0101jas c\u016bku novietn\u0113s, kur\u0101s ir kopum\u0101 vair\u0101k nek\u0101 28 000 c\u016bku. Tostarp slim\u012bba konstat\u0113ta ar\u012b div\u0101s komercferm\u0101s \u2013 SIA \u201cNygaard International\u201d c\u016bku novietn\u0113 ar 4900 c\u016bk\u0101m Talsu novada \u0122ibu\u013cu pagast\u0101 un SIA \u201cBaltic Pork\u201d c\u016bku novietn\u0113 ar vair\u0101k nek\u0101 23 000 c\u016bk\u0101m Ogres novada Lauberes pagast\u0101.<\/p>\n<p class=\"tv3-fw-500\">Zi\u0146o par k\u013c\u016bdu rakst\u0101<\/p>\n<p class=\"d-md-block d-none\">Iez\u012bm\u0113 k\u013c\u016bdaino tekstu un spied Ctrl+Enter.<\/p>\n<p class=\"d-md-none d-block\">Iez\u012bm\u0113 k\u013c\u016bdaino tekstu un zi\u0146o par to!<\/p>\n","protected":false},"excerpt":{"rendered":"PVD novietn\u0113 veic slim\u012bbas apkaro\u0161anas un ierobe\u017eo\u0161anas pas\u0101kumus, k\u0101 ar\u012b epidemiolo\u0123isko izmekl\u0113\u0161anu. Ap \u0100CM skarto novietni ir noteikta&hellip;\n","protected":false},"author":2,"featured_media":90040,"comment_status":"","ping_status":"","sticky":false,"template":"","format":"standard","meta":{"footnotes":""},"categories":[19],"tags":[22744,89,90,35,39,38,36,37,34,40],"class_list":{"0":"post-90039","1":"post","2":"type-post","3":"status-publish","4":"format-standard","5":"has-post-thumbnail","7":"category-izklaide","8":"tag-afrikas-cuku-merispvd","9":"tag-entertainment","10":"tag-izklaide","11":"tag-latvia","12":"tag-latvian","13":"tag-latviesu","14":"tag-latviesu-valoda","15":"tag-latviesuvaloda","16":"tag-latvija","17":"tag-lv"},"share_on_mastodon":{"url":"https:\/\/pubeurope.com\/@lv\/115808934467858821","error":""},"_links":{"self":[{"href":"https:\/\/www.europesays.com\/lv\/wp-json\/wp\/v2\/posts\/90039","targetHints":{"allow":["GET"]}}],"collection":[{"href":"https:\/\/www.europesays.com\/lv\/wp-json\/wp\/v2\/posts"}],"about":[{"href":"https:\/\/www.europesays.com\/lv\/wp-json\/wp\/v2\/types\/post"}],"author":[{"embeddable":true,"href":"https:\/\/www.europesays.com\/lv\/wp-json\/wp\/v2\/users\/2"}],"replies":[{"embeddable":true,"href":"https:\/\/www.europesays.com\/lv\/wp-json\/wp\/v2\/comments?post=90039"}],"version-history":[{"count":0,"href":"https:\/\/www.europesays.com\/lv\/wp-json\/wp\/v2\/posts\/90039\/revisions"}],"wp:featuredmedia":[{"embeddable":true,"href":"https:\/\/www.europesays.com\/lv\/wp-json\/wp\/v2\/media\/90040"}],"wp:attachment":[{"href":"https:\/\/www.europesays.com\/lv\/wp-json\/wp\/v2\/media?parent=90039"}],"wp:term":[{"taxonomy":"category","embeddable":true,"href":"https:\/\/www.europesays.com\/lv\/wp-json\/wp\/v2\/categories?post=90039"},{"taxonomy":"post_tag","embeddable":true,"href":"https:\/\/www.europesays.com\/lv\/wp-json\/wp\/v2\/tags?post=90039"}],"curies":[{"name":"wp","href":"https:\/\/api.w.org\/{rel}","templated":true}]}}