{"id":90043,"date":"2025-12-30T14:18:06","date_gmt":"2025-12-30T14:18:06","guid":{"rendered":"https:\/\/www.europesays.com\/lv\/90043\/"},"modified":"2025-12-30T14:18:06","modified_gmt":"2025-12-30T14:18:06","slug":"holivudas-zvaigzne-klunijs-ar-sievu-ieguvusi-francijas-pilsonibu-raksts","status":"publish","type":"post","link":"https:\/\/www.europesays.com\/lv\/90043\/","title":{"rendered":"Holivudas zvaigzne Kl\u016bnijs ar sievu ieguvu\u0161i Francijas pilson\u012bbu \/ Raksts"},"content":{"rendered":"<p>Holivudas aktierim D\u017eord\u017eam Kl\u016bnijam, vi\u0146a sievai Amalai un dv\u012b\u0146iem Ellai un Aleksandram pie\u0161\u0137irta Francijas pilson\u012bba, liecina ofici\u0101laj\u0101 v\u0113stnes\u012b public\u0113tais Francijas vald\u012bbas r\u012bkojums.<\/p>\n<p>Kl\u016bniji 2021. gad\u0101 ieg\u0101d\u0101j\u0101s nekustamo \u012bpa\u0161umu Francij\u0101.<\/p>\n<p>Oktobr\u012b intervij\u0101 izdevumam &#8220;Esquire&#8221; 64 gadus vecais aktieris savu un 47 gadus vec\u0101s sievas &#8220;fermu Francij\u0101&#8221; raksturoja k\u0101 \u0123imenes pamata dz\u012bvesvietu.<\/p>\n<blockquote>\n<p>Kl\u016bnijs atzina, ka &#8220;bija noraiz\u0113jies par b\u0113rnu audzin\u0101\u0161anu Losand\u017eelos\u0101, Holivudas kult\u016bru&#8221;.<\/p>\n<\/blockquote>\n<p>&#8220;Es negribu, lai vi\u0146i staig\u0101tu apk\u0101rt, uztraucoties par paparaci. Es negribu, lai vi\u0146us sal\u012bdzin\u0101tu ar k\u0101da cita slavenajiem b\u0113rniem,&#8221; teica divas ASV Kinoakad\u0113mijas balvas &#8220;Oskars&#8221; sa\u0146\u0113mu\u0161ais aktieris.<\/p>\n<p>Pagaid\u0101m nav skaidrs, vai Kl\u016bnijs ir saglab\u0101jis ar\u012b ASV pilson\u012bbu.<\/p>\n<p>Amala Kl\u016bnija ir dzimusi Lib\u0101n\u0101 un augusi Lielbrit\u0101nij\u0101, savuk\u0101rt p\u0101ra asto\u0146us gadus vecie dv\u012b\u0146i ir dzimu\u0161i London\u0101.<\/p>\n<p>Kl\u016bnijs un britu cilv\u0113kties\u012bbu advok\u0101te Amala Alamudina 2014. gad\u0101 apprec\u0113j\u0101s Ven\u0113cij\u0101. Alamudina divas ned\u0113\u013cas p\u0113c k\u0101z\u0101m p\u0101rg\u0101ja v\u012bra uzv\u0101rd\u0101, ta\u010du Francijas vald\u012bbas pazi\u0146ojum\u0101 nor\u0101d\u012bts, ka vi\u0146a naturaliz\u0113ta ar pirmslaul\u012bbu uzv\u0101rdu.<\/p>\n<p>2017. gad\u0101 p\u0101ris k\u013cuva par dv\u012b\u0146u vec\u0101kiem<\/p>\n<p>                    Valodas k\u013c\u016bda rakst\u0101?<\/p>\n<p class=\"d-none d-md-block\">Iez\u012bm\u0113jiet tekstu un spiediet Ctrl+Enter, lai nos\u016bt\u012btu labojamo teksta fragmentu redaktoram! Par faktu k\u013c\u016bd\u0101m l\u016bdzam zi\u0146ot e-past\u0101 <a href=\"https:\/\/www.lsm.lv\/cdn-cgi\/l\/email-protection\" class=\"__cf_email__\" data-cfemail=\"730116171218101a1912331f001e5d1f05\" rel=\"nofollow noopener\" target=\"_blank\">[email\u00a0protected]<\/a>.<\/p>\n<p class=\"d-md-none\">Iez\u012bm\u0113jiet tekstu un spiediet uz Zi\u0146ot par k\u013c\u016bdu pogas, lai nos\u016bt\u012btu labojamo teksta fragmentu redaktoram!<\/p>\n<p>\n                    Zi\u0146ot par k\u013c\u016bdu\n                <\/p>\n","protected":false},"excerpt":{"rendered":"Holivudas aktierim D\u017eord\u017eam Kl\u016bnijam, vi\u0146a sievai Amalai un dv\u012b\u0146iem Ellai un Aleksandram pie\u0161\u0137irta Francijas pilson\u012bba, liecina ofici\u0101laj\u0101 v\u0113stnes\u012b&hellip;\n","protected":false},"author":2,"featured_media":90044,"comment_status":"","ping_status":"","sticky":false,"template":"","format":"standard","meta":{"footnotes":""},"categories":[5],"tags":[23,28,29,32,33,22,30,31,35,39,38,36,37,34,40,20,26,27,24,25,21],"class_list":{"0":"post-90043","1":"post","2":"type-post","3":"status-publish","4":"format-standard","5":"has-post-thumbnail","7":"category-aktualitates","8":"tag-aktualitates","9":"tag-breaking-news","10":"tag-breakingnews","11":"tag-featured-news","12":"tag-featurednews","13":"tag-headlines","14":"tag-latest-news","15":"tag-latestnews","16":"tag-latvia","17":"tag-latvian","18":"tag-latviesu","19":"tag-latviesu-valoda","20":"tag-latviesuvaloda","21":"tag-latvija","22":"tag-lv","23":"tag-news","24":"tag-popularakas-zinas","25":"tag-popularakaszinas","26":"tag-top-stories","27":"tag-topstories","28":"tag-zinas"},"share_on_mastodon":{"url":"https:\/\/pubeurope.com\/@lv\/115808954095343987","error":""},"_links":{"self":[{"href":"https:\/\/www.europesays.com\/lv\/wp-json\/wp\/v2\/posts\/90043","targetHints":{"allow":["GET"]}}],"collection":[{"href":"https:\/\/www.europesays.com\/lv\/wp-json\/wp\/v2\/posts"}],"about":[{"href":"https:\/\/www.europesays.com\/lv\/wp-json\/wp\/v2\/types\/post"}],"author":[{"embeddable":true,"href":"https:\/\/www.europesays.com\/lv\/wp-json\/wp\/v2\/users\/2"}],"replies":[{"embeddable":true,"href":"https:\/\/www.europesays.com\/lv\/wp-json\/wp\/v2\/comments?post=90043"}],"version-history":[{"count":0,"href":"https:\/\/www.europesays.com\/lv\/wp-json\/wp\/v2\/posts\/90043\/revisions"}],"wp:featuredmedia":[{"embeddable":true,"href":"https:\/\/www.europesays.com\/lv\/wp-json\/wp\/v2\/media\/90044"}],"wp:attachment":[{"href":"https:\/\/www.europesays.com\/lv\/wp-json\/wp\/v2\/media?parent=90043"}],"wp:term":[{"taxonomy":"category","embeddable":true,"href":"https:\/\/www.europesays.com\/lv\/wp-json\/wp\/v2\/categories?post=90043"},{"taxonomy":"post_tag","embeddable":true,"href":"https:\/\/www.europesays.com\/lv\/wp-json\/wp\/v2\/tags?post=90043"}],"curies":[{"name":"wp","href":"https:\/\/api.w.org\/{rel}","templated":true}]}}