{"id":90056,"date":"2025-12-30T14:46:27","date_gmt":"2025-12-30T14:46:27","guid":{"rendered":"https:\/\/www.europesays.com\/lv\/90056\/"},"modified":"2025-12-30T14:46:27","modified_gmt":"2025-12-30T14:46:27","slug":"hamas-kaujinieki-pazino-ka-nenoliks-ierocus","status":"publish","type":"post","link":"https:\/\/www.europesays.com\/lv\/90056\/","title":{"rendered":"&#8220;Ham\u0101s&#8221; kaujinieki pazi\u0146o, ka nenoliks iero\u010dus"},"content":{"rendered":"<p class=\"descr\">Palest\u012bnie\u0161u teroristisk\u0101s organiz\u0101cijas &#8220;Ham\u0101s&#8221; bru\u0146otais sp\u0101rns pirmdien atk\u0101rtoti apliecin\u0101ja, ka tas neatdos savus iero\u010dus.<\/p>\n<p>Izeddina al Kasama brig\u0101des pazi\u0146ojum\u0101 ar\u012b apstiprin\u0101ja sava ilggad\u0113j\u0101 p\u0101rst\u0101vja sakariem ar presi n\u0101vi.<\/p>\n<p>Izra\u0113la jau pirms vair\u0101kiem m\u0113ne\u0161iem bija pazi\u0146ojusi, ka vi\u0146\u0161 nogalin\u0101ts 30. august\u0101 <a href=\"https:\/\/nra.lv\/birka\/konflikts-gazas-josla\/\" target=\"_blank\" rel=\"noopener nofollow\">Gaz\u0101<\/a> notiku\u0161aj\u0101 gaisa triecien\u0101.<\/p>\n<p>&#8220;M\u016bsu tauta aizst\u0101v sevi un neatdos iero\u010dus, kam\u0113r turpin\u0101sies okup\u0101cija,&#8221; video sac\u012bja brig\u0101\u017eu jaunais p\u0101rst\u0101vis. Vi\u0146\u0161 pie\u0146\u0113mis sava priek\u0161g\u0101j\u0113ja Abu Obeida pseidon\u012bmu.<\/p>\n<p><a href=\"https:\/\/nra.lv\/birka\/pazinojums\/\" target=\"_blank\" rel=\"noopener nofollow\">Pazi\u0146ojums<\/a> izskan\u0113ja tikai da\u017eas stundas pirms ASV prezidenta Donalda Trampa un Izra\u0113las premjerministra Benjamina Netanjahu pl\u0101not\u0101s tik\u0161an\u0101s Florid\u0101.<\/p>\n<p>Izra\u0113las vald\u012bbas preses sekret\u0101re \u0160o\u0161a Bedrosjana sac\u012bja, ka Netanjahu apspried\u012bs Gazas pamiera vieno\u0161an\u0101s otro posmu, kas paredz nodro\u0161in\u0101t, ka &#8220;&#8221;<a href=\"https:\/\/nra.lv\/birka\/hamas\/\" target=\"_blank\" rel=\"noopener nofollow\">Ham\u0101s<\/a>&#8221; ir atbru\u0146ots, Gaza ir demilitariz\u0113ta&#8221;.<\/p>\n<p>Jaunais &#8220;Ham\u0101s&#8221; bru\u0146ot\u0101 sp\u0101rna p\u0101rst\u0101vis aicin\u0101ja t\u0101 viet\u0101 atbru\u0146ot Izra\u0113lu.<\/p>\n<p>&#8220;M\u0113s aicin\u0101m visas iesaist\u012bt\u0101s puses str\u0101d\u0101t pie t\u0101, lai atbru\u0146otu <a href=\"https:\/\/nra.lv\/birka\/okupacija\/\" target=\"_blank\" rel=\"noopener nofollow\">okup\u0101cijas<\/a> varu, at\u0146emot tai n\u0101v\u0113jo\u0161os iero\u010dus, kas tika izmantoti un joproj\u0101m tiek izmantoti m\u016bsu tautas izn\u012bcin\u0101\u0161an\u0101,&#8221; vi\u0146\u0161 sac\u012bja.<\/p>\n<p>Vi\u0146\u0161 ar\u012b apstiprin\u0101ja sava priek\u0161g\u0101j\u0113ja n\u0101vi, k\u0101 ar\u012b pazi\u0146oja par \u010detru citu &#8220;Ham\u0101s&#8221; komandieru n\u0101vi Izra\u0113las uzbrukumos kara gait\u0101.<\/p>\n<p>\t\t\t\t\t\tinfo<\/p>\n<p>Uzzini pirmais<br \/>kas interesants noticis Latvij\u0101 un pasaul\u0113,<br \/>pievienojoties mums <a href=\"https:\/\/t.me\/neatkariga\" rel=\"nofollow\">Telegram<\/a> vai <a href=\"https:\/\/whatsapp.com\/channel\/0029VaMLFUH5K3zLU5s4wm3y\" rel=\"nofollow noopener\" target=\"_blank\">Whatsapp<\/a> kan\u0101l\u0101<\/p>\n","protected":false},"excerpt":{"rendered":"Palest\u012bnie\u0161u teroristisk\u0101s organiz\u0101cijas &#8220;Ham\u0101s&#8221; bru\u0146otais sp\u0101rns pirmdien atk\u0101rtoti apliecin\u0101ja, ka tas neatdos savus iero\u010dus. Izeddina al Kasama brig\u0101des&hellip;\n","protected":false},"author":2,"featured_media":90057,"comment_status":"","ping_status":"","sticky":false,"template":"","format":"standard","meta":{"footnotes":""},"categories":[14],"tags":[23,57,28,29,32,33,22,30,31,35,39,38,36,37,34,40,20,26,27,24,25,54,55,56,21,58],"class_list":{"0":"post-90056","1":"post","2":"type-post","3":"status-publish","4":"format-standard","5":"has-post-thumbnail","7":"category-zinas-no-arvalstim","8":"tag-aktualitates","9":"tag-arvalstim","10":"tag-breaking-news","11":"tag-breakingnews","12":"tag-featured-news","13":"tag-featurednews","14":"tag-headlines","15":"tag-latest-news","16":"tag-latestnews","17":"tag-latvia","18":"tag-latvian","19":"tag-latviesu","20":"tag-latviesu-valoda","21":"tag-latviesuvaloda","22":"tag-latvija","23":"tag-lv","24":"tag-news","25":"tag-popularakas-zinas","26":"tag-popularakaszinas","27":"tag-top-stories","28":"tag-topstories","29":"tag-world","30":"tag-world-news","31":"tag-worldnews","32":"tag-zinas","33":"tag-zinas-no-arvalstim"},"share_on_mastodon":{"url":"https:\/\/pubeurope.com\/@lv\/115809064237200452","error":""},"_links":{"self":[{"href":"https:\/\/www.europesays.com\/lv\/wp-json\/wp\/v2\/posts\/90056","targetHints":{"allow":["GET"]}}],"collection":[{"href":"https:\/\/www.europesays.com\/lv\/wp-json\/wp\/v2\/posts"}],"about":[{"href":"https:\/\/www.europesays.com\/lv\/wp-json\/wp\/v2\/types\/post"}],"author":[{"embeddable":true,"href":"https:\/\/www.europesays.com\/lv\/wp-json\/wp\/v2\/users\/2"}],"replies":[{"embeddable":true,"href":"https:\/\/www.europesays.com\/lv\/wp-json\/wp\/v2\/comments?post=90056"}],"version-history":[{"count":0,"href":"https:\/\/www.europesays.com\/lv\/wp-json\/wp\/v2\/posts\/90056\/revisions"}],"wp:featuredmedia":[{"embeddable":true,"href":"https:\/\/www.europesays.com\/lv\/wp-json\/wp\/v2\/media\/90057"}],"wp:attachment":[{"href":"https:\/\/www.europesays.com\/lv\/wp-json\/wp\/v2\/media?parent=90056"}],"wp:term":[{"taxonomy":"category","embeddable":true,"href":"https:\/\/www.europesays.com\/lv\/wp-json\/wp\/v2\/categories?post=90056"},{"taxonomy":"post_tag","embeddable":true,"href":"https:\/\/www.europesays.com\/lv\/wp-json\/wp\/v2\/tags?post=90056"}],"curies":[{"name":"wp","href":"https:\/\/api.w.org\/{rel}","templated":true}]}}