{"id":90058,"date":"2025-12-30T14:52:03","date_gmt":"2025-12-30T14:52:03","guid":{"rendered":"https:\/\/www.europesays.com\/lv\/90058\/"},"modified":"2025-12-30T14:52:03","modified_gmt":"2025-12-30T14:52:03","slug":"petnieki-atklajusi-jaunu-diktatora-pili","status":"publish","type":"post","link":"https:\/\/www.europesays.com\/lv\/90058\/","title":{"rendered":"p\u0113tnieki atkl\u0101ju\u0161i jaunu diktatora pili"},"content":{"rendered":"<p>Pils atrodas Ajas rag\u0101, Krimas dienvidos.<\/p>\n<p>P\u0113tnieki iepazinu\u0161ies ar objekta fotogr\u0101fij\u0101m un detaliz\u0113tiem arhitekt\u016bras pl\u0101niem.<\/p>\n<p>Pils s\u0101kotn\u0113ji b\u016bv\u0113ta k\u0101 biju\u0161\u0101 Ukrainas prezidenta Viktora Janukovi\u010da vasaras rezidence, ta\u010du p\u0113c Krimas okup\u0101cijas b\u016bve atz\u012bta par nelikum\u012bgu.<\/p>\n<p>Komplekss tika nodots Putinam pietuvin\u0101tajiem uz\u0146\u0113m\u0113jiem Kova\u013c\u010dukiem, kas to p\u0101rb\u016bv\u0113ja saska\u0146\u0101 ar Krievijas Feder\u0101l\u0101 apsardzes biroja pras\u012bb\u0101m, izt\u0113r\u0113jot vismaz 10 miljardus rub\u013cu (orient\u0113jo\u0161i 100 miljonus eiro).<\/p>\n<p>K\u0101 v\u0113sta <a href=\"https:\/\/www.tvnet.lv\/term\/655070\/fbk\" class=\"topicLink\" target=\"_blank\" rel=\"nofollow noopener\">FBK<\/a>, l\u012bdz\u0101s cariskajiem interjeriem pils ir interesanta ar\u012b ar to, ka taj\u0101 atrodas &#8220;m\u0101jas slimn\u012bca&#8221; ar &#8220;\u0123imenes \u0101rsta kabinetu&#8221;, anal\u012b\u017eu iek\u0101rt\u0101m, elektrokardiogr\u0101fu, fizioterapijas apar\u0101tu un cit\u0101m iek\u0101rt\u0101m.<\/p>\n<p>Turkl\u0101t medic\u012bnas centr\u0101 ir ar\u012b zob\u0101rsta kabinets un oper\u0101ciju z\u0101le ar plau\u0161u m\u0101ksl\u012bg\u0101s ventil\u0101cijas iek\u0101rtu, defibrilatoru-monitoru, rentgena, gastroskopijas un kolonoskopijas apar\u0101tiem.<\/p>\n","protected":false},"excerpt":{"rendered":"Pils atrodas Ajas rag\u0101, Krimas dienvidos. P\u0113tnieki iepazinu\u0161ies ar objekta fotogr\u0101fij\u0101m un detaliz\u0113tiem arhitekt\u016bras pl\u0101niem. Pils s\u0101kotn\u0113ji b\u016bv\u0113ta&hellip;\n","protected":false},"author":2,"featured_media":83539,"comment_status":"","ping_status":"","sticky":false,"template":"","format":"standard","meta":{"footnotes":""},"categories":[14],"tags":[23,57,28,29,22746,32,33,22,234,30,31,35,39,38,36,37,34,40,20,26,27,24,25,235,54,55,56,21,58],"class_list":{"0":"post-90058","1":"post","2":"type-post","3":"status-publish","4":"format-standard","5":"has-post-thumbnail","7":"category-zinas-no-arvalstim","8":"tag-aktualitates","9":"tag-arvalstim","10":"tag-breaking-news","11":"tag-breakingnews","12":"tag-fbk","13":"tag-featured-news","14":"tag-featurednews","15":"tag-headlines","16":"tag-krievija","17":"tag-latest-news","18":"tag-latestnews","19":"tag-latvia","20":"tag-latvian","21":"tag-latviesu","22":"tag-latviesu-valoda","23":"tag-latviesuvaloda","24":"tag-latvija","25":"tag-lv","26":"tag-news","27":"tag-popularakas-zinas","28":"tag-popularakaszinas","29":"tag-top-stories","30":"tag-topstories","31":"tag-vladimirs-putins","32":"tag-world","33":"tag-world-news","34":"tag-worldnews","35":"tag-zinas","36":"tag-zinas-no-arvalstim"},"share_on_mastodon":{"url":"https:\/\/pubeurope.com\/@lv\/115809087815446411","error":""},"_links":{"self":[{"href":"https:\/\/www.europesays.com\/lv\/wp-json\/wp\/v2\/posts\/90058","targetHints":{"allow":["GET"]}}],"collection":[{"href":"https:\/\/www.europesays.com\/lv\/wp-json\/wp\/v2\/posts"}],"about":[{"href":"https:\/\/www.europesays.com\/lv\/wp-json\/wp\/v2\/types\/post"}],"author":[{"embeddable":true,"href":"https:\/\/www.europesays.com\/lv\/wp-json\/wp\/v2\/users\/2"}],"replies":[{"embeddable":true,"href":"https:\/\/www.europesays.com\/lv\/wp-json\/wp\/v2\/comments?post=90058"}],"version-history":[{"count":0,"href":"https:\/\/www.europesays.com\/lv\/wp-json\/wp\/v2\/posts\/90058\/revisions"}],"wp:featuredmedia":[{"embeddable":true,"href":"https:\/\/www.europesays.com\/lv\/wp-json\/wp\/v2\/media\/83539"}],"wp:attachment":[{"href":"https:\/\/www.europesays.com\/lv\/wp-json\/wp\/v2\/media?parent=90058"}],"wp:term":[{"taxonomy":"category","embeddable":true,"href":"https:\/\/www.europesays.com\/lv\/wp-json\/wp\/v2\/categories?post=90058"},{"taxonomy":"post_tag","embeddable":true,"href":"https:\/\/www.europesays.com\/lv\/wp-json\/wp\/v2\/tags?post=90058"}],"curies":[{"name":"wp","href":"https:\/\/api.w.org\/{rel}","templated":true}]}}