{"id":90059,"date":"2025-12-30T14:58:14","date_gmt":"2025-12-30T14:58:14","guid":{"rendered":"https:\/\/www.europesays.com\/lv\/90059\/"},"modified":"2025-12-30T14:58:14","modified_gmt":"2025-12-30T14:58:14","slug":"vacijas-arstu-asociacija-aicina-aizliegt-privato-ugunosanu-pec-jaungada-nekartibam-berline-lente-lv","status":"publish","type":"post","link":"https:\/\/www.europesays.com\/lv\/90059\/","title":{"rendered":"V\u0101cijas \u0100rstu asoci\u0101cija aicina aizliegt priv\u0101to ugu\u0146o\u0161anu p\u0113c Jaungada nek\u0101rt\u012bb\u0101m Berl\u012bn\u0113\u00a0\u2014\u00a0Lente.lv"},"content":{"rendered":"<p>V\u0101cijas \u0100rstu asoci\u0101cijas nopietnais aicin\u0101jums<\/p>\n<p>V\u0101cijas \u0100rstu asoci\u0101cijas prezidents Klauss Reinhards steidzam\u0101 k\u0101rt\u0101 aicina aizliegt priv\u0101to ugu\u0146o\u0161anu, atsaucoties uz nopietniem savainojumiem un nek\u0101rt\u012bb\u0101m, kas katru gadu neuzman\u012bgas pirotehnikas lieto\u0161anas d\u0113\u013c aiz\u0113no Jaungada svin\u012bbas. Vi\u0146\u0161 uzsver, ka tas nav aizliegums kult\u016brai, bet gan sabiedr\u012bbas nobriedu\u0161as izpratnes par b\u012bstamu r\u012bc\u012bbu paz\u012bme. Reinhards nor\u0101da, ka neleg\u0101li palaistas ugu\u0146o\u0161anas iek\u0101rtas regul\u0101ri rada nopietnus ievainojumus, \u012bpa\u0161i b\u0113rniem un jaunie\u0161iem, k\u0101 ar\u012b rada acu traumas un apdegumus, noslogojot slimn\u012bcu neatliekam\u0101s pal\u012bdz\u012bbas noda\u013cas un radot milz\u012bgus izdevumus valsts vesel\u012bbas apdro\u0161in\u0101\u0161anas sist\u0113mai. K\u0101 inform\u0113 port\u0101ls jauns.lv.<\/p>\n<p>Ugu\u0146o\u0161ana k\u0101 kara zonas il\u016bzija<\/p>\n<p>Lielaj\u0101s V\u0101cijas pils\u0113t\u0101s, \u012bpa\u0161i Berl\u012bn\u0113, Jaungada vakars bie\u017ei tiek piel\u012bdzin\u0101ts kara zonai, radot stresu un aizkaitin\u0101jumu daudziem iedz\u012bvot\u0101jiem, k\u0101 ar\u012b dz\u012bvnieku labtur\u012bbas un vides organiz\u0101cij\u0101m. Policistu arodbiedr\u012bba (GdP) pievienojas aicin\u0101jumam aizliegt priv\u0101to ugu\u0146o\u0161anu, br\u012bdinot par arvien bie\u017e\u0101kiem uzbrukumiem policistiem un neatliekam\u0101s pal\u012bdz\u012bbas darbiniekiem ar ugu\u0146o\u0161anas ier\u012bc\u0113m sv\u0113tku laik\u0101. Pag\u0101ju\u0161\u0101 gada Jaungada nakt\u012b Berl\u012bn\u0113 tika ievainoti vismaz 15 policisti tie\u0161i no ugu\u0146o\u0161anas izrais\u012bt\u0101m traum\u0101m, un tika aiztur\u0113ti aptuveni 390 cilv\u0113ki.<\/p>\n<p>Ierobe\u017eojumi un sabiedr\u012bbas viedoklis<\/p>\n<p>Lai gan V\u0101cij\u0101 likum\u012bgi ugu\u0146o\u0161anas ier\u012bces var p\u0101rdot no 29. decembra l\u012bdz 31. decembrim, daudzas pils\u0113tas, tostarp Berl\u012bne, Hamburg\u0101 un Minhene, jau noteiku\u0161as piln\u012bgu vai da\u013c\u0113ju priv\u0101t\u0101s ugu\u0146o\u0161anas aizliegumu. Piem\u0113ram, \u0100hene ir aizliegusi izmantot ra\u0137etes, kas sp\u0113j lidot t\u0101l\u0101k par diviem metriem, lai aizsarg\u0101tu v\u0113sturisk\u0101s \u0113kas. Aptaujas liecina, ka 75% v\u0101cie\u0161u atbalsta petar\u017eu piln\u012bgu vai da\u013c\u0113ju aizliegumu, un aptuveni tr\u012bs ceturtda\u013cas Berl\u012bnes iedz\u012bvot\u0101ju v\u0113l\u0113tos aizliegt priv\u0101to Jaungada ugu\u0146o\u0161anu.<\/p>\n<p>Alternat\u012bvas un atbild\u012bba<\/p>\n<p>Reinhards uzsver, ka ugu\u0146o\u0161anas aizliegumam nav sakara ar aizliegumu kult\u016bru, bet gan ar atbild\u012bgu r\u012bc\u012bbu. Vi\u0146\u0161 nor\u0101da, ka neleg\u0101li palaistas ugu\u0146o\u0161anas iek\u0101rtas rada nopietnus ievainojumus un rada milz\u012bgu stresu ar\u012b kara veter\u0101niem un cilv\u0113kiem, kuri pieredz\u0113ju\u0161i karadarb\u012bbu, jo ugu\u0146o\u0161anas ska\u013cie spr\u0101dzieni var atmodin\u0101t traumatiskas atmi\u0146as. Tiek mekl\u0113ti alternat\u012bvi risin\u0101jumi sv\u0113tku iepriecin\u0101\u0161anai, piem\u0113ram, gaismas un l\u0101zeru \u0161ovi, k\u0101dus izmanto Par\u012bze.<\/p>\n<p>Ietekme uz medic\u012bnas person\u0101lu un vesel\u012bbas sist\u0113mu<\/p>\n<p>V\u0101cijas \u0100rstu asoci\u0101cija, V\u0101cijas Oftalmolo\u0123ijas biedr\u012bba un citas medic\u012bnas iest\u0101des ik gadu br\u012bdina par acu un dzirdes traumu pieaugumu Jaungada laik\u0101. V\u0101cijas Sarkanajam Krustam rada milz\u012bgu slogu neatliekam\u0101s pal\u012bdz\u012bbas dienesti, un medi\u0137i, policisti, vides un dz\u012bvnieku ties\u012bbu akt\u012bvisti aicina aizliegt ugu\u0146o\u0161anas ier\u012b\u010du tirdzniec\u012bbu. Pag\u0101ju\u0161\u0101 gada Jaungada nakt\u012b pieci cilv\u0113ki V\u0101cij\u0101 zaud\u0113ja dz\u012bv\u012bbu ugu\u0146o\u0161anas izrais\u012btu traumu vai nelaimes gad\u012bjumu rezult\u0101t\u0101, bet simtiem tika ievainoti.<\/p>\n","protected":false},"excerpt":{"rendered":"V\u0101cijas \u0100rstu asoci\u0101cijas nopietnais aicin\u0101jums V\u0101cijas \u0100rstu asoci\u0101cijas prezidents Klauss Reinhards steidzam\u0101 k\u0101rt\u0101 aicina aizliegt priv\u0101to ugu\u0146o\u0161anu, atsaucoties&hellip;\n","protected":false},"author":2,"featured_media":90060,"comment_status":"","ping_status":"","sticky":false,"template":"","format":"standard","meta":{"footnotes":""},"categories":[14],"tags":[15586,23,22747,57,28,29,334,32,33,22,30,31,35,39,38,36,37,34,40,20,26,27,24,25,19674,299,54,55,56,21,58],"class_list":{"0":"post-90059","1":"post","2":"type-post","3":"status-publish","4":"format-standard","5":"has-post-thumbnail","7":"category-zinas-no-arvalstim","8":"tag-aizliegums","9":"tag-aktualitates","10":"tag-arstu-asociacija","11":"tag-arvalstim","12":"tag-breaking-news","13":"tag-breakingnews","14":"tag-drosiba","15":"tag-featured-news","16":"tag-featurednews","17":"tag-headlines","18":"tag-latest-news","19":"tag-latestnews","20":"tag-latvia","21":"tag-latvian","22":"tag-latviesu","23":"tag-latviesu-valoda","24":"tag-latviesuvaloda","25":"tag-latvija","26":"tag-lv","27":"tag-news","28":"tag-popularakas-zinas","29":"tag-popularakaszinas","30":"tag-top-stories","31":"tag-topstories","32":"tag-ugunosana","33":"tag-vacija","34":"tag-world","35":"tag-world-news","36":"tag-worldnews","37":"tag-zinas","38":"tag-zinas-no-arvalstim"},"share_on_mastodon":{"url":"https:\/\/pubeurope.com\/@lv\/115809111449038192","error":""},"_links":{"self":[{"href":"https:\/\/www.europesays.com\/lv\/wp-json\/wp\/v2\/posts\/90059","targetHints":{"allow":["GET"]}}],"collection":[{"href":"https:\/\/www.europesays.com\/lv\/wp-json\/wp\/v2\/posts"}],"about":[{"href":"https:\/\/www.europesays.com\/lv\/wp-json\/wp\/v2\/types\/post"}],"author":[{"embeddable":true,"href":"https:\/\/www.europesays.com\/lv\/wp-json\/wp\/v2\/users\/2"}],"replies":[{"embeddable":true,"href":"https:\/\/www.europesays.com\/lv\/wp-json\/wp\/v2\/comments?post=90059"}],"version-history":[{"count":0,"href":"https:\/\/www.europesays.com\/lv\/wp-json\/wp\/v2\/posts\/90059\/revisions"}],"wp:featuredmedia":[{"embeddable":true,"href":"https:\/\/www.europesays.com\/lv\/wp-json\/wp\/v2\/media\/90060"}],"wp:attachment":[{"href":"https:\/\/www.europesays.com\/lv\/wp-json\/wp\/v2\/media?parent=90059"}],"wp:term":[{"taxonomy":"category","embeddable":true,"href":"https:\/\/www.europesays.com\/lv\/wp-json\/wp\/v2\/categories?post=90059"},{"taxonomy":"post_tag","embeddable":true,"href":"https:\/\/www.europesays.com\/lv\/wp-json\/wp\/v2\/tags?post=90059"}],"curies":[{"name":"wp","href":"https:\/\/api.w.org\/{rel}","templated":true}]}}