{"id":90061,"date":"2025-12-30T15:04:18","date_gmt":"2025-12-30T15:04:18","guid":{"rendered":"https:\/\/www.europesays.com\/lv\/90061\/"},"modified":"2025-12-30T15:04:18","modified_gmt":"2025-12-30T15:04:18","slug":"lietuvas-uznemums-amber-grid-parakstijis-jaunu-gazes-tranzita-ligumu-ar-gazprom","status":"publish","type":"post","link":"https:\/\/www.europesays.com\/lv\/90061\/","title":{"rendered":"Lietuvas uz\u0146\u0113mums &#8220;Amber Grid&#8221; parakst\u012bjis jaunu g\u0101zes tranz\u012bta l\u012bgumu ar &#8220;Gazprom&#8221;"},"content":{"rendered":"<p>Lietuvas g\u0101zes p\u0101rvades sist\u0113mas operators &#8220;Amber Grid&#8221; un Krievijas <a rel=\"noopener nofollow\" target=\"_blank\" href=\"https:\/\/www.delfi.lv\/temas\/41186997\/energetika\" tag-id=\"41186997\">ener\u0123\u0113tikas<\/a> gigants &#8220;Gazprom&#8221; pirmdien parakst\u012bja piecu gadu l\u012bgumu par Krievijas dabasg\u0101zes tranz\u012btu caur Lietuvu uz Ka\u013ci\u0146ingradas apgabalu, liecina pazi\u0146ojums &#8220;Nasdaq Vilnius&#8221;.<\/p>\n<p>Komerci\u0101l\u0101 g\u0101zes tirdzniec\u012bba joproj\u0101m b\u016bs aizliegta, k\u0101 noteikts Lietuvas Dabasg\u0101zes likum\u0101: ieejas un izejas punktos tiek uzskait\u012bts viss Ka\u013ci\u0146ingradas apgabalam paredz\u0113tais g\u0101zes apjoms, kas noz\u012bm\u0113, ka tiek izlaists t\u0101ds pats g\u0101zes daudzums, kas ies\u016bkn\u0113ts cauru\u013cvados, iev\u0113rojot stingru uzskaiti.<\/p>\n<p>G\u0101zes tranz\u012bts uz Ka\u013ci\u0146ingradu caur Lietuvu pag\u0101ju\u0161aj\u0101 gad\u0101 pieauga par 9 % l\u012bdz 26,1 teravatstundai, kas atbilst 2,5 miljardiem kubikmetru.Lietuva piln\u012bb\u0101 p\u0101rtrauca Krievijas g\u0101zes importu 2022. gada apr\u012bl\u012b, iz\u0146emot tranz\u012btu caur savu teritoriju uz Ka\u013ci\u0146ingradu.Anal\u012bti\u0137i un politi\u0137i iepriek\u0161 BNS sac\u012bja, ka vieno\u0161an\u0101s ir svar\u012bga Maskavai, jo Ka\u013ci\u0146ingradas ekskl\u0101vs g\u016bst labumu no l\u0113t\u0101k\u0101m g\u0101zes pieg\u0101d\u0113m caur Lietuvu.<\/p>\n<p class=\"m-0\">Seko &#8220;Delfi&#8221; ar\u012b  <a target=\"_blank\" href=\"https:\/\/www.instagram.com\/delfi.lv\/\" rel=\"nofollow noopener\">Instagram<\/a>  un <a target=\"_blank\" href=\"https:\/\/www.youtube.com\/channel\/UCw5foWtcJvAbUm64rv7jwUQ\" rel=\"nofollow noopener\">YouTube<\/a>  profil\u0101 \u2013 pievienojies, lai uzzin\u0101tu svar\u012bg\u0101ko un interesant\u0101ko pirmais!<\/p>\n<p>Publik\u0101cijas saturs vai t\u0101s jebk\u0101da apjoma da\u013ca ir aizsarg\u0101ts autorties\u012bbu objekts Autorties\u012bbu likuma izpratn\u0113, un t\u0101 izmanto\u0161ana bez izdev\u0113ja at\u013caujas ir aizliegta. Vair\u0101k lasi  <a target=\"_blank\" href=\"https:\/\/www.delfi.lv\/noteikumi#autortiesibas\" rel=\"nofollow noopener\">\u0161eit<\/a><script async src=\"\/\/www.instagram.com\/embed.js\"><\/script><\/p>\n","protected":false},"excerpt":{"rendered":"Lietuvas g\u0101zes p\u0101rvades sist\u0113mas operators &#8220;Amber Grid&#8221; un Krievijas ener\u0123\u0113tikas gigants &#8220;Gazprom&#8221; pirmdien parakst\u012bja piecu gadu l\u012bgumu par&hellip;\n","protected":false},"author":2,"featured_media":90062,"comment_status":"","ping_status":"","sticky":false,"template":"","format":"standard","meta":{"footnotes":""},"categories":[14],"tags":[23,57,28,29,781,32,33,22,30,31,35,39,38,36,37,34,40,20,26,27,24,25,54,55,56,21,58],"class_list":{"0":"post-90061","1":"post","2":"type-post","3":"status-publish","4":"format-standard","5":"has-post-thumbnail","7":"category-zinas-no-arvalstim","8":"tag-aktualitates","9":"tag-arvalstim","10":"tag-breaking-news","11":"tag-breakingnews","12":"tag-energetika","13":"tag-featured-news","14":"tag-featurednews","15":"tag-headlines","16":"tag-latest-news","17":"tag-latestnews","18":"tag-latvia","19":"tag-latvian","20":"tag-latviesu","21":"tag-latviesu-valoda","22":"tag-latviesuvaloda","23":"tag-latvija","24":"tag-lv","25":"tag-news","26":"tag-popularakas-zinas","27":"tag-popularakaszinas","28":"tag-top-stories","29":"tag-topstories","30":"tag-world","31":"tag-world-news","32":"tag-worldnews","33":"tag-zinas","34":"tag-zinas-no-arvalstim"},"share_on_mastodon":{"url":"https:\/\/pubeurope.com\/@lv\/115809135012478780","error":""},"_links":{"self":[{"href":"https:\/\/www.europesays.com\/lv\/wp-json\/wp\/v2\/posts\/90061","targetHints":{"allow":["GET"]}}],"collection":[{"href":"https:\/\/www.europesays.com\/lv\/wp-json\/wp\/v2\/posts"}],"about":[{"href":"https:\/\/www.europesays.com\/lv\/wp-json\/wp\/v2\/types\/post"}],"author":[{"embeddable":true,"href":"https:\/\/www.europesays.com\/lv\/wp-json\/wp\/v2\/users\/2"}],"replies":[{"embeddable":true,"href":"https:\/\/www.europesays.com\/lv\/wp-json\/wp\/v2\/comments?post=90061"}],"version-history":[{"count":0,"href":"https:\/\/www.europesays.com\/lv\/wp-json\/wp\/v2\/posts\/90061\/revisions"}],"wp:featuredmedia":[{"embeddable":true,"href":"https:\/\/www.europesays.com\/lv\/wp-json\/wp\/v2\/media\/90062"}],"wp:attachment":[{"href":"https:\/\/www.europesays.com\/lv\/wp-json\/wp\/v2\/media?parent=90061"}],"wp:term":[{"taxonomy":"category","embeddable":true,"href":"https:\/\/www.europesays.com\/lv\/wp-json\/wp\/v2\/categories?post=90061"},{"taxonomy":"post_tag","embeddable":true,"href":"https:\/\/www.europesays.com\/lv\/wp-json\/wp\/v2\/tags?post=90061"}],"curies":[{"name":"wp","href":"https:\/\/api.w.org\/{rel}","templated":true}]}}