{"id":90071,"date":"2025-12-30T15:24:07","date_gmt":"2025-12-30T15:24:07","guid":{"rendered":"https:\/\/www.europesays.com\/lv\/90071\/"},"modified":"2025-12-30T15:24:07","modified_gmt":"2025-12-30T15:24:07","slug":"daugavpili-par-vairak-neka-137-tukstosiem-eiro-parbuvets-niderkunu-skvers","status":"publish","type":"post","link":"https:\/\/www.europesays.com\/lv\/90071\/","title":{"rendered":"Daugavpil\u012b par vair\u0101k nek\u0101 137 t\u016bksto\u0161iem eiro p\u0101rb\u016bv\u0113ts N\u012bderk\u016bnu skv\u0113rs"},"content":{"rendered":"<p>Pa\u0161laik notiek objekta pie\u0146em\u0161ana ekspluat\u0101cij\u0101, un 2026. gad\u0101 skv\u0113rs b\u016bs br\u012bvi pieejams pils\u0113tas iedz\u012bvot\u0101jiem un viesiem.<\/p>\n<p>Skv\u0113rs atrodas N\u012bderk\u016bnu apkaim\u0113 &#8211; K\u0101jnieku, Transporta un Tirgo\u0146u ielu kvart\u0101l\u0101, net\u0101lu no dz\u012bvojam\u0101m priv\u0101tm\u0101j\u0101m. Labiek\u0101rto\u0161anas projekta m\u0113r\u0137is bija uzlabot skv\u0113ra ainavu un izveidot ilgtsp\u0113j\u012bgu, visiem pieejamu atp\u016btas teritoriju ar rota\u013cu un sporta laukumu.<\/p>\n<p>S\u0101kotn\u0113ji skv\u0113r\u0101 bija tikai iedz\u012bvot\u0101ju iem\u012btas taci\u0146as, kas kalpoja k\u0101 p\u0101rvieto\u0161an\u0101s mar\u0161ruti, ta\u010du tr\u016bka piem\u0113rota seguma un atp\u016btas invent\u0101ra. Projekta risin\u0101jums balst\u012bj\u0101s uz \u0161o eso\u0161o kust\u012bbas lo\u0123iku, saglab\u0101jot iedz\u012bvot\u0101ju veidotos virzienus un izmantojot tos k\u0101 \u0113rtus pieejas celi\u0146us rota\u013cu laukumam.<\/p>\n<p>B\u016bvniec\u012bbas laik\u0101 veikta apgaismojuma un videonov\u0113ro\u0161anas t\u012bklu izb\u016bve, celi\u0146u ier\u012bko\u0161ana ar betona bru\u0123i un karst\u0101 asfalta segumu. T\u0101pat nodro\u0161in\u0101ta dro\u0161\u012bbas seguma iekl\u0101\u0161ana rota\u013cu un sporta zon\u0101, sporta iek\u0101rtu uzst\u0101d\u012b\u0161ana, jaunu soli\u0146u un atkritumu urnu izvieto\u0161ana un apst\u0101d\u012bjumu atjauno\u0161ana.<\/p>\n<p>Skv\u0113r\u0101 ir uzst\u0101d\u012bti pieci atp\u016btas soli\u0146i ar atzveltni un se\u0161as atkritumu urnas. Teritorij\u0101 veikti jauni apst\u0101d\u012bjumi &#8211; piecas sudraba k\u013cavas un 50 irbe\u0146lapu fizokarpa kr\u016bmi. Z\u0101l\u0101ji atjaunoti ar augu zemi un z\u0101les s\u0113kl\u0101m.<\/p>\n<p>Projekta &#8220;N\u012bderk\u016bnu skv\u0113ra labiek\u0101rto\u0161ana, apgaismojuma un videonov\u0113ro\u0161anas t\u012bklu izb\u016bve&#8221; kop\u0113jas izmaksas sasniedz 137 375 eiro.<\/p>\n","protected":false},"excerpt":{"rendered":"Pa\u0161laik notiek objekta pie\u0146em\u0161ana ekspluat\u0101cij\u0101, un 2026. gad\u0101 skv\u0113rs b\u016bs br\u012bvi pieejams pils\u0113tas iedz\u012bvot\u0101jiem un viesiem. Skv\u0113rs atrodas&hellip;\n","protected":false},"author":2,"featured_media":90072,"comment_status":"","ping_status":"","sticky":false,"template":"","format":"standard","meta":{"footnotes":""},"categories":[5],"tags":[23,28,29,168,32,33,22,30,31,35,39,38,36,37,34,40,20,26,27,24,25,21],"class_list":{"0":"post-90071","1":"post","2":"type-post","3":"status-publish","4":"format-standard","5":"has-post-thumbnail","7":"category-aktualitates","8":"tag-aktualitates","9":"tag-breaking-news","10":"tag-breakingnews","11":"tag-daugavpils","12":"tag-featured-news","13":"tag-featurednews","14":"tag-headlines","15":"tag-latest-news","16":"tag-latestnews","17":"tag-latvia","18":"tag-latvian","19":"tag-latviesu","20":"tag-latviesu-valoda","21":"tag-latviesuvaloda","22":"tag-latvija","23":"tag-lv","24":"tag-news","25":"tag-popularakas-zinas","26":"tag-popularakaszinas","27":"tag-top-stories","28":"tag-topstories","29":"tag-zinas"},"share_on_mastodon":{"url":"https:\/\/pubeurope.com\/@lv\/115809213675652025","error":""},"_links":{"self":[{"href":"https:\/\/www.europesays.com\/lv\/wp-json\/wp\/v2\/posts\/90071","targetHints":{"allow":["GET"]}}],"collection":[{"href":"https:\/\/www.europesays.com\/lv\/wp-json\/wp\/v2\/posts"}],"about":[{"href":"https:\/\/www.europesays.com\/lv\/wp-json\/wp\/v2\/types\/post"}],"author":[{"embeddable":true,"href":"https:\/\/www.europesays.com\/lv\/wp-json\/wp\/v2\/users\/2"}],"replies":[{"embeddable":true,"href":"https:\/\/www.europesays.com\/lv\/wp-json\/wp\/v2\/comments?post=90071"}],"version-history":[{"count":0,"href":"https:\/\/www.europesays.com\/lv\/wp-json\/wp\/v2\/posts\/90071\/revisions"}],"wp:featuredmedia":[{"embeddable":true,"href":"https:\/\/www.europesays.com\/lv\/wp-json\/wp\/v2\/media\/90072"}],"wp:attachment":[{"href":"https:\/\/www.europesays.com\/lv\/wp-json\/wp\/v2\/media?parent=90071"}],"wp:term":[{"taxonomy":"category","embeddable":true,"href":"https:\/\/www.europesays.com\/lv\/wp-json\/wp\/v2\/categories?post=90071"},{"taxonomy":"post_tag","embeddable":true,"href":"https:\/\/www.europesays.com\/lv\/wp-json\/wp\/v2\/tags?post=90071"}],"curies":[{"name":"wp","href":"https:\/\/api.w.org\/{rel}","templated":true}]}}