{"id":90081,"date":"2025-12-30T15:33:04","date_gmt":"2025-12-30T15:33:04","guid":{"rendered":"https:\/\/www.europesays.com\/lv\/90081\/"},"modified":"2025-12-30T15:33:04","modified_gmt":"2025-12-30T15:33:04","slug":"novembri-turpinajusies-stabila-mazumtirdzniecibas-izaugsme","status":"publish","type":"post","link":"https:\/\/www.europesays.com\/lv\/90081\/","title":{"rendered":"Novembr\u012b turpin\u0101jusies stabila mazumtirdzniec\u012bbas izaugsme"},"content":{"rendered":"<p>T\u0101pat EM nor\u0101da, ka nep\u0101rtikas pre\u010du segments joproj\u0101m ir galvenais izaugsmes virz\u012bt\u0101js, un degvielas tirdzniec\u012bbas k\u0101pums turpin\u0101s, atspogu\u013cojot liel\u0101ku mobilit\u0101ti un saimniecisk\u0101s aktivit\u0101tes pieaugumu. N\u0101kamajos m\u0113ne\u0161os piepras\u012bjumu atbalst\u012bs pirktsp\u0113jas uzlabo\u0161an\u0101s, ta\u010du augstais cenu l\u012bmenis un piesardz\u012bba t\u0113ri\u0146os joproj\u0101m ierobe\u017eos strauj\u0101ku apgroz\u012bjuma k\u0101pumu.<\/p>\n<p>Novembr\u012b, sal\u012bdzinot ar iepriek\u0161\u0113j\u0101 gada novembri, nep\u0101rtikas pre\u010du mazumtirdzniec\u012bbas apgroz\u012bjums pieauga par 5,7%, un pieaugums bija v\u0113rojams gandr\u012bz vis\u0101s galvenaj\u0101s nep\u0101rtikas pre\u010du grup\u0101s, iz\u0146emot sporta pre\u010du un sp\u0113\u013cu mazumtirdzniec\u012bb\u0101, kur apgroz\u012bjums samazin\u0101j\u0101s par 15,5%, un ap\u0123\u0113rbu, apavu un \u0101das izstr\u0101d\u0101jumu tirdzniec\u012bb\u0101, kur samazin\u0101jums bija 2,6%. Savuk\u0101rt gr\u0101matu, av\u012b\u017eu, kancelejas piederumu, audio un video ierakstu tirdzniec\u012bb\u0101 apgroz\u012bjums gandr\u012bz nemain\u012bj\u0101s, samazin\u0101jums bija 0,3%.<\/p>\n<p>EM atz\u012bm\u0113, ka strauj\u0101k apgroz\u012bjums pieauga inform\u0101cijas un komunik\u0101ciju tehnolo\u0123iju iek\u0101rtu tirdzniec\u012bb\u0101 &#8211; par 16,6%. Strauj\u0161 k\u0101pums bija ar\u012b tekstilizstr\u0101d\u0101jumu, pakl\u0101ju, gr\u012bdsegu, tape\u0161u, m\u0113be\u013cu, apgaismes ier\u012b\u010du un cita veida m\u0101jsaimniec\u012bbas piederumu tirdzniec\u012bb\u0101, kur apgroz\u012bjums pieauga par 12,8%. M\u0101jsaimniec\u012bbas elektroier\u012b\u010du mazumtirdzniec\u012bb\u0101 specializ\u0113tajos veikalos apgroz\u012bjums pieauga par 12%, ziedu, augu, s\u0113klu, m\u0113slo\u0161anas l\u012bdzek\u013cu, istabas dz\u012bvnieku un to bar\u012bbas tirdzniec\u012bb\u0101 &#8211; par 12%, farmaceitisko medic\u012bnisko piederumu tirdzniec\u012bb\u0101 &#8211; par 10,4% un pulkste\u0146u, juvelierizstr\u0101d\u0101jumu un citur neklasific\u0113tu jaunu pre\u010du tirdzniec\u012bb\u0101 &#8211; par 10%.<\/p>\n","protected":false},"excerpt":{"rendered":"T\u0101pat EM nor\u0101da, ka nep\u0101rtikas pre\u010du segments joproj\u0101m ir galvenais izaugsmes virz\u012bt\u0101js, un degvielas tirdzniec\u012bbas k\u0101pums turpin\u0101s, atspogu\u013cojot&hellip;\n","protected":false},"author":2,"featured_media":90082,"comment_status":"","ping_status":"","sticky":false,"template":"","format":"standard","meta":{"footnotes":""},"categories":[16],"tags":[77,76,2838,12688,35,39,38,36,37,34,40],"class_list":{"0":"post-90081","1":"post","2":"type-post","3":"status-publish","4":"format-standard","5":"has-post-thumbnail","7":"category-bizness","8":"tag-bizness","9":"tag-business","10":"tag-ekonomikas-ministrija","11":"tag-izaugsme","12":"tag-latvia","13":"tag-latvian","14":"tag-latviesu","15":"tag-latviesu-valoda","16":"tag-latviesuvaloda","17":"tag-latvija","18":"tag-lv"},"share_on_mastodon":{"url":"https:\/\/pubeurope.com\/@lv\/115809249352551122","error":""},"_links":{"self":[{"href":"https:\/\/www.europesays.com\/lv\/wp-json\/wp\/v2\/posts\/90081","targetHints":{"allow":["GET"]}}],"collection":[{"href":"https:\/\/www.europesays.com\/lv\/wp-json\/wp\/v2\/posts"}],"about":[{"href":"https:\/\/www.europesays.com\/lv\/wp-json\/wp\/v2\/types\/post"}],"author":[{"embeddable":true,"href":"https:\/\/www.europesays.com\/lv\/wp-json\/wp\/v2\/users\/2"}],"replies":[{"embeddable":true,"href":"https:\/\/www.europesays.com\/lv\/wp-json\/wp\/v2\/comments?post=90081"}],"version-history":[{"count":0,"href":"https:\/\/www.europesays.com\/lv\/wp-json\/wp\/v2\/posts\/90081\/revisions"}],"wp:featuredmedia":[{"embeddable":true,"href":"https:\/\/www.europesays.com\/lv\/wp-json\/wp\/v2\/media\/90082"}],"wp:attachment":[{"href":"https:\/\/www.europesays.com\/lv\/wp-json\/wp\/v2\/media?parent=90081"}],"wp:term":[{"taxonomy":"category","embeddable":true,"href":"https:\/\/www.europesays.com\/lv\/wp-json\/wp\/v2\/categories?post=90081"},{"taxonomy":"post_tag","embeddable":true,"href":"https:\/\/www.europesays.com\/lv\/wp-json\/wp\/v2\/tags?post=90081"}],"curies":[{"name":"wp","href":"https:\/\/api.w.org\/{rel}","templated":true}]}}