{"id":90106,"date":"2025-12-30T15:54:16","date_gmt":"2025-12-30T15:54:16","guid":{"rendered":"https:\/\/www.europesays.com\/lv\/90106\/"},"modified":"2025-12-30T15:54:16","modified_gmt":"2025-12-30T15:54:16","slug":"jaungada-sagaidisanas-svinibu-laika-riga-tiks-ierobezota-satiksme","status":"publish","type":"post","link":"https:\/\/www.europesays.com\/lv\/90106\/","title":{"rendered":"Jaungada sagaid\u012b\u0161anas svin\u012bbu laik\u0101 R\u012bg\u0101 tiks ierobe\u017eota satiksme"},"content":{"rendered":"<p>2026. gada sagaid\u012b\u0161anas svin\u012bbas R\u012bg\u0101 norisin\u0101sies se\u0161os Vecr\u012bgas laukumos. Saist\u012bb\u0101 ar pas\u0101kumu norisi jau no sv\u0113tdienas, 28. decembra, Vecr\u012bg\u0101 sp\u0113k\u0101 ir satiksmes ierobe\u017eojumi. Tre\u0161dien, 31. decembr\u012b, un ceturtdien, 1. janv\u0101r\u012b, visi pasa\u017eieri R\u012bgas sabiedrisko transportu var\u0113s izmantot bez maksas, k\u0101 ar\u012b Jaungada nakt\u012b autobusu, trolejbusu un tramvaju mar\u0161rutos tiks nodro\u0161in\u0101ti papildu reisi.<\/p>\n<p>Jaun\u0101 gada sagaid\u012b\u0161anas svin\u012bbas R\u012bg\u0101 norisin\u0101sies R\u0101tslaukum\u0101, L\u012bvu laukum\u0101, Pils laukum\u0101, laukum\u0101 pie Pulvertor\u0146a, Ka\u013c\u0137u ielas posm\u0101 no Va\u013c\u0146u ielas l\u012bdz Aspazijas bulv\u0101rim un 11. novembra krastmalas paral\u0113laj\u0101 iel\u0101, posm\u0101 no Po\u013cu g\u0101tes l\u012bdz B\u012bskapa g\u0101tei.<\/p>\n<p>Saist\u012bb\u0101 ar pas\u0101kumu norisi, jau no sv\u0113tdienas, 28. decembra, l\u012bdz pat ceturtdienas, 1. janv\u0101ra, plkst. 23.00 transportl\u012bdzek\u013cu, velosip\u0113du un elektroskrejrite\u0146u satiksmei ir sl\u0113gts Pils laukums un 11. novembra krastmalai paral\u0113l\u0101 iela, posm\u0101 no Po\u013cu g\u0101tes l\u012bdz B\u012bskapa g\u0101tei.<\/p>\n<p>No 31. decembra plkst. 20.00 l\u012bdz 1. janv\u0101ra plkst. 2.00 nepiecie\u0161am\u012bbas gad\u012bjum\u0101 transportl\u012bdzek\u013cu satiksmi ierobe\u017eos vai sl\u0113gs Smil\u0161u ielas posm\u0101 no Zigfr\u012bda Annas Meierovica bulv\u0101ra l\u012bdz Va\u013c\u0146u ielai.<\/p>\n<p>Pils\u0113tas sabiedriskais transports<\/p>\n<p>Tre\u0161dien, 31. decembr\u012b, un ceturtdien, 1. janv\u0101r\u012b, visi pasa\u017eieri R\u012bgas sabiedrisko transportu var\u0113s izmantot bez maksas. Lai pils\u0113tas iedz\u012bvot\u0101jiem un visiem b\u016btu \u0113rti nok\u013c\u016bt m\u0101jup no sv\u0113tku pas\u0101kumiem, Jaungada nakt\u012b autobusu, trolejbusu un tramvaju mar\u0161rutos tiks nodro\u0161in\u0101ti papildu reisi.<\/p>\n<p>Pla\u0161\u0101ka inform\u0101cija par papildu reisiem pieejama\u00a0<a href=\"https:\/\/www.rigassatiksme.lv\/lv\/aktu%C4%81la%20inform%C4%81cija\/31-decembri-un-1-janvari-rigas-sabiedriskais-transports-bus-bez-maksas-vairakos-marsrutos-tiks-nodrosinati-papildu-reisi-3\/\" target=\"_blank\" title=\"https:\/\/www.rigassatiksme.lv\/lv\/aktu%C4%81la%20inform%C4%81cija\/31-decembri-un-1-janvari-rigas-sabiedriskais-transports-bus-bez-maksas-vairakos-marsrutos-tiks-nodrosinati-papildu-reisi-3\/\" data-auth=\"NotApplicable\" data-linkindex=\"0\" rel=\"nofollow noopener\">\u0161eit<\/a>.<\/p>\n<p>Transportl\u012bdzek\u013cu apst\u0101\u0161an\u0101s un st\u0101v\u0113\u0161anas aizliegumi<\/p>\n<p>L\u012bdz 1. janv\u0101ra plkst. 23.00 Pils laukum\u0101 un 11. novembra krastmalai paral\u0113laj\u0101 iel\u0101, posm\u0101 no Po\u013cu g\u0101tes l\u012bdz B\u012bskapa g\u0101tei, aizliegta transportl\u012bdzek\u013cu apst\u0101\u0161an\u0101s un st\u0101v\u0113\u0161ana. Nepiecie\u0161am\u012bbas gad\u012bjum\u0101 atst\u0101tos transportl\u012bdzek\u013cus p\u0101rvietos uz citu st\u0101v\u0113\u0161anai at\u013cauto vietu.<\/p>\n<p>No pirmdienas, 29. decembra, plkst. 8.00 l\u012bdz 1. janv\u0101ra plkst. 23.00 sl\u0113gta ar\u012b mikromobilit\u0101tes r\u012bku novieto\u0161anas zona Va\u013c\u0146u ielas un Ka\u013c\u0137u ielas krustojum\u0101.<\/p>\n<p>Vair\u0101k par Jaun\u0101 gada sagaid\u012b\u0161anas pas\u0101kumiem R\u012bg\u0101 var uzzin\u0101t\u00a0t\u012bmek\u013cvietn\u0113\u00a0<a href=\"http:\/\/www.kultura.riga.lv\/\" target=\"_blank\" title=\"http:\/\/www.kultura.riga.lv\/\" data-auth=\"NotApplicable\" data-linkindex=\"1\" rel=\"nofollow noopener\">www.kultura.riga.lv<\/a>,\u00a0k\u0101 ar\u012b sekojot l\u012bdzi inform\u0101cijai R\u012bgas domes soci\u0101lo t\u012bklu lap\u0101s \u201c<a href=\"https:\/\/www.facebook.com\/Riga.lv\" target=\"_blank\" title=\"https:\/\/www.facebook.com\/Riga.lv\" data-auth=\"NotApplicable\" data-linkindex=\"2\" rel=\"nofollow noopener\">R\u012bga<\/a>\u201d un \u201c<a href=\"https:\/\/www.facebook.com\/RigaNotiek\/\" target=\"_blank\" title=\"https:\/\/www.facebook.com\/RigaNotiek\/\" data-auth=\"NotApplicable\" data-linkindex=\"3\" rel=\"nofollow noopener\">R\u012bg\u0101 notiek<\/a>\u201d.<\/p>\n<p>          <img decoding=\"async\" src=\"https:\/\/www.europesays.com\/lv\/wp-content\/uploads\/2025\/12\/1765959310_789_logo-lv.png\" alt=\"\"\/><\/p>\n<p>                  \u0160\u012b inform\u0101cija ir publisks pazi\u0146ojums un neatspogu\u013co LV port\u0101la viedokli. Par t\u0101s saturu atbild ies\u016bt\u012bt\u0101js. <a data-popup=\"rules\">Public\u0113\u0161anas noteikumi<\/a><\/p>\n","protected":false},"excerpt":{"rendered":"2026. gada sagaid\u012b\u0161anas svin\u012bbas R\u012bg\u0101 norisin\u0101sies se\u0161os Vecr\u012bgas laukumos. Saist\u012bb\u0101 ar pas\u0101kumu norisi jau no sv\u0113tdienas, 28. decembra,&hellip;\n","protected":false},"author":2,"featured_media":90107,"comment_status":"","ping_status":"","sticky":false,"template":"","format":"standard","meta":{"footnotes":""},"categories":[5],"tags":[23,28,29,32,33,22,30,31,35,39,38,36,37,34,40,20,26,27,24,25,21],"class_list":{"0":"post-90106","1":"post","2":"type-post","3":"status-publish","4":"format-standard","5":"has-post-thumbnail","7":"category-aktualitates","8":"tag-aktualitates","9":"tag-breaking-news","10":"tag-breakingnews","11":"tag-featured-news","12":"tag-featurednews","13":"tag-headlines","14":"tag-latest-news","15":"tag-latestnews","16":"tag-latvia","17":"tag-latvian","18":"tag-latviesu","19":"tag-latviesu-valoda","20":"tag-latviesuvaloda","21":"tag-latvija","22":"tag-lv","23":"tag-news","24":"tag-popularakas-zinas","25":"tag-popularakaszinas","26":"tag-top-stories","27":"tag-topstories","28":"tag-zinas"},"share_on_mastodon":{"url":"https:\/\/pubeurope.com\/@lv\/115809331699230622","error":""},"_links":{"self":[{"href":"https:\/\/www.europesays.com\/lv\/wp-json\/wp\/v2\/posts\/90106","targetHints":{"allow":["GET"]}}],"collection":[{"href":"https:\/\/www.europesays.com\/lv\/wp-json\/wp\/v2\/posts"}],"about":[{"href":"https:\/\/www.europesays.com\/lv\/wp-json\/wp\/v2\/types\/post"}],"author":[{"embeddable":true,"href":"https:\/\/www.europesays.com\/lv\/wp-json\/wp\/v2\/users\/2"}],"replies":[{"embeddable":true,"href":"https:\/\/www.europesays.com\/lv\/wp-json\/wp\/v2\/comments?post=90106"}],"version-history":[{"count":0,"href":"https:\/\/www.europesays.com\/lv\/wp-json\/wp\/v2\/posts\/90106\/revisions"}],"wp:featuredmedia":[{"embeddable":true,"href":"https:\/\/www.europesays.com\/lv\/wp-json\/wp\/v2\/media\/90107"}],"wp:attachment":[{"href":"https:\/\/www.europesays.com\/lv\/wp-json\/wp\/v2\/media?parent=90106"}],"wp:term":[{"taxonomy":"category","embeddable":true,"href":"https:\/\/www.europesays.com\/lv\/wp-json\/wp\/v2\/categories?post=90106"},{"taxonomy":"post_tag","embeddable":true,"href":"https:\/\/www.europesays.com\/lv\/wp-json\/wp\/v2\/tags?post=90106"}],"curies":[{"name":"wp","href":"https:\/\/api.w.org\/{rel}","templated":true}]}}