{"id":90116,"date":"2025-12-30T16:02:06","date_gmt":"2025-12-30T16:02:06","guid":{"rendered":"https:\/\/www.europesays.com\/lv\/90116\/"},"modified":"2025-12-30T16:02:06","modified_gmt":"2025-12-30T16:02:06","slug":"ta-bija-loti-forsa-pieredze-ozolins-cer-atgriezties-galvena-trenera-amata","status":"publish","type":"post","link":"https:\/\/www.europesays.com\/lv\/90116\/","title":{"rendered":"&#8220;T\u0101 bija \u013coti for\u0161a pieredze.&#8221; Ozoli\u0146\u0161 cer atgriezties galven\u0101 trenera amat\u0101"},"content":{"rendered":"<p>Run\u0101jot par darbu ar valstsvien\u012bbu, Ozoli\u0146s nor\u0101da, ka vi\u0146\u0101 ieklaus\u0101s, bet vai sp\u0113l\u0113t\u0101ji pilda uzst\u0101d\u012bjumus, tas jau esot atkar\u012bgs no vi\u0146iem pa\u0161iem.<\/p>\n<p>&#8220;T\u0101p\u0113c esmu ap\u0146\u0113mies sp\u0113l\u0113t\u0101jiem necensties m\u0101c\u012bt ko t\u0101du, kas var\u0113tu ietekm\u0113t sp\u0113li vi\u0146u klub\u0101, lai neb\u016btu t\u0101, ka man klub\u0101 teica t\u0101 sp\u0113l\u0113t, izlas\u0113 teica t\u0101 un tagad es nesp\u0113ju tikt gal\u0101. Klub\u0101 ir dots ilg\u0101ks laiks, lai saprastu katra sp\u0113l\u0113t\u0101ja tendences, stipr\u0101s un v\u0101j\u0101s puses, izlas\u0113 tam atliek gau\u017e\u0101m maz laika.&#8221;<\/p>\n<p>Kaut karjeras laik\u0101 Ozoli\u0146am bija gan traumas, gan atkar\u012bbas, vi\u0146\u0161 augst\u0101kaj\u0101 l\u012bmen\u012b sp\u0113l\u0113ja l\u012bdz pat 41 gada vecumam. Le\u0123end\u0101rais aizsargs skaidro, lai ko t\u0101du paveiktu, tren\u0113ties nepiecie\u0161ams \u013coti daudz. &#8220;Pirmais, tiec gal\u0101 ar atkar\u012bb\u0101m, jo t\u0101s trauc\u0113 sportisko pien\u0101kumu pild\u012b\u0161anai. Otrais, tren\u0113jies vair\u0101k nek\u0101 jaun\u012bb\u0101. Ir gr\u016bt\u0101k, jaunie pui\u0161i paliek arvien \u0101tr\u0101ki, iztur\u012bg\u0101ki, sp\u0113c\u012bg\u0101ki, tev ir j\u0101tur tam l\u012bdzi un j\u0101tren\u0113jas daudz vair\u0101k. T\u0101pat paciet s\u0101pes, diskomfortu, bailes. Ja gribi sasniegt savus m\u0113r\u0137us, tas viss j\u0101p\u0101rvar,&#8221; secina Stenlija kausa ieguv\u0113js.<\/p>\n","protected":false},"excerpt":{"rendered":"Run\u0101jot par darbu ar valstsvien\u012bbu, Ozoli\u0146s nor\u0101da, ka vi\u0146\u0101 ieklaus\u0101s, bet vai sp\u0113l\u0113t\u0101ji pilda uzst\u0101d\u012bjumus, tas jau esot&hellip;\n","protected":false},"author":2,"featured_media":90117,"comment_status":"","ping_status":"","sticky":false,"template":"","format":"standard","meta":{"footnotes":""},"categories":[17],"tags":[394,35,39,38,36,37,34,40,3474,67],"class_list":{"0":"post-90116","1":"post","2":"type-post","3":"status-publish","4":"format-standard","5":"has-post-thumbnail","7":"category-sports","8":"tag-hokejs","9":"tag-latvia","10":"tag-latvian","11":"tag-latviesu","12":"tag-latviesu-valoda","13":"tag-latviesuvaloda","14":"tag-latvija","15":"tag-lv","16":"tag-sandis-ozolins","17":"tag-sports"},"share_on_mastodon":{"url":"https:\/\/pubeurope.com\/@lv\/115809363104552220","error":""},"_links":{"self":[{"href":"https:\/\/www.europesays.com\/lv\/wp-json\/wp\/v2\/posts\/90116","targetHints":{"allow":["GET"]}}],"collection":[{"href":"https:\/\/www.europesays.com\/lv\/wp-json\/wp\/v2\/posts"}],"about":[{"href":"https:\/\/www.europesays.com\/lv\/wp-json\/wp\/v2\/types\/post"}],"author":[{"embeddable":true,"href":"https:\/\/www.europesays.com\/lv\/wp-json\/wp\/v2\/users\/2"}],"replies":[{"embeddable":true,"href":"https:\/\/www.europesays.com\/lv\/wp-json\/wp\/v2\/comments?post=90116"}],"version-history":[{"count":0,"href":"https:\/\/www.europesays.com\/lv\/wp-json\/wp\/v2\/posts\/90116\/revisions"}],"wp:featuredmedia":[{"embeddable":true,"href":"https:\/\/www.europesays.com\/lv\/wp-json\/wp\/v2\/media\/90117"}],"wp:attachment":[{"href":"https:\/\/www.europesays.com\/lv\/wp-json\/wp\/v2\/media?parent=90116"}],"wp:term":[{"taxonomy":"category","embeddable":true,"href":"https:\/\/www.europesays.com\/lv\/wp-json\/wp\/v2\/categories?post=90116"},{"taxonomy":"post_tag","embeddable":true,"href":"https:\/\/www.europesays.com\/lv\/wp-json\/wp\/v2\/tags?post=90116"}],"curies":[{"name":"wp","href":"https:\/\/api.w.org\/{rel}","templated":true}]}}