{"id":90124,"date":"2025-12-30T16:06:23","date_gmt":"2025-12-30T16:06:23","guid":{"rendered":"https:\/\/www.europesays.com\/lv\/90124\/"},"modified":"2025-12-30T16:06:23","modified_gmt":"2025-12-30T16:06:23","slug":"gripas-epidemija-turpinas-lielaka-intensitate-ir-jelgava-rezekne-un-jekabpils-novada","status":"publish","type":"post","link":"https:\/\/www.europesays.com\/lv\/90124\/","title":{"rendered":"Gripas epid\u0113mija turpin\u0101s \u2013 liel\u0101k\u0101 intensit\u0101te ir Jelgav\u0101, R\u0113zekn\u0113 un J\u0113kabpils novad\u0101"},"content":{"rendered":"<p>Latvij\u0101 turpin\u0101s <a rel=\"noopener nofollow\" target=\"_blank\" href=\"https:\/\/www.delfi.lv\/temas\/36131334\/gripa\" tag-id=\"36131334\">gripas<\/a> epid\u0113mija un, lai gan 52. ned\u0113\u013cas monitoringa dati gada nogales br\u012bvdienu d\u0113\u013c ir nepiln\u012bgi, stacion\u0101ru un laboratoriskie r\u0101d\u012bt\u0101ji liecina, ka gripas v\u012bruss joproj\u0101m akt\u012bvi cirkul\u0113 sabiedr\u012bb\u0101, un gripas gad\u012bjumi turpin\u0101s, &#8220;Delfi&#8221; inform\u0113ja Slim\u012bbu profilakses un kontroles centr\u0101 (<a rel=\"noopener nofollow\" target=\"_blank\" href=\"https:\/\/www.delfi.lv\/temas\/56423383\/spkc-1\" tag-id=\"56423383\">SPKC<\/a>).<\/p>\n<p class=\"text-align-justify\">\u0160aj\u0101 gripas sezon\u0101 saslimst\u012bbas pieaugums s\u0101cies agr\u0101k nek\u0101 ierasts, un jau pirms div\u0101m ned\u0113\u013c\u0101m gripas intensit\u0101te p\u0101rsniedza iepriek\u0161\u0113jo piecu sezonu augst\u0101ko r\u0101d\u012bt\u0101ju. Visliel\u0101k\u0101 gripas intensit\u0101te joproj\u0101m re\u0123istr\u0113ta Jelgav\u0101 (1 498,9 gad\u012bjumi uz 100 000 iedz\u012bvot\u0101ju), k\u0101 ar\u012b R\u0113zekn\u0113 (987,1 uz 100 000 iedz\u012bvot\u0101ju) un J\u0113kabpils novad\u0101 (826,9 uz 100 000 iedz\u012bvot\u0101ju). Augst\u0101k\u0101 saslimst\u012bba ar gripu re\u0123istr\u0113ta b\u0113rniem l\u012bdz 14 gadu vecumam, kas rakstur\u012bgi ar\u012b cit\u0101m gripas sezon\u0101m.<\/p>\n<p class=\"text-align-justify\">Kop\u0161 monitoringa sezonas s\u0101kuma sa\u0146emti pieci pazi\u0146ojumi par n\u0101ves gad\u012bjumiem pacientiem ar apstiprin\u0101tu A tipa gripas infekciju. Visi pacienti biju\u0161i vecum\u0101 virs 60 gadiem ar vair\u0101k\u0101m hronisk\u0101m blakus slim\u012bb\u0101m. \u010cetri no miru\u0161ajiem \u0161aj\u0101 sezon\u0101 nav biju\u0161i vakcin\u0113ti pret gripu, nor\u0101da SPKC.<\/p>\n<p class=\"text-align-justify\">SPKC uzsver, ka sv\u0113tku period\u0101 infic\u0113\u0161an\u0101s risks pieaug, jo cilv\u0113ki bie\u017e\u0101k uzturas sl\u0113gt\u0101s telp\u0101s, pulc\u0113jas \u0123imenes un draugu lok\u0101, tostarp kop\u0101 ir da\u017e\u0101du vecuma grupu cilv\u0113ki. \u0160\u0101dos apst\u0101k\u013cos gripas v\u012bruss izplat\u0101s \u012bpa\u0161i viegli. T\u0101p\u0113c SPKC aicina iedz\u012bvot\u0101jus, kuri nej\u016btas veseli vai kuriem ir elpce\u013cu infekcijas simptomi, piem\u0113ram, drudzis, klepus, iesnas, kakla s\u0101pes, nesp\u0113ks vai musku\u013cu s\u0101pes, palikt m\u0101j\u0101s, nedoties ciemos, neapmekl\u0113t svin\u012bbas, pas\u0101kumus un citas sabiedriskas vietas, t\u0101d\u0113j\u0101di pasarg\u0101jot citus no infic\u0113\u0161an\u0101s. Tas ir \u012bpa\u0161i b\u016btiski, lai pasarg\u0101tu seniorus, cilv\u0113kus ar hronisk\u0101m saslim\u0161an\u0101m, gr\u016btnieces un mazus b\u0113rnus, kuriem gripa var norit\u0113t smag\u0101k un izrais\u012bt nopietnas komplik\u0101cijas.<\/p>\n<p class=\"text-align-justify\">SPKC atg\u0101dina, ka gripas epid\u0113mijas laik\u0101 b\u016btiski ir iev\u0113rot elpce\u013cu higi\u0113nu \u2013 regul\u0101ri un r\u016bp\u012bgi mazg\u0101t rokas, v\u0113din\u0101t telpas, izvair\u012bties no cilv\u0113ku pulc\u0113\u0161an\u0101s viet\u0101m, k\u0101 ar\u012b riska grupu person\u0101m sabiedrisk\u0101s viet\u0101s lietot medic\u012bnisk\u0101s sejas maskas vai respiratorus. Saslim\u0161anas gad\u012bjum\u0101 ieteicams sazin\u0101ties ar \u0123imenes \u0101rstu telefoniski un sekot \u0101rsta nor\u0101d\u012bjumiem.<\/p>\n<p class=\"text-align-justify\"><a rel=\"noopener nofollow\" target=\"_blank\" href=\"https:\/\/www.delfi.lv\/temas\/51591063\/vakcinacija\" tag-id=\"51591063\">Vakcin\u0101cija<\/a> pret gripu joproj\u0101m ir visefekt\u012bv\u0101kais veids, k\u0101 pasarg\u0101t sevi no smagas slim\u012bbas gaitas un komplik\u0101cij\u0101m. \u0145emot v\u0113r\u0101, ka gripa parasti turpina izplat\u012bties l\u012bdz pavasarim, vakcin\u0113ties ir lietder\u012bgi ar\u012b epid\u0113mijas laik\u0101. <a rel=\"noopener nofollow\" target=\"_blank\" href=\"https:\/\/www.spkc.gov.lv\/lv\/valsts-apmaksata-vakcinacija-pret-sezonalo-gripu\" data-rel-date-range=\"[]\">SPKC t\u012bmek\u013cvietn\u0113 pieejams un regul\u0101ri tiek aktualiz\u0113ts saraksts ar \u0101rstniec\u012bbas iest\u0101d\u0113m<\/a>, kur riska grupu pacienti var sa\u0146emt valsts apmaks\u0101tu vakcin\u0101ciju pret gripu ar\u012b gad\u012bjumos, ja \u0123imenes \u0101rsta praks\u0113 vakc\u012bnas vairs nav pieejamas.<\/p>\n<p class=\"m-0\">Seko &#8220;Delfi&#8221; ar\u012b  <a target=\"_blank\" href=\"https:\/\/www.instagram.com\/delfi.lv\/\" rel=\"nofollow noopener\">Instagram<\/a>  un <a target=\"_blank\" href=\"https:\/\/www.youtube.com\/channel\/UCw5foWtcJvAbUm64rv7jwUQ\" rel=\"nofollow noopener\">YouTube<\/a>  profil\u0101 \u2013 pievienojies, lai uzzin\u0101tu svar\u012bg\u0101ko un interesant\u0101ko pirmais!<\/p>\n<p>Publik\u0101cijas saturs vai t\u0101s jebk\u0101da apjoma da\u013ca ir aizsarg\u0101ts autorties\u012bbu objekts Autorties\u012bbu likuma izpratn\u0113, un t\u0101 izmanto\u0161ana bez izdev\u0113ja at\u013caujas ir aizliegta. Vair\u0101k lasi  <a target=\"_blank\" href=\"https:\/\/www.delfi.lv\/noteikumi#autortiesibas\" rel=\"nofollow noopener\">\u0161eit<\/a><script async src=\"\/\/www.instagram.com\/embed.js\"><\/script><\/p>\n","protected":false},"excerpt":{"rendered":"Latvij\u0101 turpin\u0101s gripas epid\u0113mija un, lai gan 52. ned\u0113\u013cas monitoringa dati gada nogales br\u012bvdienu d\u0113\u013c ir nepiln\u012bgi, stacion\u0101ru&hellip;\n","protected":false},"author":2,"featured_media":90125,"comment_status":"","ping_status":"","sticky":false,"template":"","format":"standard","meta":{"footnotes":""},"categories":[5],"tags":[23,28,29,32,33,5657,22,9298,30,31,35,39,38,36,37,34,40,20,26,27,1580,24,25,7873,21],"class_list":{"0":"post-90124","1":"post","2":"type-post","3":"status-publish","4":"format-standard","5":"has-post-thumbnail","7":"category-aktualitates","8":"tag-aktualitates","9":"tag-breaking-news","10":"tag-breakingnews","11":"tag-featured-news","12":"tag-featurednews","13":"tag-gripa","14":"tag-headlines","15":"tag-infekciju-slimibas","16":"tag-latest-news","17":"tag-latestnews","18":"tag-latvia","19":"tag-latvian","20":"tag-latviesu","21":"tag-latviesu-valoda","22":"tag-latviesuvaloda","23":"tag-latvija","24":"tag-lv","25":"tag-news","26":"tag-popularakas-zinas","27":"tag-popularakaszinas","28":"tag-spkc","29":"tag-top-stories","30":"tag-topstories","31":"tag-vakcinacija","32":"tag-zinas"},"share_on_mastodon":{"url":"https:\/\/pubeurope.com\/@lv\/115809378951326822","error":""},"_links":{"self":[{"href":"https:\/\/www.europesays.com\/lv\/wp-json\/wp\/v2\/posts\/90124","targetHints":{"allow":["GET"]}}],"collection":[{"href":"https:\/\/www.europesays.com\/lv\/wp-json\/wp\/v2\/posts"}],"about":[{"href":"https:\/\/www.europesays.com\/lv\/wp-json\/wp\/v2\/types\/post"}],"author":[{"embeddable":true,"href":"https:\/\/www.europesays.com\/lv\/wp-json\/wp\/v2\/users\/2"}],"replies":[{"embeddable":true,"href":"https:\/\/www.europesays.com\/lv\/wp-json\/wp\/v2\/comments?post=90124"}],"version-history":[{"count":0,"href":"https:\/\/www.europesays.com\/lv\/wp-json\/wp\/v2\/posts\/90124\/revisions"}],"wp:featuredmedia":[{"embeddable":true,"href":"https:\/\/www.europesays.com\/lv\/wp-json\/wp\/v2\/media\/90125"}],"wp:attachment":[{"href":"https:\/\/www.europesays.com\/lv\/wp-json\/wp\/v2\/media?parent=90124"}],"wp:term":[{"taxonomy":"category","embeddable":true,"href":"https:\/\/www.europesays.com\/lv\/wp-json\/wp\/v2\/categories?post=90124"},{"taxonomy":"post_tag","embeddable":true,"href":"https:\/\/www.europesays.com\/lv\/wp-json\/wp\/v2\/tags?post=90124"}],"curies":[{"name":"wp","href":"https:\/\/api.w.org\/{rel}","templated":true}]}}