{"id":90126,"date":"2025-12-30T16:07:14","date_gmt":"2025-12-30T16:07:14","guid":{"rendered":"https:\/\/www.europesays.com\/lv\/90126\/"},"modified":"2025-12-30T16:07:14","modified_gmt":"2025-12-30T16:07:14","slug":"muziku-cubaru-gimene-nakamgad-gaidams-priecigs-notikums-santa","status":"publish","type":"post","link":"https:\/\/www.europesays.com\/lv\/90126\/","title":{"rendered":"M\u016bzi\u0137u \u010cubaru \u0123imen\u0113 n\u0101kamgad gaid\u0101ms priec\u012bgs notikums! \u2014 Santa"},"content":{"rendered":"<p>Par skaisto notikumu Ziemassv\u0113tku laik\u0101 m\u016bzi\u0137u p\u0101ris pazi\u0146oja savos soci\u0101lajos t\u012bklos. \u00abTicot, m\u012blot un gaidot,\u00bb \u2013 t\u0101 fotogr\u0101fiju, kur\u0101 redzams Montas gr\u016btnieces v\u0113deri\u0146\u0161, koment\u0113ja p\u0101ris. Uz Montas v\u0113dera\u00a0plaukstas uzliku\u0161i visi \u0123imenes locek\u013ci\u00a0\u2013 vi\u0146a, J\u0101nis un p\u0101ra\u00a0tr\u012bs gadus vecais d\u0113ls Kri\u0161j\u0101nis.<\/p>\n<p>        <a href=\"https:\/\/www.europesays.com\/lv\/wp-content\/uploads\/2025\/12\/e0963b1cb2ba.jpg\"><img decoding=\"async\" alt=\"\" class=\"no-convert\" src=\"https:\/\/www.europesays.com\/lv\/wp-content\/uploads\/2025\/12\/e0963b1cb2ba.jpg\"\/><\/a><\/p>\n<p> Foto: Instagram<\/p>\n<p>\u00a0<\/p>\n<p>Pirms tam \u0123it\u0101rists J\u0101nis \u010cubars vair\u0101kus gadus bija kop\u0101 ar dzied\u0101t\u0101ju un <a data-id=\"123940\" href=\"https:\/\/www.santa.lv\/tema\/123940\/latvijas-radio?utm_source=internal&amp;utm_medium=article&amp;utm_campaign=theme_link\" target=\"_blank\" rel=\"nofollow noopener\">Latvijas Radio<\/a> 2 \u0113tera person\u012bbu Antru Stafecku, ta\u010du \u0123imeni m\u016bzi\u0137iem t\u0101 ar\u012b neizdev\u0101s nodibin\u0101t. 2021. gad\u0101 k\u013cuva zin\u0101ms, ka p\u0101ris iz\u0161\u0137\u012bries.<\/p>\n<p>Dr\u012bz vien J\u0101nis uzs\u0101ka attiec\u012bbas ar kol\u0113\u0123i m\u016bzi\u0137i Montu Str\u016bbergu. Jaunu m\u012blest\u012bbu atrada ar\u012b Antra \u2013 vi\u0146as sirdi izdev\u0101s iekarot hokejistam Laurim Niedram, ar kuru m\u0101ksliniece\u00a0p\u0113c\u0101k apprec\u0113j\u0101s un sagaid\u012bja\u00a0meitu Laimu.<\/p>\n<p>J\u0101nis un Monta \u010cubari laul\u012bbu gredzenus mija\u00a0 2022. gada 18. j\u016blij\u0101. Dr\u012bz vien pasaul\u0113 n\u0101ca vi\u0146u pirmdzimtais \u2013 d\u0113li\u0146\u0161 Kri\u0161j\u0101nis. Nu vi\u0146am piepulc\u0113sies m\u0101si\u0146a vai br\u0101l\u012btis.\u00a0<\/p>\n<p>\u010cubaru p\u0101ris ir pieredz\u0113ju\u0161i m\u016bzi\u0137i. L\u012bdz \u0161im Monta izdevusi divus studijas albumus un ieska\u0146ojusi savas autordziesmas kop\u0101 ar t\u0101diem paz\u012bstamiem m\u016bzi\u0137iem k\u0101 Zigfr\u012bdu Muktup\u0101velu, K\u0101rli B\u016bmeisteru, Normundu Pauni\u0146u. Savuk\u0101rt J\u0101nis \u010cubars ir grupas Otra puse \u0123it\u0101rists, paral\u0113li sadarbojoties ar Ati Ievi\u0146u, Ivo Gr\u012bsni\u0146u-Gr\u012bsli, Antru Stafecku, M\u0101rti\u0146u Kanteru, Andri \u0112rgli un daudziem citiem Latvij\u0101 zin\u0101miem m\u016bzi\u0137iem.<\/p>\n<p>Vasar\u0101 Monta un J\u0101nis apvienoj\u0101s grup\u0101 Vieni un nupat ir izdevu\u0161i savu otro singlu Es padodos tev.\u00a0<\/p>\n<p>    <img decoding=\"async\" class=\"no-convert\" alt=\"\" data-init=\"lazy-image\" src=\"https:\/\/www.europesays.com\/lv\/wp-content\/uploads\/2025\/12\/e779a517f0f8.jpg\"\/><a target=\"_self\" href=\"https:\/\/www.santa.lv\/raksts\/personibas\/kam-pirmais-kam-otrais-kam-septitais-slavenibu-gimenes-kuras-2025.-gada-ienakusi-mazuli-79794\/\" aria-label=\"Kam pirmais, kam otrais, kam\u2026 sept\u012btais! Slaven\u012bbu \u0123imenes, kur\u0101s 2025. gad\u0101 ien\u0101ku\u0161i mazu\u013ci\" rel=\"nofollow noopener\"><\/p>\n","protected":false},"excerpt":{"rendered":"Par skaisto notikumu Ziemassv\u0113tku laik\u0101 m\u016bzi\u0137u p\u0101ris pazi\u0146oja savos soci\u0101lajos t\u012bklos. \u00abTicot, m\u012blot un gaidot,\u00bb \u2013 t\u0101 fotogr\u0101fiju,&hellip;\n","protected":false},"author":2,"featured_media":90127,"comment_status":"","ping_status":"","sticky":false,"template":"","format":"standard","meta":{"footnotes":""},"categories":[19],"tags":[89,90,35,39,38,36,37,34,40],"class_list":{"0":"post-90126","1":"post","2":"type-post","3":"status-publish","4":"format-standard","5":"has-post-thumbnail","7":"category-izklaide","8":"tag-entertainment","9":"tag-izklaide","10":"tag-latvia","11":"tag-latvian","12":"tag-latviesu","13":"tag-latviesu-valoda","14":"tag-latviesuvaloda","15":"tag-latvija","16":"tag-lv"},"share_on_mastodon":{"url":"https:\/\/pubeurope.com\/@lv\/115809382731487373","error":""},"_links":{"self":[{"href":"https:\/\/www.europesays.com\/lv\/wp-json\/wp\/v2\/posts\/90126","targetHints":{"allow":["GET"]}}],"collection":[{"href":"https:\/\/www.europesays.com\/lv\/wp-json\/wp\/v2\/posts"}],"about":[{"href":"https:\/\/www.europesays.com\/lv\/wp-json\/wp\/v2\/types\/post"}],"author":[{"embeddable":true,"href":"https:\/\/www.europesays.com\/lv\/wp-json\/wp\/v2\/users\/2"}],"replies":[{"embeddable":true,"href":"https:\/\/www.europesays.com\/lv\/wp-json\/wp\/v2\/comments?post=90126"}],"version-history":[{"count":0,"href":"https:\/\/www.europesays.com\/lv\/wp-json\/wp\/v2\/posts\/90126\/revisions"}],"wp:featuredmedia":[{"embeddable":true,"href":"https:\/\/www.europesays.com\/lv\/wp-json\/wp\/v2\/media\/90127"}],"wp:attachment":[{"href":"https:\/\/www.europesays.com\/lv\/wp-json\/wp\/v2\/media?parent=90126"}],"wp:term":[{"taxonomy":"category","embeddable":true,"href":"https:\/\/www.europesays.com\/lv\/wp-json\/wp\/v2\/categories?post=90126"},{"taxonomy":"post_tag","embeddable":true,"href":"https:\/\/www.europesays.com\/lv\/wp-json\/wp\/v2\/tags?post=90126"}],"curies":[{"name":"wp","href":"https:\/\/api.w.org\/{rel}","templated":true}]}}