{"id":90140,"date":"2025-12-30T16:22:09","date_gmt":"2025-12-30T16:22:09","guid":{"rendered":"https:\/\/www.europesays.com\/lv\/90140\/"},"modified":"2025-12-30T16:22:09","modified_gmt":"2025-12-30T16:22:09","slug":"ventspili-jauno-gadu-sagaidis-ar-koncertu-un-krasnu-ugunosanu-3","status":"publish","type":"post","link":"https:\/\/www.europesays.com\/lv\/90140\/","title":{"rendered":"Ventspil\u012b Jauno gadu sagaid\u012bs ar koncertu un kr\u0101\u0161\u0146u ugu\u0146o\u0161anu"},"content":{"rendered":"<p>Ventspil\u012b Jauno gadu sagaida p\u0113c viet\u0113j\u0101 laika \u2013 1. janv\u0101r\u012b pulksten 00.33.44, kad sv\u0113tku dal\u012bbniekus uzrun\u0101s Ventspils valstspils\u0113tas pa\u0161vald\u012bbas domes priek\u0161s\u0113d\u0113t\u0101js J\u0101nis V\u012btoli\u0146\u0161. P\u0113c uzrunas debesis virs Ventspils iemirdz\u0113sies ugu\u0146o\u0161an\u0101, kas k\u013cuvusi par neat\u0146emamu pils\u0113tas gadu mijas trad\u012bciju.<\/p>\n<p>Lai gan \u0161obr\u012bd laikapst\u0101k\u013ci Ventspil\u012b nav iepriecino\u0161i, laika prognozes liecina, ka l\u012bdz 31. decembra vakaram tie pak\u0101peniski uzlabosies un v\u0113j\u0161 mit\u0113sies, \u013caujot sv\u0113tku kulmin\u0101cij\u0101 baud\u012bt tradicion\u0101lo Jaungada ugu\u0146o\u0161anu.<\/p>\n<p>Ventspil\u012b Jauno gadu kop\u0161 1999. gada sagaida p\u0113c viet\u0113j\u0101 laika, kas ir 33 min\u016btes un 44 sekundes v\u0113l\u0101k nek\u0101 citviet Latvij\u0101. \u201cVentspils laiku\u201d apr\u0113\u0137in\u0101ja Ventspils Starptautiskais radioastronomijas centrs, \u0146emot v\u0113r\u0101 Latvijas teritoriju \u0161\u0137\u0113rsojo\u0161os meridi\u0101nus. Trad\u012bcija Jauno gadu sagaid\u012bt p\u0113c viet\u0113j\u0101 laika aizs\u0101k\u0101s, Ventspils domei izskatot jaut\u0101jumu par 2000. gada astronomisko iest\u0101\u0161anos Ventspil\u012b.<\/p>\n<p>Ventspils Jaun\u0101 gada svin\u012bb\u0101m no pulksten 23.30 b\u016bs iesp\u0113jams sekot l\u012bdzi ar\u012b tie\u0161raid\u0113 internet\u0101 \u2013 gan Ventspils valstspils\u0113tas pa\u0161vald\u012bbas ofici\u0101laj\u0101 t\u012bmek\u013ca vietn\u0113 ventspils.lv, gan Ventspils \u201cFacebook\u201d kont\u0101.<\/p>\n<p class=\"tv3-fw-500\">Zi\u0146o par k\u013c\u016bdu rakst\u0101<\/p>\n<p class=\"d-md-block d-none\">Iez\u012bm\u0113 k\u013c\u016bdaino tekstu un spied Ctrl+Enter.<\/p>\n<p class=\"d-md-none d-block\">Iez\u012bm\u0113 k\u013c\u016bdaino tekstu un zi\u0146o par to!<\/p>\n","protected":false},"excerpt":{"rendered":"Ventspil\u012b Jauno gadu sagaida p\u0113c viet\u0113j\u0101 laika \u2013 1. janv\u0101r\u012b pulksten 00.33.44, kad sv\u0113tku dal\u012bbniekus uzrun\u0101s Ventspils valstspils\u0113tas&hellip;\n","protected":false},"author":2,"featured_media":90141,"comment_status":"","ping_status":"","sticky":false,"template":"","format":"standard","meta":{"footnotes":""},"categories":[14],"tags":[23,57,28,29,32,33,22,22756,30,31,35,39,38,36,37,34,40,20,26,27,24,25,54,55,56,21,58],"class_list":{"0":"post-90140","1":"post","2":"type-post","3":"status-publish","4":"format-standard","5":"has-post-thumbnail","7":"category-zinas-no-arvalstim","8":"tag-aktualitates","9":"tag-arvalstim","10":"tag-breaking-news","11":"tag-breakingnews","12":"tag-featured-news","13":"tag-featurednews","14":"tag-headlines","15":"tag-jauna-gada-sagaidisanajaunais-gadsventspils","16":"tag-latest-news","17":"tag-latestnews","18":"tag-latvia","19":"tag-latvian","20":"tag-latviesu","21":"tag-latviesu-valoda","22":"tag-latviesuvaloda","23":"tag-latvija","24":"tag-lv","25":"tag-news","26":"tag-popularakas-zinas","27":"tag-popularakaszinas","28":"tag-top-stories","29":"tag-topstories","30":"tag-world","31":"tag-world-news","32":"tag-worldnews","33":"tag-zinas","34":"tag-zinas-no-arvalstim"},"share_on_mastodon":{"url":"https:\/\/pubeurope.com\/@lv\/115809441694838495","error":""},"_links":{"self":[{"href":"https:\/\/www.europesays.com\/lv\/wp-json\/wp\/v2\/posts\/90140","targetHints":{"allow":["GET"]}}],"collection":[{"href":"https:\/\/www.europesays.com\/lv\/wp-json\/wp\/v2\/posts"}],"about":[{"href":"https:\/\/www.europesays.com\/lv\/wp-json\/wp\/v2\/types\/post"}],"author":[{"embeddable":true,"href":"https:\/\/www.europesays.com\/lv\/wp-json\/wp\/v2\/users\/2"}],"replies":[{"embeddable":true,"href":"https:\/\/www.europesays.com\/lv\/wp-json\/wp\/v2\/comments?post=90140"}],"version-history":[{"count":0,"href":"https:\/\/www.europesays.com\/lv\/wp-json\/wp\/v2\/posts\/90140\/revisions"}],"wp:featuredmedia":[{"embeddable":true,"href":"https:\/\/www.europesays.com\/lv\/wp-json\/wp\/v2\/media\/90141"}],"wp:attachment":[{"href":"https:\/\/www.europesays.com\/lv\/wp-json\/wp\/v2\/media?parent=90140"}],"wp:term":[{"taxonomy":"category","embeddable":true,"href":"https:\/\/www.europesays.com\/lv\/wp-json\/wp\/v2\/categories?post=90140"},{"taxonomy":"post_tag","embeddable":true,"href":"https:\/\/www.europesays.com\/lv\/wp-json\/wp\/v2\/tags?post=90140"}],"curies":[{"name":"wp","href":"https:\/\/api.w.org\/{rel}","templated":true}]}}