{"id":90142,"date":"2025-12-30T16:24:22","date_gmt":"2025-12-30T16:24:22","guid":{"rendered":"https:\/\/www.europesays.com\/lv\/90142\/"},"modified":"2025-12-30T16:24:22","modified_gmt":"2025-12-30T16:24:22","slug":"gripas-izplatiba-latvija-paslaik-cetrreiz-parsniedz-kovida-izplatibu-jau-cetri-mirusie-raksts","status":"publish","type":"post","link":"https:\/\/www.europesays.com\/lv\/90142\/","title":{"rendered":"Gripas izplat\u012bba Latvij\u0101 pa\u0161laik \u010detrreiz p\u0101rsniedz kovida izplat\u012bbu; jau \u010detri miru\u0161ie \/ Raksts"},"content":{"rendered":"<p>Ar p\u0113d\u0113jos piecos gados liel\u0101ko intensit\u0101ti Latvij\u0101 turpina izplat\u012bties saslimst\u012bba ar gripu. Sa\u0146emtas zi\u0146as par \u010detriem cilv\u0113kiem, kas \u0161aj\u0101 sezon\u0101 miru\u0161i no gripas, \u2013 vi\u0146i visi bija nevakcin\u0113ti pret \u0161o v\u012brusu. M\u0113ren\u0101k izplat\u0101s ar\u012b kovids, ta\u010du, sal\u012bdzinot ar gripu, t\u0101 izplat\u012bbas augst\u0101kais punkts tika sasniegts vasaras beig\u0101s. \u0145emot v\u0113r\u0101 \u0161o v\u012brusu izplat\u012bbas specifiku un gaid\u0101m\u0101s Jaungada br\u012bvdienas, \u0101rsti aicina izv\u0113rt\u0113t savu vesel\u012bbas st\u0101vokli, pirms apmekl\u0113t pla\u0161as pulc\u0113\u0161an\u0101s vietas vai svin\u012bbas, k\u0101 ar\u012b mazg\u0101t rokas un v\u0113din\u0101t telpas.\u00a0<\/p>\n<p style=\"margin-left:0cm; margin-right:0cm\">Gripa \u0161ogad izplat\u0101s visai agres\u012bvi, un ar\u012b epid\u0113mija s\u0101kusies agr\u0101k nek\u0101 iepriek\u0161. Datu par Ziemassv\u0113tku br\u012bvdien\u0101m Slim\u012bbu profilakses un kontroles centram (SPKC) v\u0113l nav, ta\u010du dati pirms Ziemassv\u0113tkiem par pacientiem, kas ar s\u016bdz\u012bb\u0101m v\u0113rsu\u0161ies pie \u0123imenes \u0101rsta, liecina, ka gripas izplat\u012bba sasniegusi gandr\u012bz 800 saslim\u0161anas gad\u012bjumu uz 100 000 iedz\u012bvot\u0101jiem. Sal\u012bdzino\u0161i: p\u0113rn augst\u0101kais r\u0101d\u012bt\u0101js bija 702 gad\u012bjumi uz 100 t\u016bksto\u0161iem, un tas bija mart\u0101. T\u0101tad gripas sezonas beig\u0101s.\u00a0<\/p>\n<p style=\"margin-left:0cm; margin-right:0cm\">&#8220;Ja m\u0113s nevakcin\u0113jamies, un mums diem\u017e\u0113l ir paradums nevis doties dab\u0101, bet apmekl\u0113t lielveikalus ne tikai iepirk\u0161an\u0101s d\u0113\u013c, bet tos izmantot k\u0101 izklaides vietas, tad, protams, \u0161\u012b slim\u012bba izplat\u0101s,&#8221; skaidroja Latvijas Infektolo\u0123ijas centra infektolo\u0123e Gunta St\u016bre.\u00a0<\/p>\n<p style=\"margin-left:0cm; margin-right:0cm\">&#8220;M\u0113s redzam, ka gripa ir pla\u0161i izplat\u012bta joproj\u0101m vis\u0101 Latvij\u0101, vis\u0101s teritorij\u0101s. Attiec\u012bgi ar\u012b visas vecuma grupas slimo. Tie ir apm\u0113ram 17\u201324\u00a0%. Nav mums \u0161obr\u012bd v\u0113l jaun\u0101kie dati ien\u0101ku\u0161i par \u0161o sv\u0113tku laiku. Bet pozit\u012bvo testu \u012bpatsvars turas diezgan augstu \u0161obr\u012bd,&#8221; sac\u012bja SPKC p\u0101rst\u0101ve Ilze \u016adre.<\/p>\n<p style=\"margin-left:0cm; margin-right:0cm\">No tre\u0161dienas gaid\u0101mas n\u0101kam\u0101s gar\u0101s sv\u0113tku br\u012bvdienas un da\u017e\u0101di Jaun\u0101 gada sagaid\u012b\u0161anas pas\u0101kumi, kas var b\u016bt risks v\u012brusu izplat\u012bbai. Iedz\u012bvot\u0101ji aicin\u0101ti mazg\u0101t rokas, v\u0113din\u0101t telpas un ar\u012b vakcin\u0113ties.\u00a0<\/p>\n<p style=\"margin-left:0cm; margin-right:0cm\">Pa\u0161laik 95\u00a0% valsts apmaks\u0101to vakc\u012bnu ir izpot\u0113tas, ta\u010du pas\u016bta v\u0113l. K\u0101p\u0113c tad slim\u012bba izplat\u0101s tik v\u0113rien\u012bgi?\u00a0<\/p>\n<p style=\"margin-left:0cm; margin-right:0cm\">&#8220;Apm\u0113ram 80\u00a0% no laboratoriski apstiprin\u0101tiem gripas gad\u012bjumiem ir AH3 variants, kas ir izplat\u012bts \u0161obr\u012bd Latvij\u0101 un ar\u012b Eirop\u0101, kas p\u0113d\u0113jos divus, tr\u012bs gadus nav bijis k\u0101 domin\u0113jo\u0161ais. L\u012bdz ar to cilv\u0113kiem nav izstr\u0101d\u0101jusies imunit\u0101te. Attiec\u012bgi iepriek\u0161 bija vair\u0101k pand\u0113miskie apak\u0161tipi,&#8221; teica \u016adre.\u00a0<\/p>\n<p style=\"margin-left:0cm; margin-right:0cm\">Vakcin\u0113tie bie\u017e\u0101k slimo viegli. \u0160osezon miru\u0161i \u010detri pacienti, kam bija gripa. Visi bija nevakcin\u0113ti un vecum\u0101 no 60 l\u012bdz 65 gadiem vai vec\u0101ki par 80.\u00a0<\/p>\n<p style=\"margin-left:0cm; margin-right:0cm\">&#8220;\u0160obr\u012bd paskatoties, no hospitaliz\u0113tiem pacientiem liel\u0101k\u0101 da\u013ca \u2013 bezgala \u017e\u0113l \u2013 ir nevakcin\u0113tie seniori. Diem\u017e\u0113l ar\u012b no pansion\u0101tiem, kur vi\u0146i atrodas sl\u0113gt\u0101 vid\u0113. No vakcin\u0113tiem vismaz m\u016bsu kl\u012bnik\u0101 ir biju\u0161i divi pacienti. Vi\u0146i ar\u012b ir slimoju\u0161i viegli. T\u0101 k\u0101 teikt, ka vakc\u012bna nepasarg\u0101, laikam b\u016btu mald\u012bgi,&#8221; pauda St\u016bre.\u00a0<\/p>\n<p style=\"margin-left:0cm; margin-right:0cm\">Tikm\u0113r kovida izplat\u012bba \u0161osezon ir gandr\u012bz \u010detras reizes zem\u0101ka nek\u0101 gripai. Infektolo\u0123ijas centr\u0101 nor\u0101da, ka sv\u0113tku ned\u0113\u013cas laik\u0101 hospitaliz\u0113to kovida pacientu skaits ir pieaudzis. Slimn\u012bc\u0101s \u0101rst\u0113jas riska grupu pacienti.\u00a0<\/p>\n<p>                    Valodas k\u013c\u016bda rakst\u0101?<\/p>\n<p class=\"d-none d-md-block\">Iez\u012bm\u0113jiet tekstu un spiediet Ctrl+Enter, lai nos\u016bt\u012btu labojamo teksta fragmentu redaktoram! Par faktu k\u013c\u016bd\u0101m l\u016bdzam zi\u0146ot e-past\u0101 <a href=\"https:\/\/www.lsm.lv\/cdn-cgi\/l\/email-protection\" class=\"__cf_email__\" data-cfemail=\"c7b5a2a3a6aca4aeada687abb4aae9abb1\" rel=\"nofollow noopener\" target=\"_blank\">[email\u00a0protected]<\/a>.<\/p>\n<p class=\"d-md-none\">Iez\u012bm\u0113jiet tekstu un spiediet uz Zi\u0146ot par k\u013c\u016bdu pogas, lai nos\u016bt\u012btu labojamo teksta fragmentu redaktoram!<\/p>\n<p>\n                    Zi\u0146ot par k\u013c\u016bdu\n                <\/p>\n","protected":false},"excerpt":{"rendered":"Ar p\u0113d\u0113jos piecos gados liel\u0101ko intensit\u0101ti Latvij\u0101 turpina izplat\u012bties saslimst\u012bba ar gripu. Sa\u0146emtas zi\u0146as par \u010detriem cilv\u0113kiem, kas&hellip;\n","protected":false},"author":2,"featured_media":90143,"comment_status":"","ping_status":"","sticky":false,"template":"","format":"standard","meta":{"footnotes":""},"categories":[5],"tags":[23,28,29,32,33,22,30,31,35,39,38,36,37,34,40,20,26,27,24,25,21],"class_list":{"0":"post-90142","1":"post","2":"type-post","3":"status-publish","4":"format-standard","5":"has-post-thumbnail","7":"category-aktualitates","8":"tag-aktualitates","9":"tag-breaking-news","10":"tag-breakingnews","11":"tag-featured-news","12":"tag-featurednews","13":"tag-headlines","14":"tag-latest-news","15":"tag-latestnews","16":"tag-latvia","17":"tag-latvian","18":"tag-latviesu","19":"tag-latviesu-valoda","20":"tag-latviesuvaloda","21":"tag-latvija","22":"tag-lv","23":"tag-news","24":"tag-popularakas-zinas","25":"tag-popularakaszinas","26":"tag-top-stories","27":"tag-topstories","28":"tag-zinas"},"share_on_mastodon":{"url":"https:\/\/pubeurope.com\/@lv\/115809449672015785","error":""},"_links":{"self":[{"href":"https:\/\/www.europesays.com\/lv\/wp-json\/wp\/v2\/posts\/90142","targetHints":{"allow":["GET"]}}],"collection":[{"href":"https:\/\/www.europesays.com\/lv\/wp-json\/wp\/v2\/posts"}],"about":[{"href":"https:\/\/www.europesays.com\/lv\/wp-json\/wp\/v2\/types\/post"}],"author":[{"embeddable":true,"href":"https:\/\/www.europesays.com\/lv\/wp-json\/wp\/v2\/users\/2"}],"replies":[{"embeddable":true,"href":"https:\/\/www.europesays.com\/lv\/wp-json\/wp\/v2\/comments?post=90142"}],"version-history":[{"count":0,"href":"https:\/\/www.europesays.com\/lv\/wp-json\/wp\/v2\/posts\/90142\/revisions"}],"wp:featuredmedia":[{"embeddable":true,"href":"https:\/\/www.europesays.com\/lv\/wp-json\/wp\/v2\/media\/90143"}],"wp:attachment":[{"href":"https:\/\/www.europesays.com\/lv\/wp-json\/wp\/v2\/media?parent=90142"}],"wp:term":[{"taxonomy":"category","embeddable":true,"href":"https:\/\/www.europesays.com\/lv\/wp-json\/wp\/v2\/categories?post=90142"},{"taxonomy":"post_tag","embeddable":true,"href":"https:\/\/www.europesays.com\/lv\/wp-json\/wp\/v2\/tags?post=90142"}],"curies":[{"name":"wp","href":"https:\/\/api.w.org\/{rel}","templated":true}]}}