{"id":90158,"date":"2025-12-30T16:38:30","date_gmt":"2025-12-30T16:38:30","guid":{"rendered":"https:\/\/www.europesays.com\/lv\/90158\/"},"modified":"2025-12-30T16:38:30","modified_gmt":"2025-12-30T16:38:30","slug":"krastenbergs-pec-ilga-laika-iemet-ripu-cehija-latviesi-kraj-punktus-slovakija-hokejs-sportacentrs-com","status":"publish","type":"post","link":"https:\/\/www.europesays.com\/lv\/90158\/","title":{"rendered":"Krastenbergs p\u0113c ilga laika iemet ripu \u010cehij\u0101, latvie\u0161i kr\u0101j punktus Slov\u0101kij\u0101 \u2013 Hokejs \u2013 Sportacentrs.com"},"content":{"rendered":"<p>Piektdien 27 gadu slieksni sasniegu\u0161ais uzbruc\u0113js 17 ar pusi min\u016b\u0161u laik\u0101 pavisam veica tr\u012bs metienus. Vi\u0146\u0161 \u0161aj\u0101s sacens\u012bb\u0101s v\u0101rtsargu nebija p\u0101rsp\u0113jis kop\u0161 12. novembra.<\/p>\n<blockquote class=\"twitter-tweet\">\n<p lang=\"lv\" dir=\"ltr\">Ren\u0101rs Krastenbergs g\u016bst skaistus v\u0101rtus izg\u0101jien\u0101 1 pret 1 ar v\u0101rtsargu. <a href=\"https:\/\/t.co\/nNzTpUYHoQ\" rel=\"nofollow\">pic.twitter.com\/nNzTpUYHoQ<\/a><\/p>\n<p>\u2014 zemledus (@zemledus) <a href=\"https:\/\/twitter.com\/zemledus\/status\/2005316088477917277?ref_src=twsrc%5Etfw\" rel=\"nofollow noopener\" target=\"_blank\">December 28, 2025<\/a><\/p><\/blockquote>\n<p>P\u0113d\u0113j\u0101 viet\u0101 eso\u0161ajai Litv\u012bnovai piecas uzvaras p\u0113d\u0113j\u0101s se\u0161\u0101s k\u0101rt\u0101s \u2013 \u0161ovakar ar 4:1 p\u0101rsp\u0113ta \u010ceske Budejovice. Aizsargam Markusam Komulam (14; 2+5) nepiln\u0101s 20 min\u016bt\u0113s 0+1 un tr\u012bs metieni r\u0101m\u012b.<\/p>\n<p>Karlovi Vari ar 1:2 piek\u0101p\u0101s Plze\u0146as &#8220;\u0160kodai&#8221;, kam joproj\u0101m nevar pal\u012bdz\u0113t aizsargs Kristi\u0101ns Rub\u012bns. J\u0101nim Jakam (34; 6+8) 22 min\u016bt\u0113s \u010detri metieni un lietder\u012bbas r\u0101d\u012bt\u0101js -1, Haraldam Eglem (27; 4+8) 16 ar pusi min\u016b\u0161u laik\u0101 veikts viens metiens un zaud\u0113ti tr\u012bs no \u010detriem iemetieniem, bet aizsargam Robertam Mam\u010dicam (30; 0+5) 15 min\u016bt\u0113s noraid\u012bjums un izdar\u012bti divi metieni.<\/p>\n<p>Slov\u0101kijas Ekstral\u012bgas pastar\u012btei Pre\u0161ovai 2:5 klupiens Liptovski Mikul\u0101\u0161\u0101. Rihards Bukarts (2; 1+1) un Miks Indra\u0161is (2; 0+2) rezultat\u012bvi piesp\u0113l\u0113ja krievu hokejistam Aleksandram Avcinam. Bukarts nepiln\u0101s 19 min\u016bt\u0113s veica tr\u012bs, bet blo\u0137\u0113ja vienu metienu, k\u0101 ar\u012b sakr\u0101ja koeficientu +1, bet Indra\u0161im par pusmin\u016bti ilg\u0101k\u0101 laik\u0101 p\u0101r\u0101kums 15 no 19 iemetieniem un lietder\u012bba +1.<\/p>\n<p>Pirmoreiz \u0161om\u0113nes c\u012b\u0146\u0101 iesaist\u012bj\u0101s Raimonds V\u012btoli\u0146\u0161 (24; 2+8), kuram Tren\u010d\u012bnas &#8220;Dukla&#8221; pan\u0101kum\u0101 (3:2) papildlaik\u0101 p\u0101r Nitru 12 min\u016bt\u0113s punkts par piesp\u0113li, uzvar\u0113ti septi\u0146i no 11 iemetieniem, izdar\u012bti pa vienam metienam un sp\u0113ka pa\u0146\u0113mienam, k\u0101 ar\u012b sakr\u0101ts r\u0101d\u012bt\u0101js -1.<\/p>\n<p>Mihalovces &#8220;Dukla&#8221; 4:2 uzvar\u0101 p\u0101r Spi\u0161sku Novu Vesu aizsargam Kristoferam Bindulim (28; 1+6) 21 min\u016btes laik\u0101 viens metiens pa v\u0101rtiem.<\/p>\n<p>V\u0101cijas augst\u0101kaj\u0101 l\u012bg\u0101 (DEL) Izerlonas gai\u013ci izr\u0101d\u012bj\u0101s p\u0101r\u0101ki (2:0) p\u0101r \u0160traubingas t\u012b\u0123eriem. 18 gad\u012bgajam aizsargam Gordejam Radionovam (14; 0+0) uz ledus \u010detrarpus min\u016btes.<\/p>\n<p>V\u0101cijas otraj\u0101 augst\u0101kaj\u0101 l\u012bmen\u012b (DEL2) Kaseles haskiji klupa (2:4) aiz R\u0113gensburgas ledusl\u0101\u010diem. Kasparam Daugavi\u0146am (11;&#8217;1+4) izdev\u0101s g\u016bt virsroku visos trijos iemetienos un v\u0101rtsargu apdraud\u0113t ar diviem metieniem.<\/p>\n<p>Sacens\u012bbu vietnes:<br \/><a target=\"_blank\" href=\"https:\/\/www.hokej.cz\/tipsport-extraliga\" rel=\"nofollow noopener\">https:\/\/www.hokej.cz\/tipsport-extra&#8230;<\/a><br \/><a target=\"_blank\" href=\"https:\/\/www.hockeyslovakia.sk\/sk\/stats\/results-date\/1131\/tipsport-liga\" rel=\"nofollow noopener\">https:\/\/www.hockeyslovakia.sk\/sk\/st&#8230;<\/a><br \/><a target=\"_blank\" href=\"https:\/\/www.penny-del.org\/startseite\" rel=\"nofollow noopener\">https:\/\/www.penny-del.org\/startseite<\/a><br \/><a target=\"_blank\" href=\"https:\/\/www.del-2.org\/\" rel=\"nofollow noopener\">https:\/\/www.del-2.org\/<\/a><\/p>\n<p>                    <script async src=\"https:\/\/platform.twitter.com\/widgets.js\" charset=\"utf-8\"><\/script><\/p>\n","protected":false},"excerpt":{"rendered":"Piektdien 27 gadu slieksni sasniegu\u0161ais uzbruc\u0113js 17 ar pusi min\u016b\u0161u laik\u0101 pavisam veica tr\u012bs metienus. Vi\u0146\u0161 \u0161aj\u0101s sacens\u012bb\u0101s&hellip;\n","protected":false},"author":2,"featured_media":90159,"comment_status":"","ping_status":"","sticky":false,"template":"","format":"standard","meta":{"footnotes":""},"categories":[17],"tags":[394,35,39,38,36,37,34,40,67],"class_list":{"0":"post-90158","1":"post","2":"type-post","3":"status-publish","4":"format-standard","5":"has-post-thumbnail","7":"category-sports","8":"tag-hokejs","9":"tag-latvia","10":"tag-latvian","11":"tag-latviesu","12":"tag-latviesu-valoda","13":"tag-latviesuvaloda","14":"tag-latvija","15":"tag-lv","16":"tag-sports"},"share_on_mastodon":{"url":"https:\/\/pubeurope.com\/@lv\/115809504651899128","error":""},"_links":{"self":[{"href":"https:\/\/www.europesays.com\/lv\/wp-json\/wp\/v2\/posts\/90158","targetHints":{"allow":["GET"]}}],"collection":[{"href":"https:\/\/www.europesays.com\/lv\/wp-json\/wp\/v2\/posts"}],"about":[{"href":"https:\/\/www.europesays.com\/lv\/wp-json\/wp\/v2\/types\/post"}],"author":[{"embeddable":true,"href":"https:\/\/www.europesays.com\/lv\/wp-json\/wp\/v2\/users\/2"}],"replies":[{"embeddable":true,"href":"https:\/\/www.europesays.com\/lv\/wp-json\/wp\/v2\/comments?post=90158"}],"version-history":[{"count":0,"href":"https:\/\/www.europesays.com\/lv\/wp-json\/wp\/v2\/posts\/90158\/revisions"}],"wp:featuredmedia":[{"embeddable":true,"href":"https:\/\/www.europesays.com\/lv\/wp-json\/wp\/v2\/media\/90159"}],"wp:attachment":[{"href":"https:\/\/www.europesays.com\/lv\/wp-json\/wp\/v2\/media?parent=90158"}],"wp:term":[{"taxonomy":"category","embeddable":true,"href":"https:\/\/www.europesays.com\/lv\/wp-json\/wp\/v2\/categories?post=90158"},{"taxonomy":"post_tag","embeddable":true,"href":"https:\/\/www.europesays.com\/lv\/wp-json\/wp\/v2\/tags?post=90158"}],"curies":[{"name":"wp","href":"https:\/\/api.w.org\/{rel}","templated":true}]}}