{"id":90160,"date":"2025-12-30T16:42:04","date_gmt":"2025-12-30T16:42:04","guid":{"rendered":"https:\/\/www.europesays.com\/lv\/90160\/"},"modified":"2025-12-30T16:42:04","modified_gmt":"2025-12-30T16:42:04","slug":"jaungada-ugunosana-sogad-planota-gandriz-puse-latvijas-pasvaldibu-raksts","status":"publish","type":"post","link":"https:\/\/www.europesays.com\/lv\/90160\/","title":{"rendered":"Jaungada ugu\u0146o\u0161ana \u0161ogad pl\u0101nota gandr\u012bz pus\u0113 Latvijas pa\u0161vald\u012bbu \/ Raksts"},"content":{"rendered":"<p>\n                        \u0160odien, 18:29                    <\/p>\n<p>\n                            Autori:<br \/>\n                            Zemgales re\u0123ion\u0101l\u0101 telev\u012bzija                        <\/p>\n<p>Tuvojoties gadu\u00a0mijai, pa\u0161vald\u012bbas vis\u0101 Latvij\u0101 pl\u0101no publiskus Jaungada sagaid\u012b\u0161anas pas\u0101kumus. Lai gan vair\u0101ku vietvaru bud\u017eeti ir ierobe\u017eoti, \u0161ogad arvien bie\u017e\u0101k k\u0101 sv\u0113tku kulmin\u0101cija paredz\u0113ta ugu\u0146o\u0161ana. Aptauj\u0101jot pa\u0161vald\u012bbas, secin\u0101ms, ka gandr\u012bz puse no vis\u0101m Latvijas vietvar\u0101m pl\u0101no gadu miju sagaid\u012bt ar ugu\u0146o\u0161anu.\u00a0<\/p>\n<p>Aizkraukl\u0113 Jaun\u0101 gada sagaid\u012b\u0161ana ar\u012b \u0161ogad notiks Centr\u0101laj\u0101 laukum\u0101, kur pusnakt\u012b paredz\u0113ta gan koncertprogramma, gan ugu\u0146o\u0161ana. Aizkraukles novada pa\u0161vald\u012bbas p\u0101rst\u0101vis Arvis Up\u012btis (&#8220;Latvijas att\u012bst\u012bbai&#8221;\/Vidzemes partija)\u00a0nor\u0101d\u012bja,\u00a0ka \u0161\u012b ir iedz\u012bvot\u0101jiem ierasta trad\u012bcija, kas pulc\u0113 ne tikai pils\u0113tas, bet visa novada iedz\u012bvot\u0101jus:\u00a0<\/p>\n<p>&#8220;Tom\u0113r neat\u0146emama Jaun\u0101 gada sagaid\u012b\u0161ana, es dom\u0101ju, ne tikai m\u016bsu pus\u0113, bet visur pasaul\u0113, ir t\u0101 ugu\u0146o\u0161ana. Un varu diezgan dro\u0161i apgalvot, ka ar\u012b \u0161ogad Aizkraukl\u0113 neb\u016bs nekas cits.&#8221;\u00a0<\/p>\n<p>Ar\u012b Ogres novad\u0101 Jauno gadu sagaid\u012bs ar sal\u016btu, apstiprin\u0101ja\u00a0Ogres novada domes priek\u0161s\u0113d\u0113taja vietnieks\u00a0Andris Krauja (Nacion\u0101l\u0101 apvien\u012bba):\u00a0<\/p>\n<p>&#8220;K\u0101 katru gadu \u2013 Ogres novada Kult\u016bras centrs organiz\u0113 balli, kur iedz\u012bvot\u0101jiem ir iesp\u0113ja, protams, par attiec\u012bgu samaksu piedal\u012bties svin\u012bgaj\u0101 pas\u0101kum\u0101. Pusnakt\u012b, protams, ugu\u0146o\u0161ana. Iedz\u012bvot\u0101jiem tas ir svar\u012bgi, un m\u0113s tradicion\u0101li pieturamies pie t\u0101, ka gan 18. novembr\u012b, gan ar\u012b Jaunaj\u0101 gad\u0101 \u0161\u012b ugu\u0146o\u0161ana ir, un m\u0113s j\u016btam, ka iedz\u012bvot\u0101ji to v\u0113las.&#8221;\u00a0<\/p>\n<p>Tikm\u0113r iedz\u012bvot\u0101ju viedok\u013ci par ugu\u0146o\u0161anu dal\u0101s.\u00a0<\/p>\n<p style=\"margin-left:40px\">Ogres iedz\u012bvot\u0101js\u00a0Kristians: &#8220;Svar\u012bgi nav, bet es dom\u0101ju, pat\u012bkami b\u016btu paskat\u012bties, un b\u0113rniem ar\u012b patika.&#8221;\u00a0<\/p>\n<p style=\"margin-left:40px\">Ogres iedz\u012bvot\u0101ja\u00a0Diana: &#8220;Man t\u0101da nav noteikta viedok\u013ca \u012bsten\u012bb\u0101, jo ir jauki, ka ir tas pas\u0101kums, un ir skumji, ka ir sekas.&#8221;\u00a0<\/p>\n<p style=\"margin-left:40px\">Ogres iedz\u012bvot\u0101ja\u00a0Guna: &#8220;Nevajag! K\u0101p\u0113c? Pirmk\u0101rt, tas trauc\u0113 kop\u0113jai dz\u012bvnieku pasaulei un, otrk\u0101rt, piln\u012bgi lieki izt\u0113r\u0113ti\u00a0l\u012bdzek\u013ci. Tos var ieguld\u012bt kaut kur citur\u00a0lietder\u012bg\u0101k.&#8221;\u00a0<\/p>\n<p>Ja pirms diviem gadiem, solidariz\u0113joties ar Ukrainu, sv\u0113tku ugu\u0146o\u0161anas liel\u0101koties nebija, tad \u0161ogad teju puse vietvaru sv\u0113tu programm\u0101 to iek\u013cauj.\u00a0<\/p>\n<p>Neatkar\u012bgo pirotehni\u0137u asoci\u0101cijas valdes priek\u0161s\u0113d\u0113t\u0101js\u00a0J\u0101nis Nutovcs nor\u0101d\u012bja, ka izteikt\u0101ka k\u013c\u016bst tendence pa\u0161vald\u012bb\u0101m ugu\u0146o\u0161anai net\u0113r\u0113t savu bud\u017eetu, bet izmantot uz\u0146\u0113m\u0113ju atbalstu.\u00a0<\/p>\n<p>Pirotehni\u0137i nor\u0101da, ka gada nogal\u0113 pieaug ar\u012b priv\u0101tpersonu interese par ugu\u0146o\u0161anu.\u00a0<\/p>\n<p>&#8220;Priv\u0101tpersonu ugu\u0146o\u0161anas trad\u012bcija Latvij\u0101 ir diezgan, teiksim t\u0101, g\u0101jusi\u00a0cauri gadu gadiem. Vid\u0113ji m\u0101jsaimniec\u012bba savos sv\u0113tkos 50 eiro atdod ugu\u0146o\u0161anai,&#8221; koment\u0113ja Nutovcs.\u00a0<\/p>\n<p>Statistikas dati liecinot, ka Vecgada diena ir noz\u012bm\u012bg\u0101k\u0101 pirotehnikas tirdzniec\u012bbas diena, kad tiek sasniegta gandr\u012bz tre\u0161\u0101 da\u013ca visa gada apgroz\u012bjuma. Tikm\u0113r dabas eksperti nor\u0101da, ka ugu\u0146o\u0161ana nodara p\u0101ri putniem un dz\u012bvniekiem, savuk\u0101rt gl\u0101b\u0113ji un medi\u0137i ik gadu apkopo statistiku par traum\u0101m un ugunsgr\u0113kiem, kas radu\u0161ies ugu\u0146o\u0161anas d\u0113\u013c.<\/p>\n<p>                    Valodas k\u013c\u016bda rakst\u0101?<\/p>\n<p class=\"d-none d-md-block\">Iez\u012bm\u0113jiet tekstu un spiediet Ctrl+Enter, lai nos\u016bt\u012btu labojamo teksta fragmentu redaktoram! Par faktu k\u013c\u016bd\u0101m l\u016bdzam zi\u0146ot e-past\u0101 <a href=\"https:\/\/www.lsm.lv\/cdn-cgi\/l\/email-protection\" class=\"__cf_email__\" data-cfemail=\"deacbbbabfb5bdb7b4bf9eb2adb3f0b2a8\" rel=\"nofollow noopener\" target=\"_blank\">[email\u00a0protected]<\/a>.<\/p>\n<p class=\"d-md-none\">Iez\u012bm\u0113jiet tekstu un spiediet uz Zi\u0146ot par k\u013c\u016bdu pogas, lai nos\u016bt\u012btu labojamo teksta fragmentu redaktoram!<\/p>\n<p>\n                    Zi\u0146ot par k\u013c\u016bdu\n                <\/p>\n","protected":false},"excerpt":{"rendered":"\u0160odien, 18:29 Autori: Zemgales re\u0123ion\u0101l\u0101 telev\u012bzija Tuvojoties gadu\u00a0mijai, pa\u0161vald\u012bbas vis\u0101 Latvij\u0101 pl\u0101no publiskus Jaungada sagaid\u012b\u0161anas pas\u0101kumus. Lai gan&hellip;\n","protected":false},"author":2,"featured_media":90161,"comment_status":"","ping_status":"","sticky":false,"template":"","format":"standard","meta":{"footnotes":""},"categories":[5],"tags":[23,28,29,32,33,22,30,31,35,39,38,36,37,34,40,20,26,27,24,25,21],"class_list":{"0":"post-90160","1":"post","2":"type-post","3":"status-publish","4":"format-standard","5":"has-post-thumbnail","7":"category-aktualitates","8":"tag-aktualitates","9":"tag-breaking-news","10":"tag-breakingnews","11":"tag-featured-news","12":"tag-featurednews","13":"tag-headlines","14":"tag-latest-news","15":"tag-latestnews","16":"tag-latvia","17":"tag-latvian","18":"tag-latviesu","19":"tag-latviesu-valoda","20":"tag-latviesuvaloda","21":"tag-latvija","22":"tag-lv","23":"tag-news","24":"tag-popularakas-zinas","25":"tag-popularakaszinas","26":"tag-top-stories","27":"tag-topstories","28":"tag-zinas"},"share_on_mastodon":{"url":"https:\/\/pubeurope.com\/@lv\/115809520417052311","error":""},"_links":{"self":[{"href":"https:\/\/www.europesays.com\/lv\/wp-json\/wp\/v2\/posts\/90160","targetHints":{"allow":["GET"]}}],"collection":[{"href":"https:\/\/www.europesays.com\/lv\/wp-json\/wp\/v2\/posts"}],"about":[{"href":"https:\/\/www.europesays.com\/lv\/wp-json\/wp\/v2\/types\/post"}],"author":[{"embeddable":true,"href":"https:\/\/www.europesays.com\/lv\/wp-json\/wp\/v2\/users\/2"}],"replies":[{"embeddable":true,"href":"https:\/\/www.europesays.com\/lv\/wp-json\/wp\/v2\/comments?post=90160"}],"version-history":[{"count":0,"href":"https:\/\/www.europesays.com\/lv\/wp-json\/wp\/v2\/posts\/90160\/revisions"}],"wp:featuredmedia":[{"embeddable":true,"href":"https:\/\/www.europesays.com\/lv\/wp-json\/wp\/v2\/media\/90161"}],"wp:attachment":[{"href":"https:\/\/www.europesays.com\/lv\/wp-json\/wp\/v2\/media?parent=90160"}],"wp:term":[{"taxonomy":"category","embeddable":true,"href":"https:\/\/www.europesays.com\/lv\/wp-json\/wp\/v2\/categories?post=90160"},{"taxonomy":"post_tag","embeddable":true,"href":"https:\/\/www.europesays.com\/lv\/wp-json\/wp\/v2\/tags?post=90160"}],"curies":[{"name":"wp","href":"https:\/\/api.w.org\/{rel}","templated":true}]}}