{"id":90162,"date":"2025-12-30T16:43:34","date_gmt":"2025-12-30T16:43:34","guid":{"rendered":"https:\/\/www.europesays.com\/lv\/90162\/"},"modified":"2025-12-30T16:43:34","modified_gmt":"2025-12-30T16:43:34","slug":"latvijas-iedzivotaji-slepjas-no-problemam-teatros-muzejos-un-koncertzales","status":"publish","type":"post","link":"https:\/\/www.europesays.com\/lv\/90162\/","title":{"rendered":"Latvijas iedz\u012bvot\u0101ji sl\u0113pjas no probl\u0113m\u0101m te\u0101tros, muzejos un koncertz\u0101l\u0113s"},"content":{"rendered":"<p>\n                                Bijis ar\u012b slikt\u0101k<\/p>\n<p>To ir paman\u012bju\u0161i daudzi \u2014 p\u0113d\u0113j\u0101 desmitgad\u0113 kult\u016bras programma Latvij\u0101 ir \u013coti daudzveid\u012bga. Pu\u0161kina klasisk\u0101 fr\u0101ze \u00abTr\u012bs m\u0101jas uz vakaru aicina\u00bb ir \u013coti aktu\u0101la. J\u0101piemin ar\u012b, ka bi\u013ce\u0161u cenas bie\u017ei vien ir diezgan nedemokr\u0101tiskas (reiz\u0113m sasniedz tr\u012bsciparu summas), ta\u010du z\u0101les ir pilnas. \u012apa\u0161i tas k\u013cuva paman\u0101ms p\u0113c pand\u0113mijas, kad p\u0101ris gadus skat\u012bt\u0101ji s\u0113d\u0113ja m\u0101j\u0101s un kult\u016bras pas\u0101kumus skat\u012bj\u0101s att\u0101lin\u0101ti. Vai pand\u0113mija iem\u0101c\u012bja nov\u0113rt\u0113t mirkli? Vai nu tautas labkl\u0101j\u012bba ir pieaugusi? Vai ar\u012b ir v\u0113l kas cits?<\/p>\n<p>Dom\u0101jams, ka vain\u012bgs ir tie\u0161i tas \u00abkas cits\u00bb. Cilv\u0113ki mekl\u0113 emocion\u0101lu aizsardz\u012bbu \u0161ajos satrauco\u0161ajos laikos. Izst\u0101\u017eu un koncertu z\u0101les, te\u0101tri \u2014 k\u0101 aizsargapvalks pret nepat\u012bkamiem jaunumiem. Un, iesp\u0113jams, vislab\u0101k \u0161o st\u0101vokli izteica le\u0123end\u0101rais Kriss Normans (k\u0101dreiz\u0113jais grupas \u00abSmokie\u00bb l\u012bderis), kur\u0161 apr\u012bl\u012b atkal viesoj\u0101s Latvij\u0101 un sniedza koncertu \u00abAr\u0113n\u0101 R\u012bga\u00bb.<\/p>\n<p>Tad 74 gadus vecais meistars sac\u012bja ko \u013coti svar\u012bgu: \u00abJ\u0101atceras, ka v\u0113stur\u0113 biju\u0161i ar\u012b slikt\u0101ki laiki. Nevajag aizrauties ar sazv\u0113rest\u012bbas teorij\u0101m, centieties palikt optimisti, saglab\u0101jiet v\u0113su pr\u0101tu!\u00bb To teica pieredz\u0113jis cilv\u0113ks, kur\u0161 pirms pusgadsimta uzst\u0101j\u0101s gan PSRS, gan ASV, kad vald\u012bja \u00abaukstais kar\u0161\u00bb. Ar saviem nemirst\u012bgajiem hitiem vi\u0146\u0161 prata (un prot) iekarot visda\u017e\u0101d\u0101ko publiku.<\/p>\n<p>TOP-3 gada notikumi<\/p>\n<p>Ja b\u016btu j\u0101nosaka tr\u012bs galvenie gada notikumi kult\u016bras jom\u0101, pirm\u0101 vieta piln\u012bb\u0101 pien\u0101ktos m\u016bsu lepnumam Raimondam Paulam, kur\u0161 2026. gada 12. janv\u0101r\u012b svin\u0113s savu 90 gadu jubileju! Tie\u0161i 20. decembr\u012b vi\u0146\u0161 uzst\u0101j\u0101s R\u012bgas Doma katedr\u0101l\u0113 \u2014 z\u0101le, protams, bija izp\u0101rdota. Taj\u0101 pa\u0161\u0101 vakar\u0101 t\u016bksto\u0161iem skat\u012bt\u0101ju bija grupas \u00abBI-2\u00bb koncert\u0101, iepriek\u0161\u0113j\u0101 Jaungada koncertos te\u0101tros bi\u013cetes bija nenop\u0113rkamas.<\/p>\n<p><img decoding=\"async\" src=\"https:\/\/www.europesays.com\/lv\/wp-content\/uploads\/2025\/12\/4-Potok-LET_24826919.jpg\" alt=\"4-Potok-LET_24826919.jpg\"\/><\/p>\n<p>LETA<\/p>\n<p>Otr\u0101 vieta \u2014 neap\u0161aub\u0101mi \u2014 latvie\u0161u anim\u0101cijas filmai \u00abStraume\u00bb, kura sa\u0146\u0113ma simtiem balvu da\u017e\u0101dos pasaules kinokonkursos un febru\u0101r\u012b atnesa Latvijai pirmo \u00abOskaru\u00bb (un neilgi pirms tam \u2014 ar\u012b \u00abZelta globusu\u00bb). Sasniegums ir pat v\u0113sturisks, t\u0101p\u0113c nav p\u0101rsteigums, ka R\u012bgas pa\u0161vald\u012bbas maz\u0101 kinoz\u0101le \u00abSplendid Palace\u00bb p\u0113c rekonstrukcijas decembr\u012b atkl\u0101ta ar jaunu nosaukumu \u2014 \u00abStraume\u00bb.<\/p>\n<p>Godpiln\u0101 tre\u0161\u0101 vieta j\u0101pie\u0161\u0137ir vakaram, kas notika 24. august\u0101 Me\u017eaparka Lielaj\u0101 estr\u0101d\u0113. Tad to piepild\u012bja vair\u0101k nek\u0101 piecdesmit t\u016bksto\u0161i cilv\u0113ku, lai baud\u012btu iem\u012b\u013cot\u0101s grupas \u00abPr\u0101ta v\u0113tra\u00bb koncertu.<\/p>\n<p>M\u016bzikas ska\u0146as<\/p>\n<p>Bag\u0101ta bija Dzintaru koncertz\u0101les vasaras sezona, kur\u0101 centr\u0101lo vietu ie\u0146\u0113ma jau tradicion\u0101lais Laimas Vaikules festiv\u0101ls \u00abLaima Rendezvous J\u016brmala\u00bb. Tr\u012bs dienas festiv\u0101ls atg\u0101din\u0101ja par tik br\u012bni\u0161\u0137\u012bgu j\u0113dzienu k\u0101 \u00abtautu draudz\u012bba\u00bb. Pirmaj\u0101 muzik\u0101l\u0101s darb\u012bbas dien\u0101 z\u0101l\u0113 bija Alla Puga\u010dova ar v\u012bru Maksimu Galkinu, kur\u0161 p\u0113c tam sniedza vair\u0101kus koncertus J\u016brmal\u0101 un cit\u0101s Latvijas pils\u0113t\u0101s. Starp citu, Puga\u010dova \u0161ovasar dz\u012bvoja J\u016brmal\u0101 veselus tr\u012bs m\u0113ne\u0161us \u2014 t\u0101 notika pirmoreiz (agr\u0101k viesoj\u0101s tikai m\u0113nesi).<\/p>\n<p>Literat\u016bras lauk\u0101 priec\u0113ja pats fakts, ka decembr\u012b Latvij\u0101 viesoj\u0101s Vladimirs Sorokins \u2014 viena no noz\u012bm\u012bg\u0101kaj\u0101m m\u016bsdienu krievu literat\u016bras person\u012bb\u0101m. Vi\u0146\u0161 bija ieradies R\u012bg\u0101 uz rado\u0161o tik\u0161anos, kas notika R\u012bgas ebreju kopienas nam\u0101. Tika prezent\u0113ta vi\u0146a jaun\u0101k\u0101 gr\u0101mata \u00abPasaka\u00bb.<\/p>\n<p>Te\u0101tra dz\u012bve<\/p>\n<p>P\u0101rsteidza Dailes te\u0101tris. Janv\u0101r\u012b tur notika \u0160eksp\u012bra kom\u0113dijas \u00abSapnis vasaras nakt\u012b\u00bb pirmizr\u0101de, kur ar re\u017eisora Viestura Kairi\u0161a rosin\u0101jumu uz skatuves eksplod\u0113ja automa\u0161\u012bna! Apr\u012bl\u012b taj\u0101 pa\u0161\u0101 viet\u0101 notika ar\u012b izr\u0101des \u00abVelc savu arklu p\u0101ri miru\u0161o kauliem\u00bb pirmizr\u0101de \u2014 ar izcilo \u010culpanu Hamatovu galvenaj\u0101 lom\u0101.<\/p>\n<p>Jaunaj\u0101 sezon\u0101 te\u0101tris rad\u012bja troksni ar pirmizr\u0101di \u00abOr\u0101kuls\u00bb, kas ir otrs te\u0101tra un po\u013cu re\u017eisora Lukasa Tvarkovska kopdarbs. Bud\u017eets \u2014 250 000 eiro. Par bud\u017eetu neuztraucieties \u2014 tas nav pa\u0146emts no m\u016bsu kabat\u0101m. Vienk\u0101r\u0161i izr\u0101de bija iek\u013cauta presti\u017e\u0101s R\u016bras trienn\u0101les programm\u0101 \u2014 t\u0101s pasaules pirmizr\u0101de notika 28. august\u0101 Duisburg\u0101 (V\u0101cija). Izr\u0101di iestud\u0113ja sadarb\u012bb\u0101 ar vair\u0101kiem \u0101rvalstu partneriem. Veiksme!<\/p>\n<p>Ce\u013cojo\u0161o te\u0101tru viesizr\u0101des \u0161obr\u012bd pasaules satricin\u0101jumu d\u0113\u013c ir sam\u0113r\u0101 sare\u017e\u0123\u012btas. Tom\u0113r iepriecin\u0101ja te\u0101tra \u00abGesher\u00bb (Telaviva, Izra\u0113la) iera\u0161an\u0101s, kas par\u0101d\u012bja izcil\u0101 re\u017eisora Rimas Tumina p\u0113d\u0113jo darbu (vi\u0146\u0161 mira pirms pusotra gada) \u2014 \u00abSir\u0101no\u00bb p\u0113c Edmona Rostana lugas.<\/p>\n<p>Kino un m\u0113s<\/p>\n<p>Norisin\u0101j\u0101s divpadsmitais R\u012bgas starptautiskais kinofestiv\u0101ls. Galveno balvu (bronzas gailis, Ervina Broksa darbs, un 5000 eiro) sa\u0146\u0113ma lietuvie\u0161a V\u012btauta Katkus filma \u00abViesis\u00bb.<\/p>\n<p>Kinofestiv\u0101la ietvaros Latvijas Kinomuzej\u0101 tika atkl\u0101ta izst\u0101de, kas velt\u012bta izcil\u0101 latvie\u0161u kinore\u017eisora Jura Podnieka 75 gadu jubilejai. Ekspoz\u012bcijas centru veidoja iespaid\u012bga panor\u0101mas instal\u0101cija, ier\u012bkota pirm\u0101 st\u0101va telp\u0101 pie muzeja eso\u0161aj\u0101 Latvijas Kult\u016bras akad\u0113mij\u0101.<\/p>\n<p>R\u012bgas kinote\u0101tr\u012b \u00abSplendid Palace\u00bb kinofestiv\u0101la \u00abBaltijas p\u0113rle\u00bb ietvaros notika divi jaunas Kirila Serebre\u0146\u0146ikova filmas seansi par nacistu noziegumu \u00abJozefa Mengeles pazu\u0161ana\u00bb, liel\u0101k\u0101 da\u013ca filmas uz\u0146emta Latvij\u0101. Taj\u0101 pa\u0161\u0101 laik\u0101 notika ar\u012b Latvijas pirmizr\u0101de filmai \u00abDivi prokurori\u00bb, kuru uz\u0146\u0113ma, sadarbojoties ar Latviju, no 2001. gada Berl\u012bn\u0113 dz\u012bvojo\u0161ais Baltkrievijas izcelsmes iev\u0113rojamais ukrai\u0146u re\u017eisors Sergejs Loznica.<\/p>\n<p>Opera un balets<\/p>\n<p>Prieku sag\u0101d\u0101ja operas d\u012bvas. Dzintaru mazaj\u0101 un lielaj\u0101 z\u0101l\u0113 vien\u0101 vakar\u0101 notika divi koncerti jaun\u0101 trad\u012bcij\u0101, ko organiz\u0113ja operas d\u012bva Inese Galante \u2014 \u00abBaltijas balva\u00bb\/\u00abBaltic Awards\u00bb. Fonda pie\u0161\u0137irt\u0101s balvas trim Baltijas valstu kult\u016bras un zin\u0101tnes darbiniekiem (\u010detr\u0101s nomin\u0101cij\u0101s), kuras pasnieg\u0161ana notika maij\u0101, vasar\u0101 nosl\u0113dz\u0101s ar muzik\u0101lu da\u013cu. Tradicion\u0101lais gal\u0101 koncerts \u00abEl\u012bna Garan\u010da un draugi\u00bb notika Dzintaros.<\/p>\n<p>Un k\u0101 gan bez baleta? Oper\u0101 apr\u012bl\u012b notika baleta \u00abEsmeralda\u00bb pirmizr\u0101de. \u012asi sakot \u2014 pan\u0101kums, piln\u012bgi peln\u012bts.<\/p>\n<p>Maij\u0101 ar diviem koncertiem, velt\u012btiem tikai Dmitrija \u0160ostakovi\u010da m\u016bzikai, dzimten\u0113 atkal viesoj\u0101s viens no pasaules vado\u0161ajiem diri\u0123entiem Andris Nelsons. \u0160oreiz \u2014 ar Bostonas simfonisko or\u0137estri. \u013boti d\u0101rg\u0101s bi\u013cetes bija izp\u0101rdotas jau pusgadu pirms notikuma.<\/p>\n<p>August\u0101 Oper\u0101 uzst\u0101j\u0101s Grigorijs Sokolovs \u2014 viens no atz\u012bt\u0101kajiem m\u016bsdienu pianistiem, \u00abp\u0113d\u0113jais mohik\u0101nis\u00bb.<\/p>\n<p>Modes spriedums<\/p>\n<p>R\u012bgas Modes muzej\u0101 pavasar\u012b sadarb\u012bb\u0101 ar pasaules modes guru Aleksandru Vasi\u013cjevu tika atkl\u0101ta izst\u0101de \u00abEs m\u012blu art d\u00e9co\u00bb, velt\u012bta spilgt\u0101kajam dizaina virzienam 1920.\u20131930. gados. Un nesen vi\u0146\u0161 turpat atkl\u0101ja apak\u0161ve\u013cas izst\u0101di \u00abBuj\u0113. Tas, par ko nerun\u0101\u00bb.<\/p>\n<p>Priec\u0113 ar\u012b tas, ka august\u0101 pa\u0161\u0101 Vecr\u012bgas sird\u012b, vec\u0101 nam\u0101 M\u0101rsta\u013cu iel\u0101 6, tika atkl\u0101tas jaunas Latvijas Nacion\u0101l\u0101 literat\u016bras un m\u016bzikas muzeja telpas. Notikumu atz\u012bm\u0113ja ar izst\u0101di \u00abProkrastin\u0101cija &amp; rado\u0161ums\u00bb, kur\u0101 atspogu\u013coti da\u017ei klasisko latvie\u0161u literat\u016bras un m\u016bzikas autoru int\u012bmie nosl\u0113pumi \u2014 gan aizg\u0101ju\u0161ajiem, gan dz\u012bvajiem.<\/p>\n","protected":false},"excerpt":{"rendered":"Bijis ar\u012b slikt\u0101k To ir paman\u012bju\u0161i daudzi \u2014 p\u0113d\u0113j\u0101 desmitgad\u0113 kult\u016bras programma Latvij\u0101 ir \u013coti daudzveid\u012bga. Pu\u0161kina klasisk\u0101&hellip;\n","protected":false},"author":2,"featured_media":90163,"comment_status":"","ping_status":"","sticky":false,"template":"","format":"standard","meta":{"footnotes":""},"categories":[19],"tags":[89,90,35,39,38,36,37,34,40],"class_list":{"0":"post-90162","1":"post","2":"type-post","3":"status-publish","4":"format-standard","5":"has-post-thumbnail","7":"category-izklaide","8":"tag-entertainment","9":"tag-izklaide","10":"tag-latvia","11":"tag-latvian","12":"tag-latviesu","13":"tag-latviesu-valoda","14":"tag-latviesuvaloda","15":"tag-latvija","16":"tag-lv"},"share_on_mastodon":{"url":"https:\/\/pubeurope.com\/@lv\/115809524423347274","error":""},"_links":{"self":[{"href":"https:\/\/www.europesays.com\/lv\/wp-json\/wp\/v2\/posts\/90162","targetHints":{"allow":["GET"]}}],"collection":[{"href":"https:\/\/www.europesays.com\/lv\/wp-json\/wp\/v2\/posts"}],"about":[{"href":"https:\/\/www.europesays.com\/lv\/wp-json\/wp\/v2\/types\/post"}],"author":[{"embeddable":true,"href":"https:\/\/www.europesays.com\/lv\/wp-json\/wp\/v2\/users\/2"}],"replies":[{"embeddable":true,"href":"https:\/\/www.europesays.com\/lv\/wp-json\/wp\/v2\/comments?post=90162"}],"version-history":[{"count":0,"href":"https:\/\/www.europesays.com\/lv\/wp-json\/wp\/v2\/posts\/90162\/revisions"}],"wp:featuredmedia":[{"embeddable":true,"href":"https:\/\/www.europesays.com\/lv\/wp-json\/wp\/v2\/media\/90163"}],"wp:attachment":[{"href":"https:\/\/www.europesays.com\/lv\/wp-json\/wp\/v2\/media?parent=90162"}],"wp:term":[{"taxonomy":"category","embeddable":true,"href":"https:\/\/www.europesays.com\/lv\/wp-json\/wp\/v2\/categories?post=90162"},{"taxonomy":"post_tag","embeddable":true,"href":"https:\/\/www.europesays.com\/lv\/wp-json\/wp\/v2\/tags?post=90162"}],"curies":[{"name":"wp","href":"https:\/\/api.w.org\/{rel}","templated":true}]}}