{"id":90170,"date":"2025-12-30T16:49:08","date_gmt":"2025-12-30T16:49:08","guid":{"rendered":"https:\/\/www.europesays.com\/lv\/90170\/"},"modified":"2025-12-30T16:49:08","modified_gmt":"2025-12-30T16:49:08","slug":"ramona-ir-labaka-mate-rebela-vilsone-slave-sievu-un-atrada-meitinu","status":"publish","type":"post","link":"https:\/\/www.europesays.com\/lv\/90170\/","title":{"rendered":"\u201dRamona ir lab\u0101k\u0101 m\u0101te!\u201d Rebela Vilsone slav\u0113 sievu un atr\u0101da meiti\u0146u"},"content":{"rendered":"<p>K\u0101 atkl\u0101j foto, meiten\u012bte ir krietni paaugusies, un n\u0101kamgad vi\u0146ai pievienosies m\u0101si\u0146a vai br\u0101l\u012btis.<\/p>\n<blockquote class=\"instagram-media\" data-instgrm-captioned=\"\" data-instgrm-permalink=\"https:\/\/www.instagram.com\/p\/DSzrKDSDEZC\/?utm_source=ig_embed&amp;utm_campaign=loading\" data-instgrm-version=\"14\" style=\" background:#FFF; border:0; border-radius:3px; box-shadow:0 0 1px 0 rgba(0,0,0,0.5),0 1px 10px 0 rgba(0,0,0,0.15); margin: 1px; max-width:658px; min-width:326px; padding:0; width:99.375%; width:-webkit-calc(100% - 2px); width:calc(100% - 2px);\">\n<\/blockquote>\n<p>Rebela un Ramona romantisk\u0101s attiec\u012bb\u0101s ir jau \u010detrus gadus, no kuriem pusotrs gads pavad\u012bts laul\u012bb\u0101. D\u0101mas apprec\u0113j\u0101s saulainaj\u0101 It\u0101lij\u0101, v\u0113l\u0101k zv\u0113restus izsakot v\u0113lreiz Austr\u0101lij\u0101.<\/p>\n<p>Pirmo p\u0101ra b\u0113rnu izn\u0113s\u0101ja surog\u0101tm\u0101te un pasaul\u0113 n\u0101ca meiti\u0146a Roisa Liliana, b\u0113rna biolo\u0123isk\u0101 m\u0101te ir Rebela.<\/p>\n<p>Otro b\u0113rni\u0146u izn\u0113s\u0101 Ramona.<\/p>\n<p class=\"tv3-fw-500\">Zi\u0146o par k\u013c\u016bdu rakst\u0101<\/p>\n<p class=\"d-md-block d-none\">Iez\u012bm\u0113 k\u013c\u016bdaino tekstu un spied Ctrl+Enter.<\/p>\n<p class=\"d-md-none d-block\">Iez\u012bm\u0113 k\u013c\u016bdaino tekstu un zi\u0146o par to!<\/p>\n<p>                <script async src=\"\/\/www.instagram.com\/embed.js\"><\/script><\/p>\n","protected":false},"excerpt":{"rendered":"K\u0101 atkl\u0101j foto, meiten\u012bte ir krietni paaugusies, un n\u0101kamgad vi\u0146ai pievienosies m\u0101si\u0146a vai br\u0101l\u012btis. Rebela un Ramona romantisk\u0101s&hellip;\n","protected":false},"author":2,"featured_media":90171,"comment_status":"","ping_status":"","sticky":false,"template":"","format":"standard","meta":{"footnotes":""},"categories":[19],"tags":[89,90,35,39,38,36,37,34,40,22676],"class_list":{"0":"post-90170","1":"post","2":"type-post","3":"status-publish","4":"format-standard","5":"has-post-thumbnail","7":"category-izklaide","8":"tag-entertainment","9":"tag-izklaide","10":"tag-latvia","11":"tag-latvian","12":"tag-latviesu","13":"tag-latviesu-valoda","14":"tag-latviesuvaloda","15":"tag-latvija","16":"tag-lv","17":"tag-ramona-agruma"},"share_on_mastodon":{"url":"https:\/\/pubeurope.com\/@lv\/115809548003902028","error":""},"_links":{"self":[{"href":"https:\/\/www.europesays.com\/lv\/wp-json\/wp\/v2\/posts\/90170","targetHints":{"allow":["GET"]}}],"collection":[{"href":"https:\/\/www.europesays.com\/lv\/wp-json\/wp\/v2\/posts"}],"about":[{"href":"https:\/\/www.europesays.com\/lv\/wp-json\/wp\/v2\/types\/post"}],"author":[{"embeddable":true,"href":"https:\/\/www.europesays.com\/lv\/wp-json\/wp\/v2\/users\/2"}],"replies":[{"embeddable":true,"href":"https:\/\/www.europesays.com\/lv\/wp-json\/wp\/v2\/comments?post=90170"}],"version-history":[{"count":0,"href":"https:\/\/www.europesays.com\/lv\/wp-json\/wp\/v2\/posts\/90170\/revisions"}],"wp:featuredmedia":[{"embeddable":true,"href":"https:\/\/www.europesays.com\/lv\/wp-json\/wp\/v2\/media\/90171"}],"wp:attachment":[{"href":"https:\/\/www.europesays.com\/lv\/wp-json\/wp\/v2\/media?parent=90170"}],"wp:term":[{"taxonomy":"category","embeddable":true,"href":"https:\/\/www.europesays.com\/lv\/wp-json\/wp\/v2\/categories?post=90170"},{"taxonomy":"post_tag","embeddable":true,"href":"https:\/\/www.europesays.com\/lv\/wp-json\/wp\/v2\/tags?post=90170"}],"curies":[{"name":"wp","href":"https:\/\/api.w.org\/{rel}","templated":true}]}}