{"id":90178,"date":"2025-12-30T16:58:05","date_gmt":"2025-12-30T16:58:05","guid":{"rendered":"https:\/\/www.europesays.com\/lv\/90178\/"},"modified":"2025-12-30T16:58:05","modified_gmt":"2025-12-30T16:58:05","slug":"krima-putinam-uzbuveta-jauna-pils","status":"publish","type":"post","link":"https:\/\/www.europesays.com\/lv\/90178\/","title":{"rendered":"Krim\u0101 Putinam uzb\u016bv\u0113ta jauna pils"},"content":{"rendered":"<p class=\"descr\">Krievijas okup\u0113taj\u0101 Krim\u0101 diktatoram Vladimiram Putinam uzb\u016bv\u0113ta jauna pils, konstat\u0113ju\u0161i Krievijas opoz\u012bcijas l\u012bdera Alekseja Nava\u013cnija dibin\u0101t\u0101 Korupcijas apkaro\u0161anas fonda (FBK) p\u0113tnieki.<\/p>\n<p>Pils atrodas Ajas rag\u0101, Krimas dienvidos.<\/p>\n<p>P\u0113tnieki iepazinu\u0161ies ar objekta fotogr\u0101fij\u0101m un detaliz\u0113tiem arhitekt\u016bras pl\u0101niem.<\/p>\n<blockquote><p>Pils s\u0101kotn\u0113ji b\u016bv\u0113ta k\u0101 biju\u0161\u0101 Ukrainas prezidenta Viktora Janukovi\u010da vasaras rezidence, ta\u010du p\u0113c Krimas okup\u0101cijas b\u016bve atz\u012bta par nelikum\u012bgu.<\/p><\/blockquote>\n<p>Komplekss tika nodots <a href=\"https:\/\/nra.lv\/pasaule\/456257-foto-video-slepta-kamera-parada-putina-pils-iekspusi.htm\" data-item-link=\"true\" data-item-id=\"456257\" rel=\"nofollow noopener\" target=\"_blank\">Putinam <\/a>pietuvin\u0101tajiem uz\u0146\u0113m\u0113jiem Kova\u013c\u010dukiem, kas to p\u0101rb\u016bv\u0113ja saska\u0146\u0101 ar Krievijas Feder\u0101l\u0101 apsardzes biroja pras\u012bb\u0101m, izt\u0113r\u0113jot vismaz 10 miljardus rub\u013cu (orient\u0113jo\u0161i 100 miljonus eiro).<\/p>\n<p>K\u0101 v\u0113sta FBK, l\u012bdz\u0101s cariskajiem interjeriem pils ir interesanta ar\u012b ar to, ka taj\u0101 atrodas &#8220;m\u0101jas slimn\u012bca&#8221; ar &#8220;\u0123imenes \u0101rsta kabinetu&#8221;, anal\u012b\u017eu iek\u0101rt\u0101m, elektrokardiogr\u0101fu, fizioterapijas apar\u0101tu un cit\u0101m iek\u0101rt\u0101m.<\/p>\n<p>Turkl\u0101t medic\u012bnas centr\u0101 ir ar\u012b zob\u0101rsta kabinets un oper\u0101ciju z\u0101le ar plau\u0161u m\u0101ksl\u012bg\u0101s ventil\u0101cijas iek\u0101rtu, defibrilatoru-monitoru, rentgena, gastroskopijas un kolonoskopijas apar\u0101tiem.<\/p>\n<p>\t\t\t\t\t\tinfo<\/p>\n<p>Uzzini pirmais<br \/>kas interesants noticis Latvij\u0101 un pasaul\u0113,<br \/>pievienojoties mums <a href=\"https:\/\/t.me\/neatkariga\" rel=\"nofollow\">Telegram<\/a> vai <a href=\"https:\/\/whatsapp.com\/channel\/0029VaMLFUH5K3zLU5s4wm3y\" rel=\"nofollow noopener\" target=\"_blank\">Whatsapp<\/a> kan\u0101l\u0101<\/p>\n","protected":false},"excerpt":{"rendered":"Krievijas okup\u0113taj\u0101 Krim\u0101 diktatoram Vladimiram Putinam uzb\u016bv\u0113ta jauna pils, konstat\u0113ju\u0161i Krievijas opoz\u012bcijas l\u012bdera Alekseja Nava\u013cnija dibin\u0101t\u0101 Korupcijas apkaro\u0161anas&hellip;\n","protected":false},"author":2,"featured_media":90179,"comment_status":"","ping_status":"","sticky":false,"template":"","format":"standard","meta":{"footnotes":""},"categories":[14],"tags":[23,57,28,29,32,33,22,30,31,35,39,38,36,37,34,40,20,26,27,24,25,54,55,56,21,58],"class_list":{"0":"post-90178","1":"post","2":"type-post","3":"status-publish","4":"format-standard","5":"has-post-thumbnail","7":"category-zinas-no-arvalstim","8":"tag-aktualitates","9":"tag-arvalstim","10":"tag-breaking-news","11":"tag-breakingnews","12":"tag-featured-news","13":"tag-featurednews","14":"tag-headlines","15":"tag-latest-news","16":"tag-latestnews","17":"tag-latvia","18":"tag-latvian","19":"tag-latviesu","20":"tag-latviesu-valoda","21":"tag-latviesuvaloda","22":"tag-latvija","23":"tag-lv","24":"tag-news","25":"tag-popularakas-zinas","26":"tag-popularakaszinas","27":"tag-top-stories","28":"tag-topstories","29":"tag-world","30":"tag-world-news","31":"tag-worldnews","32":"tag-zinas","33":"tag-zinas-no-arvalstim"},"share_on_mastodon":{"url":"https:\/\/pubeurope.com\/@lv\/115809583269684097","error":""},"_links":{"self":[{"href":"https:\/\/www.europesays.com\/lv\/wp-json\/wp\/v2\/posts\/90178","targetHints":{"allow":["GET"]}}],"collection":[{"href":"https:\/\/www.europesays.com\/lv\/wp-json\/wp\/v2\/posts"}],"about":[{"href":"https:\/\/www.europesays.com\/lv\/wp-json\/wp\/v2\/types\/post"}],"author":[{"embeddable":true,"href":"https:\/\/www.europesays.com\/lv\/wp-json\/wp\/v2\/users\/2"}],"replies":[{"embeddable":true,"href":"https:\/\/www.europesays.com\/lv\/wp-json\/wp\/v2\/comments?post=90178"}],"version-history":[{"count":0,"href":"https:\/\/www.europesays.com\/lv\/wp-json\/wp\/v2\/posts\/90178\/revisions"}],"wp:featuredmedia":[{"embeddable":true,"href":"https:\/\/www.europesays.com\/lv\/wp-json\/wp\/v2\/media\/90179"}],"wp:attachment":[{"href":"https:\/\/www.europesays.com\/lv\/wp-json\/wp\/v2\/media?parent=90178"}],"wp:term":[{"taxonomy":"category","embeddable":true,"href":"https:\/\/www.europesays.com\/lv\/wp-json\/wp\/v2\/categories?post=90178"},{"taxonomy":"post_tag","embeddable":true,"href":"https:\/\/www.europesays.com\/lv\/wp-json\/wp\/v2\/tags?post=90178"}],"curies":[{"name":"wp","href":"https:\/\/api.w.org\/{rel}","templated":true}]}}