{"id":90184,"date":"2025-12-30T17:02:07","date_gmt":"2025-12-30T17:02:07","guid":{"rendered":"https:\/\/www.europesays.com\/lv\/90184\/"},"modified":"2025-12-30T17:02:07","modified_gmt":"2025-12-30T17:02:07","slug":"lavina-parstaveta-ncaa-komanda-apspele-dzierkala-%e2%80%b3sparta%e2%80%b3-un-iesolo-finala-hokejs-sportacentrs-com","status":"publish","type":"post","link":"https:\/\/www.europesays.com\/lv\/90184\/","title":{"rendered":"Lavi\u0146a p\u0101rst\u0101v\u0113t\u0101 NCAA komanda apsp\u0113l\u0113 Dzierkala \u2033Sparta\u2033 un ieso\u013co fin\u0101l\u0101 \u2013 Hokejs \u2013 Sportacentrs.com"},"content":{"rendered":"<p>Dzierkals \u0161aj\u0101 sp\u0113l\u0113 uz ledus pavad\u012bja 16 min\u016btes un 42 sekundes. Vi\u0146\u0161 pirm\u0101 perioda s\u0101kum\u0101 nopeln\u012bja divu min\u016b\u0161u sodu, ko pretinieki izmantoja, lai atkl\u0101tu rezult\u0101tu. Latvie\u0161u uzbruc\u0113js \u2033Sparta\u2033 pirmaj\u0101 v\u0101rtu guvum\u0101 atz\u012bm\u0113j\u0101s ar rezultat\u012bvu piesp\u0113li, bet ma\u010du nosl\u0113dza ar negat\u012bvu lietder\u012bbas koeficientu -1.<\/p>\n<p>Savuk\u0101rt Lavi\u0146\u0161 uzvar\u0113t\u0101ju rind\u0101s tika pie asto\u0146\u0101m min\u016bt\u0113m un 44 sekund\u0113m sp\u0113les laika, kur\u0101 b\u016btisk\u0101kajos statistikas r\u0101d\u012bt\u0101jos neatz\u012bm\u0113j\u0101s.<\/p>\n<p>NCAA komandas uzvaru ar tr\u012bs v\u0101rtiem un rezultat\u012bvu piesp\u0113li kaldin\u0101ja Eidens Finks. Bez vi\u0146a v\u0101rtus guva ar\u012b \u010c\u0101rlijs Serato un \u0112riks Polkamps.<\/p>\n<p>\u2033Sparta\u2033 sast\u0101v\u0101 divi v\u0101rti Filipa \u010clap\u012bka kont\u0101, bet vienreiz prec\u012bzs bija Mikals Vitu\u010ds.<\/p>\n<p>97. \u0160penglera kausa izc\u012b\u0146as izsl\u0113g\u0161anas posms<\/p>\n<tr>DatumsLaiksSp\u0113leRezult\u0101ts<\/tr>\n<tr class=\"even\">\n<td\/>\n<td\/>\n<td>Pusfin\u0101la kvalifik\u0101cija<\/td>\n<td\/><\/tr>\n<tr class=\"odd\">\n<td>29.12.<\/td>\n<td>16.10<\/td>\n<td>Sparta Praha (\u010cehija) \u2013 Kan\u0101da<\/td>\n<td>5:1 (0:0; 0:0; 5:1)<\/td>\n<\/tr>\n<tr class=\"even\">\n<td\/>\n<td>21.15<\/td>\n<td>Davos (\u0160veice) \u2013 IFK Helsinki (Somija)<\/td>\n<td>3:0 (1:0; 1:0; 1:0)<\/td>\n<\/tr>\n<tr class=\"odd\">\n<td\/>\n<td\/>\n<td\/>\n<td\/><\/tr>\n<tr class=\"even\">\n<td\/>\n<td\/>\n<td>Pusfin\u0101ls<\/td>\n<td\/><\/tr>\n<tr class=\"odd\">\n<td>30.12.<\/td>\n<td>16.10<\/td>\n<td>NCAA komanda (ASV) \u2013 Sparta Praha<\/td>\n<td>5:3 (2:1; 2:1; 1:1)<\/td>\n<\/tr>\n<tr class=\"even\">\n<td\/>\n<td>21.15<\/td>\n<td>Fribourg-Gott\u00e9ron (\u0160veice) \u2013 Davos<\/td>\n<td><\/td>\n<\/tr>\n","protected":false},"excerpt":{"rendered":"Dzierkals \u0161aj\u0101 sp\u0113l\u0113 uz ledus pavad\u012bja 16 min\u016btes un 42 sekundes. Vi\u0146\u0161 pirm\u0101 perioda s\u0101kum\u0101 nopeln\u012bja divu min\u016b\u0161u&hellip;\n","protected":false},"author":2,"featured_media":90185,"comment_status":"","ping_status":"","sticky":false,"template":"","format":"standard","meta":{"footnotes":""},"categories":[17],"tags":[394,35,39,38,36,37,34,40,67],"class_list":{"0":"post-90184","1":"post","2":"type-post","3":"status-publish","4":"format-standard","5":"has-post-thumbnail","7":"category-sports","8":"tag-hokejs","9":"tag-latvia","10":"tag-latvian","11":"tag-latviesu","12":"tag-latviesu-valoda","13":"tag-latviesuvaloda","14":"tag-latvija","15":"tag-lv","16":"tag-sports"},"share_on_mastodon":{"url":"https:\/\/pubeurope.com\/@lv\/115809599027314989","error":""},"_links":{"self":[{"href":"https:\/\/www.europesays.com\/lv\/wp-json\/wp\/v2\/posts\/90184","targetHints":{"allow":["GET"]}}],"collection":[{"href":"https:\/\/www.europesays.com\/lv\/wp-json\/wp\/v2\/posts"}],"about":[{"href":"https:\/\/www.europesays.com\/lv\/wp-json\/wp\/v2\/types\/post"}],"author":[{"embeddable":true,"href":"https:\/\/www.europesays.com\/lv\/wp-json\/wp\/v2\/users\/2"}],"replies":[{"embeddable":true,"href":"https:\/\/www.europesays.com\/lv\/wp-json\/wp\/v2\/comments?post=90184"}],"version-history":[{"count":0,"href":"https:\/\/www.europesays.com\/lv\/wp-json\/wp\/v2\/posts\/90184\/revisions"}],"wp:featuredmedia":[{"embeddable":true,"href":"https:\/\/www.europesays.com\/lv\/wp-json\/wp\/v2\/media\/90185"}],"wp:attachment":[{"href":"https:\/\/www.europesays.com\/lv\/wp-json\/wp\/v2\/media?parent=90184"}],"wp:term":[{"taxonomy":"category","embeddable":true,"href":"https:\/\/www.europesays.com\/lv\/wp-json\/wp\/v2\/categories?post=90184"},{"taxonomy":"post_tag","embeddable":true,"href":"https:\/\/www.europesays.com\/lv\/wp-json\/wp\/v2\/tags?post=90184"}],"curies":[{"name":"wp","href":"https:\/\/api.w.org\/{rel}","templated":true}]}}