{"id":90186,"date":"2025-12-30T17:04:07","date_gmt":"2025-12-30T17:04:07","guid":{"rendered":"https:\/\/www.europesays.com\/lv\/90186\/"},"modified":"2025-12-30T17:04:07","modified_gmt":"2025-12-30T17:04:07","slug":"krievijas-prezidenta-ipasais-sutnis-florida-serfojis","status":"publish","type":"post","link":"https:\/\/www.europesays.com\/lv\/90186\/","title":{"rendered":"Krievijas prezidenta \u012bpa\u0161ais s\u016btnis Florid\u0101 s\u0113rfojis"},"content":{"rendered":"<p class=\"descr\">Krievijas prezidenta Vladimira Putina sarunu ved\u0113js public\u0113jis video, kur\u0101 vi\u0146\u0161 redzams s\u0113rfojam pie Floridas krastiem pirms sv\u0113tdienas svar\u012bgaj\u0101m ASV prezidenta Donalda Trampa un vi\u0146a Ukrainas kol\u0113\u0123a Volodimira Zelenska tik\u0161an\u0101s.<\/p>\n<p>H\u0101rvardas izgl\u012bt\u012bbu ieguvu\u0161ais \u012bpa\u0161ais s\u016btnis un Krievijas Tie\u0161o invest\u012bciju fonda vad\u012bt\u0101js <a href=\"https:\/\/nra.lv\/politika\/509795-ukraina-sarunas-maiami-bija-produktivas.htm\" data-item-link=\"true\" data-item-id=\"509795\" rel=\"nofollow noopener\" target=\"_blank\">Kirils Dmitrijevs<\/a> soci\u0101lajos t\u012bklos public\u0113ja video ar parakstu &#8220;Maiami gars&#8221;, atbildot uz Ukrainas \u0101rlietu ministra vietnieka Serhija Kislicas ierakstu, kur\u0101 vi\u0146\u0161 pazi\u0146oja par savu iera\u0161anos Dienvidflorid\u0101, v\u0113sta New York Post. V\u0113l\u0101k Putina draugs public\u0113ja fotogr\u0101fiju, kur\u0101 vi\u0146\u0161 redzams uz Floridas viesn\u012bcas balkona, demonstr\u0113jot provokat\u012bvo T-kreklu, ko vi\u0146\u0161 valk\u0101ja video ierakst\u0101. Baltais T-krekls ar <a href=\"https:\/\/nra.lv\/pasaule\/510270-alla-pugacova-izdod-jaunu-dziesmu-un-sanikno-krieviju.htm\" data-item-link=\"true\" data-item-id=\"510270\" rel=\"nofollow noopener\" target=\"_blank\">Krievijas <\/a>\u0123erboni un saukli &#8220;N\u0101kamreiz Maskav\u0101&#8221; sasaucas ar Putina uzaicin\u0101jumu prezidentam Trampam vi\u0146u kop\u012bg\u0101s preses konferences beig\u0101s A\u013cask\u0101 august\u0101. Dmitrijevs ar\u012b dal\u012bj\u0101s ar fotogr\u0101fiju, kur\u0101 Tramps un Putins iepriek\u0161\u0113jo sarunu laik\u0101 paspie\u017e viens otram roku, sav\u0101 X ierakst\u0101 nosaucot to par &#8220;svar\u012bgu dienu ce\u013c\u0101 uz mieru&#8221;. &#8220;Lieliem l\u012bderiem, god\u012bgam dialogam, miera uztur\u0113t\u0101jiem un mieram ir j\u0101uzvar. Kara kurin\u0101t\u0101jiem un kr\u0101pniekiem ir j\u0101no\u017e\u0113lo gr\u0113ki. Lai uzvar ce\u013c\u0161 uz mieru,&#8221; vi\u0146\u0161 rakst\u012bja. V\u0113l\u0101k vi\u0146\u0161 dal\u012bj\u0101s ar prezidenta Trampa telefonsarunas ar Putinu deta\u013c\u0101m pirms sv\u0113tdienas miera sarun\u0101m, raksta Limon.ee. 50 gadus vecais Dmitrijevs iepriek\u0161 pavad\u012bja tr\u012bs dienas kop\u0101 ar Trampa \u012bpa\u0161o s\u016btni St\u012bvu Vitkofu Maiami p\u0113c tam, kad vi\u0146i pirmo reizi tik\u0101s \u0161\u012b gada febru\u0101r\u012b, kad Putina s\u016btnis piedal\u012bj\u0101s amerik\u0101\u0146u skolot\u0101ja atbr\u012bvo\u0161an\u0101 no Krievijas cietuma. &#8220;Tur ir k\u0101ds kungs no Krievijas, vi\u0146a v\u0101rds ir Kirils, un vi\u0146\u0161 bija \u013coti iesaist\u012bts. Vi\u0146\u0161 bija svar\u012bgs. Vi\u0146\u0161 bija galvenais sarunu biedrs, kas savienoja abas puses,&#8221; toreiz \u017eurn\u0101listiem sac\u012bja Vitkofs.<\/p>\n<p>Dmitrijevs dzimis Padomju Ukrain\u0101, 1990. gad\u0101 piedal\u012bj\u0101s studentu apmai\u0146as programm\u0101 \u0145\u016bhemp\u0161\u012br\u0101. V\u0113l\u0101k vi\u0146\u0161 atgriez\u0101s ASV k\u0101 students, kur stud\u0113ja Stenford\u0101, p\u0113c tam ieguva ma\u0123istra gr\u0101du H\u0101rvard\u0101 un v\u0113l\u0101k str\u0101d\u0101ja Losand\u017eelos\u0101, v\u0113sta BBC. Lai gan vi\u0146\u0161 iepriek\u0161 kritiz\u0113ja Putinu, laika gait\u0101 vi\u0146\u0161 k\u013cuva arvien naid\u012bg\u0101ks pret Ukrainu. Papildus diplom\u0101tiskajam darbam vi\u0146\u0161 iepriek\u0161 ierosin\u0101ja v\u0113rien\u012bgus kop\u012bgus tirdzniec\u012bbas projektus starp Maskavu un Va\u0161ingtonu. Dmitrijevs ierosin\u0101ja ar\u012b ASV un Krievijas ener\u0123\u0113tikas projektus Arktik\u0101, k\u0101 ar\u012b partner\u012bbu starp Krievijas Tie\u0161o invest\u012bciju fondu un amerik\u0101\u0146u uz\u0146\u0113mumiem retzemju met\u0101lu atrad\u0146u att\u012bst\u012b\u0161anai. Vi\u0146\u0161 ar\u012b mudin\u0101ja Krieviju pied\u0101v\u0101t \u012alonam Maskam &#8220;neliela m\u0113roga atomelektrostaciju misijai uz Marsu&#8221; un ambiciozo Putina un Trampa 8 miljardu dol\u0101ru v\u0113rtu dzelzce\u013ca tuneli, kas savienotu Krievijas T\u0101los Austrumus un Amerikas A\u013casku zem Beringa \u0161auruma. Kijiva ir noteikusi sankcijas pret Dmitrijevu par noziegumiem pret Ukrainu.<\/p>\n<p>\t\t\t\t\t\tinfo<\/p>\n<p>Uzzini pirmais<br \/>kas interesants noticis Latvij\u0101 un pasaul\u0113,<br \/>pievienojoties mums <a href=\"https:\/\/t.me\/neatkariga\" rel=\"nofollow\">Telegram<\/a> vai <a href=\"https:\/\/whatsapp.com\/channel\/0029VaMLFUH5K3zLU5s4wm3y\" rel=\"nofollow noopener\" target=\"_blank\">Whatsapp<\/a> kan\u0101l\u0101<\/p>\n","protected":false},"excerpt":{"rendered":"Krievijas prezidenta Vladimira Putina sarunu ved\u0113js public\u0113jis video, kur\u0101 vi\u0146\u0161 redzams s\u0113rfojam pie Floridas krastiem pirms sv\u0113tdienas svar\u012bgaj\u0101m&hellip;\n","protected":false},"author":2,"featured_media":90187,"comment_status":"","ping_status":"","sticky":false,"template":"","format":"standard","meta":{"footnotes":""},"categories":[14],"tags":[23,57,28,29,32,33,22,30,31,35,39,38,36,37,34,40,20,26,27,24,25,54,55,56,21,58],"class_list":{"0":"post-90186","1":"post","2":"type-post","3":"status-publish","4":"format-standard","5":"has-post-thumbnail","7":"category-zinas-no-arvalstim","8":"tag-aktualitates","9":"tag-arvalstim","10":"tag-breaking-news","11":"tag-breakingnews","12":"tag-featured-news","13":"tag-featurednews","14":"tag-headlines","15":"tag-latest-news","16":"tag-latestnews","17":"tag-latvia","18":"tag-latvian","19":"tag-latviesu","20":"tag-latviesu-valoda","21":"tag-latviesuvaloda","22":"tag-latvija","23":"tag-lv","24":"tag-news","25":"tag-popularakas-zinas","26":"tag-popularakaszinas","27":"tag-top-stories","28":"tag-topstories","29":"tag-world","30":"tag-world-news","31":"tag-worldnews","32":"tag-zinas","33":"tag-zinas-no-arvalstim"},"share_on_mastodon":{"url":"https:\/\/pubeurope.com\/@lv\/115809606889931848","error":""},"_links":{"self":[{"href":"https:\/\/www.europesays.com\/lv\/wp-json\/wp\/v2\/posts\/90186","targetHints":{"allow":["GET"]}}],"collection":[{"href":"https:\/\/www.europesays.com\/lv\/wp-json\/wp\/v2\/posts"}],"about":[{"href":"https:\/\/www.europesays.com\/lv\/wp-json\/wp\/v2\/types\/post"}],"author":[{"embeddable":true,"href":"https:\/\/www.europesays.com\/lv\/wp-json\/wp\/v2\/users\/2"}],"replies":[{"embeddable":true,"href":"https:\/\/www.europesays.com\/lv\/wp-json\/wp\/v2\/comments?post=90186"}],"version-history":[{"count":0,"href":"https:\/\/www.europesays.com\/lv\/wp-json\/wp\/v2\/posts\/90186\/revisions"}],"wp:featuredmedia":[{"embeddable":true,"href":"https:\/\/www.europesays.com\/lv\/wp-json\/wp\/v2\/media\/90187"}],"wp:attachment":[{"href":"https:\/\/www.europesays.com\/lv\/wp-json\/wp\/v2\/media?parent=90186"}],"wp:term":[{"taxonomy":"category","embeddable":true,"href":"https:\/\/www.europesays.com\/lv\/wp-json\/wp\/v2\/categories?post=90186"},{"taxonomy":"post_tag","embeddable":true,"href":"https:\/\/www.europesays.com\/lv\/wp-json\/wp\/v2\/tags?post=90186"}],"curies":[{"name":"wp","href":"https:\/\/api.w.org\/{rel}","templated":true}]}}