{"id":90190,"date":"2025-12-30T17:08:15","date_gmt":"2025-12-30T17:08:15","guid":{"rendered":"https:\/\/www.europesays.com\/lv\/90190\/"},"modified":"2025-12-30T17:08:15","modified_gmt":"2025-12-30T17:08:15","slug":"red-bull-un-ford-ar-satraukumu-gaida-pirmos-jauna-f1-dzineja-testus-f1lv-blogs","status":"publish","type":"post","link":"https:\/\/www.europesays.com\/lv\/90190\/","title":{"rendered":"&#8216;Red Bull&#8217; un &#8216;Ford&#8217; ar satraukumu gaida pirmos jaun\u0101 F1 dzin\u0113ja testus : F1LV Blogs"},"content":{"rendered":"<p>\u201cRed Bull\u201d 2026. gad\u0101 s\u0101ks jaunu \u0113ru, sacen\u0161oties ar pa\u0161u izstr\u0101d\u0101tu jaudas agreg\u0101tu sadarb\u012bb\u0101 ar \u201cFord\u201d. P\u0113c ilgsto\u0161\u0101s partner\u012bbas ar \u201cHonda\u201d, kas atnesa \u010detrus pilotu titulus un divus Konstruktoru kausus, vien\u012bbai priek\u0161\u0101 viens no liel\u0101kajiem izaicin\u0101jumiem t\u0101s v\u0113stur\u0113.<\/p>\n<p>\u201cFord Performance\u201d vad\u012bt\u0101js Marks Ra\u0161bruks atz\u012bst, ka projekts ir \u0101rk\u0101rt\u012bgi sare\u017e\u0123\u012bts, tom\u0113r uzsver, ka sagatavo\u0161an\u0101s darbi l\u012bdz \u0161im norit\u0113ju\u0161i optim\u0101li. \u201cM\u0113s varam daudz ko izr\u0113\u0137in\u0101t datoros un p\u0101rbaud\u012bt laboratorij\u0101s, bet viss k\u013c\u016bst skaidrs tikai tad, kad dzin\u0113js b\u016bs ma\u0161\u012bn\u0101 un izbrauks tras\u0113,\u201d vi\u0146\u0161 sac\u012bja. Tie\u0161i t\u0101p\u0113c \u012bpa\u0161i svar\u012bgi b\u016bs pirmie ziemas testi Barselon\u0101, kas notiks \u201caiz sl\u0113gt\u0101m durv\u012bm\u201d.<\/p>\n<p>Ra\u0161bruks nesl\u0113pj, ka pirms \u0161iem testiem past\u0101v zin\u0101ma nervozit\u0101te. \u201cVienm\u0113r ir satraukums, kad jauns auto vai dzin\u0113js pirmo reizi non\u0101k tras\u0113. Jaut\u0101jums ir, ko m\u0113s redz\u0113sim tur, ko nevar\u0113j\u0101m ieraudz\u012bt laboratorij\u0101?\u201d<\/p>\n<p>Izstr\u0101de notikusi pak\u0101peniski: vispirms jauda, p\u0113c tam uzticam\u012bba un tad atkal jaudas pieaugums. P\u0113d\u0113j\u0101 laik\u0101 liels uzsvars likts ar\u012b uz vad\u0101m\u012bbu un saj\u016btu pilotam. \u201cJauda un uzticam\u012bba ir pamats, bet \u013coti svar\u012bga ir ar\u012b dzin\u0113ja lietojam\u012bba un programmat\u016bras kalibr\u0101cija,\u201d skaidro Ra\u0161bruks.<\/p>\n<p>Vi\u0146\u0161 atzina, ka teor\u0113tiskie m\u0113r\u0137i ir sasniegti, ta\u010du neviens nezina, cik augstu lati\u0146u b\u016bs pac\u0113lu\u0161i konkurenti \u201cFerrari\u201d, \u201cMercedes\u201d vai \u201cHonda\u201d. Pat ja \u201cRed Bull-Ford\u201d iek\u0161dedzes dzin\u0113js s\u0101kum\u0101 b\u016bs nedaudz v\u0101j\u0101ks, Ra\u0161bruks uzskata, ka at\u0161\u0137ir\u012bba b\u016bs minim\u0101la un to var\u0113s kompens\u0113t cit\u0101s jom\u0101s.<\/p>\n<p>Papildu dro\u0161\u012bbas spilvenu nodro\u0161ina FIA ieviest\u0101 ADUO sist\u0113ma, kas \u013caus atpalic\u0113jiem sezonas gait\u0101 veikt papildu uzlabojumus. \u201cTas nav Balance of Performance, bet gan iesp\u0113ja saglab\u0101t konkurenci,\u201d uzsv\u0113ra Ra\u0161bruks.<\/p>\n<p><a href=\"https:\/\/www.patreon.com\/collection\/823319\" rel=\"nofollow noopener\" target=\"_blank\"><img loading=\"lazy\" decoding=\"async\" class=\"aligncenter size-full wp-image-74708\" src=\"https:\/\/www.europesays.com\/lv\/wp-content\/uploads\/2025\/12\/Banner300x250px.jpg\" alt=\"\" width=\"300\" height=\"250\"\/><\/a><\/p>\n","protected":false},"excerpt":{"rendered":"\u201cRed Bull\u201d 2026. gad\u0101 s\u0101ks jaunu \u0113ru, sacen\u0161oties ar pa\u0161u izstr\u0101d\u0101tu jaudas agreg\u0101tu sadarb\u012bb\u0101 ar \u201cFord\u201d. P\u0113c ilgsto\u0161\u0101s&hellip;\n","protected":false},"author":2,"featured_media":90191,"comment_status":"","ping_status":"","sticky":false,"template":"","format":"standard","meta":{"footnotes":""},"categories":[17],"tags":[35,39,38,36,37,34,40,67],"class_list":{"0":"post-90190","1":"post","2":"type-post","3":"status-publish","4":"format-standard","5":"has-post-thumbnail","7":"category-sports","8":"tag-latvia","9":"tag-latvian","10":"tag-latviesu","11":"tag-latviesu-valoda","12":"tag-latviesuvaloda","13":"tag-latvija","14":"tag-lv","15":"tag-sports"},"share_on_mastodon":{"url":"https:\/\/pubeurope.com\/@lv\/115809622627403705","error":""},"_links":{"self":[{"href":"https:\/\/www.europesays.com\/lv\/wp-json\/wp\/v2\/posts\/90190","targetHints":{"allow":["GET"]}}],"collection":[{"href":"https:\/\/www.europesays.com\/lv\/wp-json\/wp\/v2\/posts"}],"about":[{"href":"https:\/\/www.europesays.com\/lv\/wp-json\/wp\/v2\/types\/post"}],"author":[{"embeddable":true,"href":"https:\/\/www.europesays.com\/lv\/wp-json\/wp\/v2\/users\/2"}],"replies":[{"embeddable":true,"href":"https:\/\/www.europesays.com\/lv\/wp-json\/wp\/v2\/comments?post=90190"}],"version-history":[{"count":0,"href":"https:\/\/www.europesays.com\/lv\/wp-json\/wp\/v2\/posts\/90190\/revisions"}],"wp:featuredmedia":[{"embeddable":true,"href":"https:\/\/www.europesays.com\/lv\/wp-json\/wp\/v2\/media\/90191"}],"wp:attachment":[{"href":"https:\/\/www.europesays.com\/lv\/wp-json\/wp\/v2\/media?parent=90190"}],"wp:term":[{"taxonomy":"category","embeddable":true,"href":"https:\/\/www.europesays.com\/lv\/wp-json\/wp\/v2\/categories?post=90190"},{"taxonomy":"post_tag","embeddable":true,"href":"https:\/\/www.europesays.com\/lv\/wp-json\/wp\/v2\/tags?post=90190"}],"curies":[{"name":"wp","href":"https:\/\/api.w.org\/{rel}","templated":true}]}}