{"id":90204,"date":"2025-12-30T17:26:15","date_gmt":"2025-12-30T17:26:15","guid":{"rendered":"https:\/\/www.europesays.com\/lv\/90204\/"},"modified":"2025-12-30T17:26:15","modified_gmt":"2025-12-30T17:26:15","slug":"tuvojas-porzinga-atgriesanas-un-ari-potenciala-vina-aizmainisana","status":"publish","type":"post","link":"https:\/\/www.europesays.com\/lv\/90204\/","title":{"rendered":"Tuvojas Porzi\u0146\u0123a atgrie\u0161an\u0101s un ar\u012b potenci\u0101l\u0101 vi\u0146a aizmain\u012b\u0161ana"},"content":{"rendered":"<p>Beidzot tuvojas latvie\u0161u zvaigznes Kristapa Porzi\u0146\u0123a atgrie\u0161an\u0101s laukum\u0101, ta\u010du t\u0101pat no jauna pie\u0146emas sp\u0113k\u0101 runas par vi\u0146a potenci\u0101lo aizmain\u012b\u0161anu no Nacion\u0101las basketbola asoci\u0101cijas (<a rel=\"noopener nofollow\" target=\"_blank\" href=\"https:\/\/www.delfi.lv\/temas\/35299954\/nba\" tag-id=\"35299954\">NBA<\/a>) kluba Atlantas &#8220;Hawks&#8221;.<\/p>\n<p>Tom\u0113r vesel\u012bbas likstu d\u0113\u013c Porzi\u0146\u0123is \u0161osezon piedal\u012bjies tikai 13 sp\u0113l\u0113s, tikai nesen no nopietna savainojuma atgriez\u0101s Jangs, kam\u0113r Risa\u0161\u0113 \u0161obr\u012bd neesot sasniedzis to progresu, ko v\u0113las &#8220;Hawks&#8221; vad\u012bba. Prominentais apskatnieks Marks Steins v\u0113sta, ka Atlanta esot gatava aizmain\u012bt savu liel\u0101ko zvaigzni Jangu, k\u0101 ar\u012b klubs jau ilgi izr\u0101da lielu interesi par Dalasas &#8220;<a rel=\"noopener nofollow\" target=\"_blank\" href=\"https:\/\/www.delfi.lv\/temas\/35453447\/mavericks\" tag-id=\"35453447\">Mavericks<\/a>&#8221; basketbolistu Entoniju Deivisu. \u0160aj\u0101s peripetij\u0101s iepriek\u0161 ierauts ar\u012b Porzi\u0146\u0123is, kuram iepriek\u0161 prognoz\u0113ja atgrie\u0161anos Teksasas klub\u0101.<\/p>\n<p>Tiesa, aizmain\u012bt savainotus sp\u0113l\u0113t\u0101jus NBA nav visp\u0101rie\u0146emta prakse, bet pirmdien pirms ma\u010da ar &#8220;Thunder&#8221; latvie\u0161a atgrie\u0161an\u0101s tika v\u0113rt\u0113ta k\u0101 &#8220;dienu no dienas&#8221;. Tiek uzskat\u012bts, ka &#8220;Hawks&#8221; l\u012bdz mai\u0146as dar\u012bjumu nosl\u0113gumam, kas ir 5. febru\u0101ris, b\u016bs akt\u012bva, t\u0101p\u0113c komand\u0101 var sagaid\u012bt nopietnas p\u0101rmai\u0146as. Visticam\u0101k, k\u0101d\u0101 no dar\u012bjumiem b\u016bs iesaist\u012bts ar\u012b Porzi\u0146\u0123is, kura l\u012bgum\u0101 \u0161\u012b ir p\u0113d\u0113j\u0101 sezona par 30,7 miljoniem ASV dol\u0101ru.<\/p>\n<p>&#8220;Pieaug tic\u012bba, ka Atlanta ir gatava \u0161\u0137irties no Risa\u0161\u0113 \u2013 t\u0101 k\u0101 biju\u0161ais drafta pirmais numurs nav progres\u0113jis t\u0101, k\u0101 klubs cer\u0113jis. Ja ar\u012b &#8220;Hawks&#8221; ir gatava mai\u0146as dar\u012bjum\u0101 apvienot Risa\u0161\u0113, Porzi\u0146\u0123i un Luku Ken\u0101rdu pret Deivisu, nav skaidrs, cik daudz drafta kapit\u0101la klubs var\u0113s at\u013cauties atdot Dalasai, lai p\u0101rliecin\u0101tu to par mai\u0146u,&#8221; akcent\u0113 Steins. Tikm\u0113r ESPN zi\u0146o, ka &#8220;Mavericks&#8221; neesot ieinteres\u0113ta Atlantas zvaigznes Janga ieg\u016b\u0161an\u0101.<\/p>\n<p>Kad Porzi\u0146\u0123is bijis laukum\u0101, centrs demonstr\u0113jis efekt\u012bvu sp\u0113li, jo 13 ma\u010dos caurm\u0113r\u0101 atz\u012bm\u0113jies ar 19,2 punktiem un 5,6 atl\u0113ku\u0161aj\u0101m bumb\u0101m, ta\u010du vi\u0146a vesel\u012bba ar\u012b \u0161osezon bijis liels klup\u0161anas akmens. Latvietis nav sp\u0113l\u0113jis kop\u0161 5. decembra, kad turkl\u0101t pirmo reizi kop\u0161 2016.\/17. gada sezonas regul\u0101raj\u0101 \u010dempion\u0101t\u0101 n\u0101ca no rezervistu soli\u0146a. Liel\u0101 m\u0113r\u0101 tas ar\u012b t\u0101d\u0113\u013c, kad izlau\u0161an\u0101s sezonu aizvada 25 gadus vecais centrs Onjeka Okongvu, kur\u0161 esot &#8220;Hawks&#8221; n\u0101kotnes pl\u0101nos.<\/p>\n<p class=\"m-0\">Seko &#8220;Delfi&#8221; ar\u012b  <a target=\"_blank\" href=\"https:\/\/www.instagram.com\/delfi.lv\/\" rel=\"nofollow noopener\">Instagram<\/a>  un <a target=\"_blank\" href=\"https:\/\/www.youtube.com\/channel\/UCw5foWtcJvAbUm64rv7jwUQ\" rel=\"nofollow noopener\">YouTube<\/a>  profil\u0101 \u2013 pievienojies, lai uzzin\u0101tu svar\u012bg\u0101ko un interesant\u0101ko pirmais!<\/p>\n<p>Publik\u0101cijas saturs vai t\u0101s jebk\u0101da apjoma da\u013ca ir aizsarg\u0101ts autorties\u012bbu objekts Autorties\u012bbu likuma izpratn\u0113, un t\u0101 izmanto\u0161ana bez izdev\u0113ja at\u013caujas ir aizliegta. Vair\u0101k lasi  <a target=\"_blank\" href=\"https:\/\/www.delfi.lv\/noteikumi#autortiesibas\" rel=\"nofollow noopener\">\u0161eit<\/a><script async src=\"\/\/www.instagram.com\/embed.js\"><\/script><\/p>\n","protected":false},"excerpt":{"rendered":"Beidzot tuvojas latvie\u0161u zvaigznes Kristapa Porzi\u0146\u0123a atgrie\u0161an\u0101s laukum\u0101, ta\u010du t\u0101pat no jauna pie\u0146emas sp\u0113k\u0101 runas par vi\u0146a potenci\u0101lo&hellip;\n","protected":false},"author":2,"featured_media":90205,"comment_status":"","ping_status":"","sticky":false,"template":"","format":"standard","meta":{"footnotes":""},"categories":[17],"tags":[6877,1260,35,39,38,36,37,34,40,7117,1258,67,21501],"class_list":{"0":"post-90204","1":"post","2":"type-post","3":"status-publish","4":"format-standard","5":"has-post-thumbnail","7":"category-sports","8":"tag-hawks-atlanta","9":"tag-kristaps-porzingis","10":"tag-latvia","11":"tag-latvian","12":"tag-latviesu","13":"tag-latviesu-valoda","14":"tag-latviesuvaloda","15":"tag-latvija","16":"tag-lv","17":"tag-mavericks","18":"tag-nba","19":"tag-sports","20":"tag-thunder"},"share_on_mastodon":{"url":"https:\/\/pubeurope.com\/@lv\/115809693359176680","error":""},"_links":{"self":[{"href":"https:\/\/www.europesays.com\/lv\/wp-json\/wp\/v2\/posts\/90204","targetHints":{"allow":["GET"]}}],"collection":[{"href":"https:\/\/www.europesays.com\/lv\/wp-json\/wp\/v2\/posts"}],"about":[{"href":"https:\/\/www.europesays.com\/lv\/wp-json\/wp\/v2\/types\/post"}],"author":[{"embeddable":true,"href":"https:\/\/www.europesays.com\/lv\/wp-json\/wp\/v2\/users\/2"}],"replies":[{"embeddable":true,"href":"https:\/\/www.europesays.com\/lv\/wp-json\/wp\/v2\/comments?post=90204"}],"version-history":[{"count":0,"href":"https:\/\/www.europesays.com\/lv\/wp-json\/wp\/v2\/posts\/90204\/revisions"}],"wp:featuredmedia":[{"embeddable":true,"href":"https:\/\/www.europesays.com\/lv\/wp-json\/wp\/v2\/media\/90205"}],"wp:attachment":[{"href":"https:\/\/www.europesays.com\/lv\/wp-json\/wp\/v2\/media?parent=90204"}],"wp:term":[{"taxonomy":"category","embeddable":true,"href":"https:\/\/www.europesays.com\/lv\/wp-json\/wp\/v2\/categories?post=90204"},{"taxonomy":"post_tag","embeddable":true,"href":"https:\/\/www.europesays.com\/lv\/wp-json\/wp\/v2\/tags?post=90204"}],"curies":[{"name":"wp","href":"https:\/\/api.w.org\/{rel}","templated":true}]}}