{"id":90206,"date":"2025-12-30T17:28:07","date_gmt":"2025-12-30T17:28:07","guid":{"rendered":"https:\/\/www.europesays.com\/lv\/90206\/"},"modified":"2025-12-30T17:28:07","modified_gmt":"2025-12-30T17:28:07","slug":"zelenskis-ar-sabiedroto-lideriem-tiksies-isi-pec-jauna-gada-francija","status":"publish","type":"post","link":"https:\/\/www.europesays.com\/lv\/90206\/","title":{"rendered":"Zelenskis ar sabiedroto l\u012bderiem tiksies \u012bsi p\u0113c Jaun\u0101 gada Francij\u0101"},"content":{"rendered":"<p>V\u0113l pirms \u0161\u012b samita 3. janv\u0101r\u012b notiks Kijivas sabiedroto valstu dro\u0161\u012bbas padomnieku tik\u0161an\u0101s, soci\u0101lajos t\u012bklos nor\u0101d\u012bja prezidents.<\/p>\n<p>&#8220;Neilgi p\u0113c tam notiks diskusijas l\u012bderu l\u012bmen\u012b &#8211; tik\u0161an\u0101s ir nepiecie\u0161amas. M\u0113s to pl\u0101nojam 6. janv\u0101r\u012b Francij\u0101,&#8221; pauda Zelenskis.<\/p>\n<p>Uzrun\u0101jot \u017eurn\u0101listus neilgi p\u0113c pazi\u0146ojuma, Zelenskis preciz\u0113ja, ka nacion\u0101l\u0101s dro\u0161\u012bbas padomnieki &#8220;izskat\u012bs visus dokumentus, visas iestr\u0101des&#8221;, pirms l\u012bderi tos apspried\u012bs samit\u0101 Francij\u0101.<\/p>\n<p>P\u0113c tam padomnieki atkal tiksies 7. janv\u0101r\u012b, lai &#8220;preciz\u0113tu lietas&#8221;, sac\u012bja Zelenskis.<\/p>\n<p>Kijiva cer, ka p\u0113c tam notiks tik\u0161an\u0101s gan ar Eiropas l\u012bderiem, gan ar ASV prezidentu Donaldu Trampu.<\/p>\n<p>Ned\u0113\u013cas nogal\u0113 Zelenskim bija sarunas ar Trampu Florid\u0101, un gan Kijiva, gan Va\u0161ingtona pazi\u0146oja, ka ir pan\u0101kts progress attiec\u012bb\u0101 uz ASV pl\u0101nu kara izbeig\u0161anai.<\/p>\n","protected":false},"excerpt":{"rendered":"V\u0113l pirms \u0161\u012b samita 3. janv\u0101r\u012b notiks Kijivas sabiedroto valstu dro\u0161\u012bbas padomnieku tik\u0161an\u0101s, soci\u0101lajos t\u012bklos nor\u0101d\u012bja prezidents. &#8220;Neilgi&hellip;\n","protected":false},"author":2,"featured_media":51911,"comment_status":"","ping_status":"","sticky":false,"template":"","format":"standard","meta":{"footnotes":""},"categories":[14],"tags":[23,57,28,29,32,33,22,30,31,35,39,38,36,37,34,40,20,26,27,24,25,276,178,54,55,56,21,58],"class_list":{"0":"post-90206","1":"post","2":"type-post","3":"status-publish","4":"format-standard","5":"has-post-thumbnail","7":"category-zinas-no-arvalstim","8":"tag-aktualitates","9":"tag-arvalstim","10":"tag-breaking-news","11":"tag-breakingnews","12":"tag-featured-news","13":"tag-featurednews","14":"tag-headlines","15":"tag-latest-news","16":"tag-latestnews","17":"tag-latvia","18":"tag-latvian","19":"tag-latviesu","20":"tag-latviesu-valoda","21":"tag-latviesuvaloda","22":"tag-latvija","23":"tag-lv","24":"tag-news","25":"tag-popularakas-zinas","26":"tag-popularakaszinas","27":"tag-top-stories","28":"tag-topstories","29":"tag-ukraina","30":"tag-volodimirs-zelenskis","31":"tag-world","32":"tag-world-news","33":"tag-worldnews","34":"tag-zinas","35":"tag-zinas-no-arvalstim"},"share_on_mastodon":{"url":"https:\/\/pubeurope.com\/@lv\/115809701270124741","error":""},"_links":{"self":[{"href":"https:\/\/www.europesays.com\/lv\/wp-json\/wp\/v2\/posts\/90206","targetHints":{"allow":["GET"]}}],"collection":[{"href":"https:\/\/www.europesays.com\/lv\/wp-json\/wp\/v2\/posts"}],"about":[{"href":"https:\/\/www.europesays.com\/lv\/wp-json\/wp\/v2\/types\/post"}],"author":[{"embeddable":true,"href":"https:\/\/www.europesays.com\/lv\/wp-json\/wp\/v2\/users\/2"}],"replies":[{"embeddable":true,"href":"https:\/\/www.europesays.com\/lv\/wp-json\/wp\/v2\/comments?post=90206"}],"version-history":[{"count":0,"href":"https:\/\/www.europesays.com\/lv\/wp-json\/wp\/v2\/posts\/90206\/revisions"}],"wp:featuredmedia":[{"embeddable":true,"href":"https:\/\/www.europesays.com\/lv\/wp-json\/wp\/v2\/media\/51911"}],"wp:attachment":[{"href":"https:\/\/www.europesays.com\/lv\/wp-json\/wp\/v2\/media?parent=90206"}],"wp:term":[{"taxonomy":"category","embeddable":true,"href":"https:\/\/www.europesays.com\/lv\/wp-json\/wp\/v2\/categories?post=90206"},{"taxonomy":"post_tag","embeddable":true,"href":"https:\/\/www.europesays.com\/lv\/wp-json\/wp\/v2\/tags?post=90206"}],"curies":[{"name":"wp","href":"https:\/\/api.w.org\/{rel}","templated":true}]}}