{"id":90207,"date":"2025-12-30T17:29:26","date_gmt":"2025-12-30T17:29:26","guid":{"rendered":"https:\/\/www.europesays.com\/lv\/90207\/"},"modified":"2025-12-30T17:29:26","modified_gmt":"2025-12-30T17:29:26","slug":"jaunliepajas-vakara-tirdzins-aicina-uz-gada-nosledzoso-vecgada-tirdzinu-30-decembri-liepaja-lv","status":"publish","type":"post","link":"https:\/\/www.europesays.com\/lv\/90207\/","title":{"rendered":"JaunLiep\u0101jas Vakara tirdzi\u0146\u0161 aicina uz gada nosl\u0113dzo\u0161o Vecgada tirdzi\u0146u 30. decembr\u012b &#8211; Liepaja.lv"},"content":{"rendered":"<ol>\n<li><a href=\"https:\/\/news.google.com\/rss\/articles\/CBMiqwFBVV95cUxNS1VIbkNvYU14QVA5SV9kbGVqWDhaYXZqc3hPSmVDd1FSdmJWb1lsRHhNS1c3NkR2UWNEMXNUMzl1bkNYaGY1MURpZ2RoaWs4a2ZUdXZDNXZERUUweUp5c2ZVNU01aGJMRU53SklDTFQ1ZTJpTEdXWDl5Y0pkZDFqYk5rbHJzN1pKYWNUaWVYT3l4eEM0MVVLZnhKeDZ5dHE5S25qLUlaaWJkWXM?oc=5\" target=\"_blank\" rel=\"nofollow noopener\">JaunLiep\u0101jas Vakara tirdzi\u0146\u0161 aicina uz gada nosl\u0113dzo\u0161o Vecgada tirdzi\u0146u 30. decembr\u012b<\/a>&nbsp;&nbsp;Liepaja.lv<\/li>\n<li><a href=\"https:\/\/news.google.com\/rss\/articles\/CBMisgFBVV95cUxQZXVPT0R2QmNfRzd2NnlXbnZhcGcwbFRCT2Q5cTlaUmNmaEN4eThaNkdOS3pTbFk3MEJ0NXM5X2pxVjF3X0hac1F1NzRpOGwyd3YtbUI5SVFBUXU2RG02alpwS1hLaFNxQjMxSjRMVkpoX1NlRVpPbmZfakVVVDBGSjdSWHowWXoyYzgyMlZQRXBIM3Q4X0NFcm0zTXdFSW1OOWt5enBTbXFkcmhmQmxIeGFn?oc=5\" target=\"_blank\" rel=\"nofollow noopener\">Foto un video: Vecgada sv\u0113tku pietura \u2013 Jaunliep\u0101jas vakara tirdzi\u0146\u0161<\/a>&nbsp;&nbsp;liepajniekiem.lv<\/li>\n<li><a href=\"https:\/\/news.google.com\/rss\/articles\/CBMilwFBVV95cUxQVW1NUElKSmhZMUNsUmc4TGI0MDYyenFnREZLNmp3Zlg5RlZhek8wWE5pV0V0SnhBXzJIckdCTnpZbXR0UXpxM0pKTGlqbVlZUkplOWlGQlR1SXhXWk03TXQ2aXdSU0FFYk42QThkdGhEMF9JQ2swTFVuNkptWWltZzhkUFkyOVZEdHUxazl4dkM4NG1Qb3Vz?oc=5\" target=\"_blank\" rel=\"nofollow noopener\">Foto un video: Vakara tirdzi\u0146\u0101 p\u0113rk un degust\u0113<\/a>&nbsp;&nbsp;liepajniekiem.lv<\/li>\n<li><a href=\"https:\/\/news.google.com\/rss\/articles\/CBMiywFBVV95cUxQa3BUMjJMUUpKYTBDTG9NZVR1dl9oaUc4TVptUlYtYnZhenhJQzdBMG5nV0RUX1BxSGNfVC1GZEZwdllPMW1aUzZVSzVYVGFLY01rQ2tJS1Y0MDB2Rm1tVEZIUlhfZjFiZWNDOGo4dE00RHZXajdVcEZnZWtoeEg3UlEtWDhHZVE4UmNpbGFsRFpqUFFsb1dIaXNtRW9sa1MyVml3bEVkTENpUEVyc0RsakJZWUJzQ3lsRExRb21OZlhnemtPVW1yMFdWbw?oc=5\" target=\"_blank\" rel=\"nofollow noopener\">Jaunliep\u0101j\u0101 norisin\u0101sies \u012bpa\u0161s Ziemassv\u0113tku tirdzi\u0146\u0161 ar rekordlielu tirgot\u0101ju skaitu<\/a>&nbsp;&nbsp;liepajniekiem.lv<\/li>\n<\/ol>\n","protected":false},"excerpt":{"rendered":"JaunLiep\u0101jas Vakara tirdzi\u0146\u0161 aicina uz gada nosl\u0113dzo\u0161o Vecgada tirdzi\u0146u 30. decembr\u012b&nbsp;&nbsp;Liepaja.lv Foto un video: Vecgada sv\u0113tku pietura \u2013&hellip;\n","protected":false},"author":2,"featured_media":90208,"comment_status":"","ping_status":"","sticky":false,"template":"","format":"standard","meta":{"footnotes":""},"categories":[12],"tags":[23,28,29,32,33,22,30,31,35,39,38,36,37,34,40,20,26,27,24,25,21],"class_list":{"0":"post-90207","1":"post","2":"type-post","3":"status-publish","4":"format-standard","5":"has-post-thumbnail","7":"category-latvija","8":"tag-aktualitates","9":"tag-breaking-news","10":"tag-breakingnews","11":"tag-featured-news","12":"tag-featurednews","13":"tag-headlines","14":"tag-latest-news","15":"tag-latestnews","16":"tag-latvia","17":"tag-latvian","18":"tag-latviesu","19":"tag-latviesu-valoda","20":"tag-latviesuvaloda","21":"tag-latvija","22":"tag-lv","23":"tag-news","24":"tag-popularakas-zinas","25":"tag-popularakaszinas","26":"tag-top-stories","27":"tag-topstories","28":"tag-zinas"},"share_on_mastodon":{"url":"https:\/\/pubeurope.com\/@lv\/115809705242655301","error":""},"_links":{"self":[{"href":"https:\/\/www.europesays.com\/lv\/wp-json\/wp\/v2\/posts\/90207","targetHints":{"allow":["GET"]}}],"collection":[{"href":"https:\/\/www.europesays.com\/lv\/wp-json\/wp\/v2\/posts"}],"about":[{"href":"https:\/\/www.europesays.com\/lv\/wp-json\/wp\/v2\/types\/post"}],"author":[{"embeddable":true,"href":"https:\/\/www.europesays.com\/lv\/wp-json\/wp\/v2\/users\/2"}],"replies":[{"embeddable":true,"href":"https:\/\/www.europesays.com\/lv\/wp-json\/wp\/v2\/comments?post=90207"}],"version-history":[{"count":0,"href":"https:\/\/www.europesays.com\/lv\/wp-json\/wp\/v2\/posts\/90207\/revisions"}],"wp:featuredmedia":[{"embeddable":true,"href":"https:\/\/www.europesays.com\/lv\/wp-json\/wp\/v2\/media\/90208"}],"wp:attachment":[{"href":"https:\/\/www.europesays.com\/lv\/wp-json\/wp\/v2\/media?parent=90207"}],"wp:term":[{"taxonomy":"category","embeddable":true,"href":"https:\/\/www.europesays.com\/lv\/wp-json\/wp\/v2\/categories?post=90207"},{"taxonomy":"post_tag","embeddable":true,"href":"https:\/\/www.europesays.com\/lv\/wp-json\/wp\/v2\/tags?post=90207"}],"curies":[{"name":"wp","href":"https:\/\/api.w.org\/{rel}","templated":true}]}}