{"id":90229,"date":"2025-12-30T18:02:07","date_gmt":"2025-12-30T18:02:07","guid":{"rendered":"https:\/\/www.europesays.com\/lv\/90229\/"},"modified":"2025-12-30T18:02:07","modified_gmt":"2025-12-30T18:02:07","slug":"dzierkals-rezultativs-spenglera-kausa-finala-ieklust-lavins-ar-ncaa-komandu","status":"publish","type":"post","link":"https:\/\/www.europesays.com\/lv\/90229\/","title":{"rendered":"Dzierkals rezultat\u012bvs; \u0160penglera kausa fin\u0101l\u0101 iek\u013c\u016bst Lavi\u0146\u0161 ar NCAA komandu"},"content":{"rendered":"<p>NCAA hokejisti pusfin\u0101l\u0101 ar rezult\u0101tu 5:3 (2:1, 2:1, 1:1) p\u0101rsp\u0113ja M\u0101rti\u0146a Dzierkala p\u0101rst\u0101v\u0113to Pr\u0101gas &#8220;Sparta&#8221;.<\/p>\n<p>Lavi\u0146am otr\u0101 perioda otraj\u0101 min\u016bt\u0113 bija teicama iesp\u0113ja g\u016bt v\u0101rtus maz\u0101kum\u0101, ta\u010du p\u0113c izslido\u0161anas pret pretinieku v\u0101rtsargu p\u0101r\u0101ks bija &#8220;Sparta&#8221; ripu \u0137\u0113r\u0101js Jakubs Kov\u0101r\u017es. Lavi\u0146\u0161 uz ledus bija asto\u0146as min\u016btes un 44 sekundes.<\/p>\n<p>Savuk\u0101rt Dzierkals asist\u0113ja Pr\u0101gas komandas pirmajos v\u0101rtos, ta\u010du pirms tam p\u0113c vi\u0146a noraid\u012bjuma pretinieki pan\u0101ca 1:0 \u0161aj\u0101 sp\u0113l\u0113. Dzierkals sp\u0113l\u0113ja 16 min\u016btes un 42 sekundes, c\u012b\u0146u pabeidzot ar negat\u012bvu lietder\u012bbas koeficientu.<\/p>\n<p>NCAA komand\u0101 ar tr\u012bs g\u016btiem v\u0101rtiem un rezultat\u012bvu piesp\u0113li izc\u0113l\u0101s Aidens Finks, kam\u0113r pretiniekiem divus v\u0101rtus guva Filips Hlap\u012bks.<\/p>\n<p>NCAA hokejisti tre\u0161dien fin\u0101l\u0101 tiksies ar &#8220;Fribourg-Gotteron&#8221; vai &#8220;Davos&#8221;.<\/p>\n<p><a href=\"https:\/\/sports.tvnet.lv\/term\/558205\/spenglera-kauss\" class=\"topicLink\" target=\"_blank\" rel=\"nofollow noopener\">\u0160penglera kauss<\/a>, kas \u0161ogad tiek aizvad\u012bts 97. reizi v\u0113stur\u0113, ir vec\u0101kais Eiropas klubu turn\u012brs. Pa 16 reiz\u0113m kausu ir izc\u012bn\u012bjusi Kan\u0101das izlase un &#8220;Davos&#8221;, bet septi\u0146as reizes uzvar\u0113jusi \u010cehijas vien\u012bba Pr\u0101gas LTC, kas beidza past\u0101v\u0113t 1949. gad\u0101.<\/p>\n","protected":false},"excerpt":{"rendered":"NCAA hokejisti pusfin\u0101l\u0101 ar rezult\u0101tu 5:3 (2:1, 2:1, 1:1) p\u0101rsp\u0113ja M\u0101rti\u0146a Dzierkala p\u0101rst\u0101v\u0113to Pr\u0101gas &#8220;Sparta&#8221;. Lavi\u0146am otr\u0101 perioda&hellip;\n","protected":false},"author":2,"featured_media":90230,"comment_status":"","ping_status":"","sticky":false,"template":"","format":"standard","meta":{"footnotes":""},"categories":[17],"tags":[35,39,38,36,37,34,40,6355,5797,13397,67],"class_list":{"0":"post-90229","1":"post","2":"type-post","3":"status-publish","4":"format-standard","5":"has-post-thumbnail","7":"category-sports","8":"tag-latvia","9":"tag-latvian","10":"tag-latviesu","11":"tag-latviesu-valoda","12":"tag-latviesuvaloda","13":"tag-latvija","14":"tag-lv","15":"tag-martins-dzierkals","16":"tag-martins-lavins","17":"tag-spenglera-kauss","18":"tag-sports"},"share_on_mastodon":{"url":"https:\/\/pubeurope.com\/@lv\/115809834907989908","error":""},"_links":{"self":[{"href":"https:\/\/www.europesays.com\/lv\/wp-json\/wp\/v2\/posts\/90229","targetHints":{"allow":["GET"]}}],"collection":[{"href":"https:\/\/www.europesays.com\/lv\/wp-json\/wp\/v2\/posts"}],"about":[{"href":"https:\/\/www.europesays.com\/lv\/wp-json\/wp\/v2\/types\/post"}],"author":[{"embeddable":true,"href":"https:\/\/www.europesays.com\/lv\/wp-json\/wp\/v2\/users\/2"}],"replies":[{"embeddable":true,"href":"https:\/\/www.europesays.com\/lv\/wp-json\/wp\/v2\/comments?post=90229"}],"version-history":[{"count":0,"href":"https:\/\/www.europesays.com\/lv\/wp-json\/wp\/v2\/posts\/90229\/revisions"}],"wp:featuredmedia":[{"embeddable":true,"href":"https:\/\/www.europesays.com\/lv\/wp-json\/wp\/v2\/media\/90230"}],"wp:attachment":[{"href":"https:\/\/www.europesays.com\/lv\/wp-json\/wp\/v2\/media?parent=90229"}],"wp:term":[{"taxonomy":"category","embeddable":true,"href":"https:\/\/www.europesays.com\/lv\/wp-json\/wp\/v2\/categories?post=90229"},{"taxonomy":"post_tag","embeddable":true,"href":"https:\/\/www.europesays.com\/lv\/wp-json\/wp\/v2\/tags?post=90229"}],"curies":[{"name":"wp","href":"https:\/\/api.w.org\/{rel}","templated":true}]}}