{"id":90257,"date":"2025-12-30T18:33:06","date_gmt":"2025-12-30T18:33:06","guid":{"rendered":"https:\/\/www.europesays.com\/lv\/90257\/"},"modified":"2025-12-30T18:33:06","modified_gmt":"2025-12-30T18:33:06","slug":"latvijas-ziemas-orientieristi-gust-panakumus-somija-izcinot-vietas-pasaules-cempionata-japana-lente-lv","status":"publish","type":"post","link":"https:\/\/www.europesays.com\/lv\/90257\/","title":{"rendered":"Latvijas ziemas orientieristi g\u016bst pan\u0101kumus Somij\u0101, izc\u012bnot vietas Pasaules \u010dempion\u0101t\u0101 Jap\u0101n\u0101\u00a0\u2014\u00a0Lente.lv"},"content":{"rendered":"<p>Latvijas ziemas orientieristi veiksm\u012bgi start\u0113ju\u0161i Somij\u0101<\/p>\n<p>Latvijas ziemas orientieristi ir veiksm\u012bgi uzs\u0101ku\u0161i sezonu, piedaloties sacens\u012bb\u0101s Somij\u0101. &#8220;Kainuu ski-o week&#8221; pas\u0101kum\u0101 Puolank\u0101 start\u0113ja 17 Latvijas sportisti, kuriem \u0161\u012bs sacens\u012bbas kalpoja k\u0101 pirm\u0101 atlases k\u0101rta gaid\u0101majam Pasaules \u010dempion\u0101tam, kas norisin\u0101sies Jap\u0101n\u0101 marta pirmaj\u0101 ned\u0113\u013c\u0101. Konkurss ir \u012bpa\u0161i s\u012bvs, jo pl\u0101notais izlases sast\u0101vs ir neliels augsto \u010dempion\u0101ta izmaksu d\u0113\u013c, sportistiem c\u012bnoties par ierobe\u017eot\u0101m viet\u0101m \u2013 div\u0101m v\u012brie\u0161u un vienu sievie\u0161u konkurenc\u0113. <\/p>\n<p>Ren\u0101rs Grasis nodro\u0161ina vietu Pasaules \u010dempion\u0101t\u0101<\/p>\n<p>Par pirmo Latvijas izlases dal\u012bbnieku, kas nodro\u0161in\u0101jis sev vietu Pasaules \u010dempion\u0101t\u0101, k\u013cuvis Ren\u0101rs Grasis, kur\u0161 uzvar\u0113ja ab\u0101s atlases sacens\u012bbu dien\u0101s. P\u0101r\u0113j\u0101s ce\u013caz\u012bmes uz pasaules \u010dempion\u0101tu tiks sadal\u012btas janv\u0101ra s\u0101kum\u0101 paredz\u0113taj\u0101s atlases sacens\u012bb\u0101s K\u016bsamo, Somij\u0101. <\/p>\n<p>Jauno sportistu pan\u0101kumi un izaicin\u0101jumi<\/p>\n<p>Sacens\u012bbu kopv\u0113rt\u0113jum\u0101 Puolank\u0101 atzin\u012bgu sniegumu demonstr\u0113ja jaun\u0101s orientieristes no Madonas BJSS\/OK Arona \u2013 Liene Rieksti\u0146a un Und\u012bne Cepl\u012bte, izc\u012bnot 2. vietu attiec\u012bgi S17 un S15 grup\u0101. Savuk\u0101rt elites grup\u0101 L\u016bkass Sili\u0146\u0161 uzr\u0101d\u012bja augstv\u0113rt\u012bg\u0101ko rezult\u0101tu, 1. sacens\u012bbu dien\u0101 sprint\u0101 izc\u012bnot 13. vietu. <\/p>\n<p>Laika apst\u0101k\u013cu ietekme uz sacens\u012bb\u0101m<\/p>\n<p>Pl\u0101noto piecu sacens\u012bbu dienu viet\u0101 tika aizvad\u012btas \u010detras dienas, jo nepietiekami zem\u0101s gaisa temperat\u016bras (-23\u00b0C) liedza r\u012bkot gar\u0101s distances sacens\u012bbas. Tom\u0113r \u010detru startu un divu kar\u0161u treni\u0146u iesp\u0113ja labos sniega apst\u0101k\u013cos sniedz cer\u012bgas perspekt\u012bvas veiksm\u012bgam sezonas turpin\u0101jumam.<\/p>\n<p>N\u0101kamie so\u013ci un gatavo\u0161an\u0101s<\/p>\n<p>Latvijas \u010dempion\u0101ts orient\u0113\u0161an\u0101s ar sl\u0113p\u0113m pl\u0101nots 2026. gada 16.-18. janv\u0101r\u012b Vanagkaln\u0101. Laika prognozes sola apm\u0113ram 15 centimetru sniega segas veido\u0161anos, kas dod cer\u012bbas uz sekm\u012bgu \u010dempion\u0101ta norisi. Treni\u0146nometne un dal\u012bba sacens\u012bb\u0101s Somij\u0101 notika treneru Gun\u0101ra Ikaunieka un Naura Neima\u0146a vad\u012bb\u0101. <\/p>\n","protected":false},"excerpt":{"rendered":"Latvijas ziemas orientieristi veiksm\u012bgi start\u0113ju\u0161i Somij\u0101 Latvijas ziemas orientieristi ir veiksm\u012bgi uzs\u0101ku\u0161i sezonu, piedaloties sacens\u012bb\u0101s Somij\u0101. &#8220;Kainuu ski-o&hellip;\n","protected":false},"author":2,"featured_media":90258,"comment_status":"","ping_status":"","sticky":false,"template":"","format":"standard","meta":{"footnotes":""},"categories":[17],"tags":[35,39,38,36,37,34,40,22775,844,490,67,22774],"class_list":{"0":"post-90257","1":"post","2":"type-post","3":"status-publish","4":"format-standard","5":"has-post-thumbnail","7":"category-sports","8":"tag-latvia","9":"tag-latvian","10":"tag-latviesu","11":"tag-latviesu-valoda","12":"tag-latviesuvaloda","13":"tag-latvija","14":"tag-lv","15":"tag-orientieristi","16":"tag-pasaules-cempionats","17":"tag-somija","18":"tag-sports","19":"tag-ziemas-orientesanas"},"share_on_mastodon":{"url":"https:\/\/pubeurope.com\/@lv\/115809956834566730","error":""},"_links":{"self":[{"href":"https:\/\/www.europesays.com\/lv\/wp-json\/wp\/v2\/posts\/90257","targetHints":{"allow":["GET"]}}],"collection":[{"href":"https:\/\/www.europesays.com\/lv\/wp-json\/wp\/v2\/posts"}],"about":[{"href":"https:\/\/www.europesays.com\/lv\/wp-json\/wp\/v2\/types\/post"}],"author":[{"embeddable":true,"href":"https:\/\/www.europesays.com\/lv\/wp-json\/wp\/v2\/users\/2"}],"replies":[{"embeddable":true,"href":"https:\/\/www.europesays.com\/lv\/wp-json\/wp\/v2\/comments?post=90257"}],"version-history":[{"count":0,"href":"https:\/\/www.europesays.com\/lv\/wp-json\/wp\/v2\/posts\/90257\/revisions"}],"wp:featuredmedia":[{"embeddable":true,"href":"https:\/\/www.europesays.com\/lv\/wp-json\/wp\/v2\/media\/90258"}],"wp:attachment":[{"href":"https:\/\/www.europesays.com\/lv\/wp-json\/wp\/v2\/media?parent=90257"}],"wp:term":[{"taxonomy":"category","embeddable":true,"href":"https:\/\/www.europesays.com\/lv\/wp-json\/wp\/v2\/categories?post=90257"},{"taxonomy":"post_tag","embeddable":true,"href":"https:\/\/www.europesays.com\/lv\/wp-json\/wp\/v2\/tags?post=90257"}],"curies":[{"name":"wp","href":"https:\/\/api.w.org\/{rel}","templated":true}]}}