{"id":90265,"date":"2025-12-30T18:45:20","date_gmt":"2025-12-30T18:45:20","guid":{"rendered":"https:\/\/www.europesays.com\/lv\/90265\/"},"modified":"2025-12-30T18:45:20","modified_gmt":"2025-12-30T18:45:20","slug":"balinska-zvaigznotais-komandas-biedrs-atgriezies-panthers-treninos","status":"publish","type":"post","link":"https:\/\/www.europesays.com\/lv\/90265\/","title":{"rendered":"Balinska zvaig\u017e\u0146otais komandas biedrs atgriezies \u201cPanthers\u201d treni\u0146os"},"content":{"rendered":"<p>                                <img decoding=\"async\" src=\"https:\/\/www.europesays.com\/lv\/wp-content\/uploads\/2025\/12\/metju-tkacaks-sportazinas-com-3-750x450.jpg\"   alt=\"Metj\u016b Tka\u010daks\" class=\"post-featured-image\"\/><\/p>\n<p>Metj\u016b Tka\u010daks | Foto: Floridas &#8220;Panthers&#8221;<\/p>\n<p>Nacion\u0101l\u0101s hokeja l\u012bgas (NHL) komandas Floridas \u201cPanthers\u201d uzbruc\u0113js <a href=\"http:\/\/sportazinas.com\/atsl%C4%93gv%C4%81rdi\/metju-tkacaks\" rel=\"nofollow noopener\" target=\"_blank\">Metj\u016b Tka\u010daks<\/a> <a href=\"https:\/\/x.com\/FlaPanthers\/status\/2005380595371905533\" target=\"_blank\" rel=\"noreferrer noopener nofollow\">atgriezies<\/a> \u0161\u012bs vien\u012bbas treni\u0146os.<\/p>\n<p>Starpsezon\u0101 hokejistam tika veikta oper\u0101cija, kuras d\u0113\u013c vi\u0146\u0161 izlaida sezonas s\u0101kumu un tikai \u0161odien aizvad\u012bja pirmo treni\u0146u. Vi\u0146\u0161 gan tren\u0113j\u0101s bezkontakta form\u0101, kas noz\u012bm\u0113, ka pagaid\u0101m uzbruc\u0113js nevar piedal\u012bties sp\u0113ka vingrin\u0101jumos.<\/p>\n<p>T\u0101pat nav zin\u0101ms, kad hokejists var\u0113tu aizvad\u012bt pirmo sp\u0113li \u0161osezon.<\/p>\n<p>Aizvad\u012btaj\u0101 sezon\u0101 Uvja Balinska p\u0101rst\u0101v\u0113t\u0101 \u201cPanthers\u201d otro gadu p\u0113c k\u0101rtas izc\u012bn\u012bja Stenlija kausu. Tka\u010daks, kur\u0161 \u201cplay-off\u201d turn\u012bru aizvad\u012bja ar savainojumu, kas vi\u0146am netrauc\u0113ja palikt par vienu no l\u012bderiem, 23 sp\u0113l\u0113s g\u016bstot tikpat (8+15) punktu.<\/p>\n","protected":false},"excerpt":{"rendered":"Metj\u016b Tka\u010daks | Foto: Floridas &#8220;Panthers&#8221; Nacion\u0101l\u0101s hokeja l\u012bgas (NHL) komandas Floridas \u201cPanthers\u201d uzbruc\u0113js Metj\u016b Tka\u010daks atgriezies \u0161\u012bs&hellip;\n","protected":false},"author":2,"featured_media":90266,"comment_status":"","ping_status":"","sticky":false,"template":"","format":"standard","meta":{"footnotes":""},"categories":[17],"tags":[35,39,38,36,37,34,40,67],"class_list":{"0":"post-90265","1":"post","2":"type-post","3":"status-publish","4":"format-standard","5":"has-post-thumbnail","7":"category-sports","8":"tag-latvia","9":"tag-latvian","10":"tag-latviesu","11":"tag-latviesu-valoda","12":"tag-latviesuvaloda","13":"tag-latvija","14":"tag-lv","15":"tag-sports"},"share_on_mastodon":{"url":"https:\/\/pubeurope.com\/@lv\/115810004033055440","error":""},"_links":{"self":[{"href":"https:\/\/www.europesays.com\/lv\/wp-json\/wp\/v2\/posts\/90265","targetHints":{"allow":["GET"]}}],"collection":[{"href":"https:\/\/www.europesays.com\/lv\/wp-json\/wp\/v2\/posts"}],"about":[{"href":"https:\/\/www.europesays.com\/lv\/wp-json\/wp\/v2\/types\/post"}],"author":[{"embeddable":true,"href":"https:\/\/www.europesays.com\/lv\/wp-json\/wp\/v2\/users\/2"}],"replies":[{"embeddable":true,"href":"https:\/\/www.europesays.com\/lv\/wp-json\/wp\/v2\/comments?post=90265"}],"version-history":[{"count":0,"href":"https:\/\/www.europesays.com\/lv\/wp-json\/wp\/v2\/posts\/90265\/revisions"}],"wp:featuredmedia":[{"embeddable":true,"href":"https:\/\/www.europesays.com\/lv\/wp-json\/wp\/v2\/media\/90266"}],"wp:attachment":[{"href":"https:\/\/www.europesays.com\/lv\/wp-json\/wp\/v2\/media?parent=90265"}],"wp:term":[{"taxonomy":"category","embeddable":true,"href":"https:\/\/www.europesays.com\/lv\/wp-json\/wp\/v2\/categories?post=90265"},{"taxonomy":"post_tag","embeddable":true,"href":"https:\/\/www.europesays.com\/lv\/wp-json\/wp\/v2\/tags?post=90265"}],"curies":[{"name":"wp","href":"https:\/\/api.w.org\/{rel}","templated":true}]}}