{"id":90292,"date":"2025-12-30T19:36:13","date_gmt":"2025-12-30T19:36:13","guid":{"rendered":"https:\/\/www.europesays.com\/lv\/90292\/"},"modified":"2025-12-30T19:36:13","modified_gmt":"2025-12-30T19:36:13","slug":"rezeknes-dome-versas-pret-preses-brivibu-pec-zurnalista-izraidisanas-no-sedes-norada-latvijas-radio","status":"publish","type":"post","link":"https:\/\/www.europesays.com\/lv\/90292\/","title":{"rendered":"R\u0113zeknes dome v\u0113r\u0161as pret preses br\u012bv\u012bbu, p\u0113c \u017eurn\u0101lista izraid\u012b\u0161anas no s\u0113des nor\u0101da Latvijas Radio"},"content":{"rendered":"<p>Otrdien, 30. decembr\u012b, R\u0113zeknes pa\u0161vald\u012bb\u0101 notika darba grupas s\u0113de, kur\u0101 izv\u0113rt\u0113ja viet\u0113jo kult\u016bras iest\u0101\u017eu turpm\u0101k\u0101s darb\u012bbas mode\u013cus. S\u0113di p\u0101rtrauca darba grupas vad\u012bt\u0101ja Kar\u012bna Bartkevi\u010da, rea\u0123\u0113jot uz Latvijas Radio Latgales studijas \u017eurn\u0101lista Te\u0146a Bikovska nep\u0101rtrauktu film\u0113\u0161anu un, p\u0113c domes v\u0113rt\u0113juma, provokat\u012bvu uzved\u012bbu. Pa\u0161vald\u012bba v\u0113rsusies Valsts policij\u0101, l\u016bdzot uzs\u0101kt krimin\u0101lprocesu. Savuk\u0101rt medijs nor\u0101da, ka pazi\u0146ojums esot vienpus\u0113js un pa\u0161vald\u012bba v\u0113r\u0161as pret preses br\u012bv\u012bbu.<\/p>\n<p>Otrdien R\u0113zeknes valstspils\u0113tas pa\u0161vald\u012bb\u0101 notika darba grupas s\u0113de, lai izv\u0113rt\u0113tu pa\u0161vald\u012bbas kapit\u0101lsabiedr\u012bbas SIA &#8220;Austrumlatvijas koncertz\u0101le&#8221; un a\u0123ent\u016bras &#8220;R\u0113zeknes Kult\u016bras un t\u016brisma centrs&#8221; turpm\u0101k\u0101s darb\u012bbas mode\u013cus.<\/p>\n<p>Pa\u0161vald\u012bb\u0101 nor\u0101da, ka s\u0113des laik\u0101 \u017eurn\u0101lists Tenis Bikovskis, ignor\u0113jot atk\u0101rtotus l\u016bgumus, nep\u0101rtrauca film\u0113\u0161anu un demonstr\u0113ja klaju necie\u0146u un provokat\u012bvu uzved\u012bbu pret darba grupas locek\u013ciem, t\u0101p\u0113c darba grupas vad\u012bt\u0101ja Kar\u012bna Bartkevi\u010da bija spiesta p\u0101rtraukt s\u0113di.<\/p>\n<p>Pa\u0161vald\u012bba sav\u0101 pazi\u0146ojum\u0101 pau\u017e, ka darba grupas darb\u012bba ir pak\u013cauta visp\u0101r\u0113jiem iek\u0161\u0113j\u0101s p\u0101rvaldes principiem, kas paredz, ka darba grupas vad\u012bt\u0101js ir ties\u012bgs noteikt darba k\u0101rt\u012bbu, s\u0113des norises formu, tostarp tre\u0161o personu kl\u0101tb\u016btnes pie\u013caujam\u012bbu. L\u012bdz ar to tikai darba grupas vad\u012bt\u0101js esot ties\u012bgs lemt par s\u0113des pieejam\u012bbu tre\u0161aj\u0101m person\u0101m, tostarp \u017eurn\u0101listiem, k\u0101 ar\u012b par s\u0113des da\u013c\u0113ju vai piln\u012bgu ierakst\u012b\u0161anu. Bez vad\u012bt\u0101jas piekri\u0161anas film\u0113\u0161ana vai ierakst\u012b\u0161ana neesot pie\u013caujama, \u0146emot v\u0113r\u0101 iesp\u0113ju, ka san\u0101ksm\u0113 izskat\u0101m\u0101 inform\u0101cijai varot b\u016bt konfidenci\u0101la.<\/p>\n<p>T\u0101pat pa\u0161vald\u012bba zi\u0146o, ka darba grup\u0101s izskat\u0101m\u0101 inform\u0101cija saturot ierobe\u017eotas pieejam\u012bbas inform\u0101ciju, kas atbilsto\u0161i Inform\u0101cijas atkl\u0101t\u012bbas likumam un pa\u0161vald\u012bbas iek\u0161\u0113jiem noteikumiem varot tikt ierobe\u017eota, ja t\u0101 saist\u012bta ar v\u0113l neizdiskut\u0113tiem un nepie\u0146emtiem l\u0113mumu projektiem, strat\u0113\u0123isk\u0101m izv\u0113rt\u0113\u0161anas alternat\u012bv\u0101m vai iek\u0161\u0113j\u0101s komunik\u0101cijas dokumentiem.<\/p>\n<p>&#8220;Par rupju darba procesa k\u0101rt\u012bbas trauc\u0113\u0161anu pa\u0161vald\u012bba iesniedza iesniegumu Valsts policij\u0101 un l\u016bdza par \u0161o faktu uzs\u0101kt krimin\u0101lprocesu. T\u0101pat pa\u0161vald\u012bba pl\u0101no v\u0113rsties Latvijas \u017durn\u0101listu mediju padom\u0113, l\u016bdzot izv\u0113rt\u0113t \u017eurn\u0101lista r\u012bc\u012bbas atbilst\u012bbu profesion\u0101l\u0101s \u0113tikas norm\u0101m,&#8221; nor\u0101d\u012bts domes pazi\u0146ojum\u0101. <\/p>\n<p>J\u0101atz\u012bm\u0113, ka instit\u016bcija &#8220;Latvijas \u017durn\u0101listu mediju padome&#8221;, uz kuru pa\u0161vald\u012bba atsaucas sav\u0101 pazi\u0146ojum\u0101, faktiski neeksist\u0113. Mediju darbu Latvij\u0101 izv\u0113rt\u0113 Latvijas Mediju \u0113tikas padome vai Latvijas sabiedrisko mediju ombuds.<\/p>\n<p>Savuk\u0101rt Latvijas Radio Latgales studija &#8220;Facebook&#8221; nor\u0101da, ka R\u0113zeknes valstspils\u0113tas domes izplat\u012bt\u0101 inform\u0101cija par domes darba grupas p\u0101rtrauk\u0161anu \u017eurn\u0101lista r\u012bc\u012bbas d\u0113\u013c ir vienpus\u0113ja un tendencioza. <\/p>\n<p>&#8220;\u017durn\u0101lists Tenis Bikovskis ierad\u0101s uz darba grupas tik\u0161anos, lai turpin\u0101tu inform\u0113t sabiedr\u012bbu par turpm\u0101ko GORA p\u0101rvald\u012bbas modeli. \u017durn\u0101listam tika nor\u0101d\u012bts, ka darba grupa ir sl\u0113gta, bet neuzr\u0101d\u012bja nevienu normat\u012bvo aktu, kas to apliecin\u0101tu. Darba grupas vad\u012bt\u0101ja izsludin\u0101ja p\u0101rtraukumu, p\u0113c kura ar pa\u0161vald\u012bbas policijas iesaisti \u017eurn\u0101listam l\u016bdza darba grupas s\u0113di pamest, ko vi\u0146\u0161 ar\u012b izdar\u012bja,&#8221; skaidro medijs. <\/p>\n<p>Taj\u0101 pa\u0161\u0101 laik\u0101 medija r\u012bc\u012bb\u0101 eso\u0161\u0101 iepriek\u0161 min\u0113t\u0101s pa\u0161vald\u012bbas darba grupas r\u012bkojum\u0101 ir punkts: &#8220;Dal\u012bbai darba grupas s\u0113d\u0113s uzaicin\u0101t pa\u0161vald\u012bbas domes deput\u0101tus, k\u0101 ar\u012b nepiecie\u0161am\u012bbas gad\u012bjum\u0101 pieaicin\u0101t iest\u0101\u017eu vad\u012bt\u0101jus, kult\u016bras darbiniekus, ekspertus, NVO p\u0101rst\u0101vjus un citus speci\u0101listus, k\u0101 ar\u012b organiz\u0113t iedz\u012bvot\u0101ju viedok\u013ca noskaidro\u0161anu.&#8221; <\/p>\n<p>R\u0113zeknes pa\u0161vald\u012bbas izplat\u012bt\u0101 inform\u0101cija ir trakt\u0113jama k\u0101 \u017eurn\u0101lista iebied\u0113\u0161anas m\u0113\u0123in\u0101jums un v\u0113r\u0161an\u0101s pret Latvijas Sabiedrisk\u0101 medija darbu, nepamatoti ierobe\u017eojot pieeju inform\u0101cijai, nor\u0101d\u012bts medija pazi\u0146ojum\u0101.<\/p>\n<p class=\"m-0\">Seko &#8220;Delfi&#8221; ar\u012b  <a target=\"_blank\" href=\"https:\/\/www.instagram.com\/delfi.lv\/\" rel=\"nofollow noopener\">Instagram<\/a>  un <a target=\"_blank\" href=\"https:\/\/www.youtube.com\/channel\/UCw5foWtcJvAbUm64rv7jwUQ\" rel=\"nofollow noopener\">YouTube<\/a>  profil\u0101 \u2013 pievienojies, lai uzzin\u0101tu svar\u012bg\u0101ko un interesant\u0101ko pirmais!<\/p>\n<p>Publik\u0101cijas saturs vai t\u0101s jebk\u0101da apjoma da\u013ca ir aizsarg\u0101ts autorties\u012bbu objekts Autorties\u012bbu likuma izpratn\u0113, un t\u0101 izmanto\u0161ana bez izdev\u0113ja at\u013caujas ir aizliegta. Vair\u0101k lasi  <a target=\"_blank\" href=\"https:\/\/www.delfi.lv\/noteikumi#autortiesibas\" rel=\"nofollow noopener\">\u0161eit<\/a><script async src=\"\/\/www.instagram.com\/embed.js\"><\/script><\/p>\n","protected":false},"excerpt":{"rendered":"Otrdien, 30. decembr\u012b, R\u0113zeknes pa\u0161vald\u012bb\u0101 notika darba grupas s\u0113de, kur\u0101 izv\u0113rt\u0113ja viet\u0113jo kult\u016bras iest\u0101\u017eu turpm\u0101k\u0101s darb\u012bbas mode\u013cus. S\u0113di&hellip;\n","protected":false},"author":2,"featured_media":90293,"comment_status":"","ping_status":"","sticky":false,"template":"","format":"standard","meta":{"footnotes":""},"categories":[12],"tags":[23,28,29,32,33,19633,22,30,31,35,39,38,36,37,34,8574,40,20,26,27,22776,24,25,21],"class_list":{"0":"post-90292","1":"post","2":"type-post","3":"status-publish","4":"format-standard","5":"has-post-thumbnail","7":"category-latvija","8":"tag-aktualitates","9":"tag-breaking-news","10":"tag-breakingnews","11":"tag-featured-news","12":"tag-featurednews","13":"tag-gors-latgales-vestnieciba","14":"tag-headlines","15":"tag-latest-news","16":"tag-latestnews","17":"tag-latvia","18":"tag-latvian","19":"tag-latviesu","20":"tag-latviesu-valoda","21":"tag-latviesuvaloda","22":"tag-latvija","23":"tag-latvijas-radio","24":"tag-lv","25":"tag-news","26":"tag-popularakas-zinas","27":"tag-popularakaszinas","28":"tag-rezeknes-pilsetas-pasvaldiba","29":"tag-top-stories","30":"tag-topstories","31":"tag-zinas"},"share_on_mastodon":{"url":"https:\/\/pubeurope.com\/@lv\/115810204549315102","error":""},"_links":{"self":[{"href":"https:\/\/www.europesays.com\/lv\/wp-json\/wp\/v2\/posts\/90292","targetHints":{"allow":["GET"]}}],"collection":[{"href":"https:\/\/www.europesays.com\/lv\/wp-json\/wp\/v2\/posts"}],"about":[{"href":"https:\/\/www.europesays.com\/lv\/wp-json\/wp\/v2\/types\/post"}],"author":[{"embeddable":true,"href":"https:\/\/www.europesays.com\/lv\/wp-json\/wp\/v2\/users\/2"}],"replies":[{"embeddable":true,"href":"https:\/\/www.europesays.com\/lv\/wp-json\/wp\/v2\/comments?post=90292"}],"version-history":[{"count":0,"href":"https:\/\/www.europesays.com\/lv\/wp-json\/wp\/v2\/posts\/90292\/revisions"}],"wp:featuredmedia":[{"embeddable":true,"href":"https:\/\/www.europesays.com\/lv\/wp-json\/wp\/v2\/media\/90293"}],"wp:attachment":[{"href":"https:\/\/www.europesays.com\/lv\/wp-json\/wp\/v2\/media?parent=90292"}],"wp:term":[{"taxonomy":"category","embeddable":true,"href":"https:\/\/www.europesays.com\/lv\/wp-json\/wp\/v2\/categories?post=90292"},{"taxonomy":"post_tag","embeddable":true,"href":"https:\/\/www.europesays.com\/lv\/wp-json\/wp\/v2\/tags?post=90292"}],"curies":[{"name":"wp","href":"https:\/\/api.w.org\/{rel}","templated":true}]}}