{"id":90297,"date":"2025-12-30T19:41:16","date_gmt":"2025-12-30T19:41:16","guid":{"rendered":"https:\/\/www.europesays.com\/lv\/90297\/"},"modified":"2025-12-30T19:41:16","modified_gmt":"2025-12-30T19:41:16","slug":"kompromiss-donbasa-jautajuma-ir-ipasa-statusa-noteiksana-regionam","status":"publish","type":"post","link":"https:\/\/www.europesays.com\/lv\/90297\/","title":{"rendered":"Kompromiss Donbasa jaut\u0101jum\u0101 ir \u012bpa\u0161a statusa noteik\u0161ana re\u0123ionam"},"content":{"rendered":"<p class=\"lead\">\n                                Kompromisa risin\u0101jums Donbasa jaut\u0101jumam ir br\u012bv\u0101s ekonomisk\u0101s zonas izveide re\u0123ion\u0101 ar \u012bpa\u0161iem noteikumiem, intervij\u0101 telekan\u0101lam &#8220;Fox News&#8221; sac\u012bja Ukrainas prezidents Volodimirs Zelenskis.\n                            <\/p>\n<p style=\"margin-left:0px;\">Krievijas pras\u012bba, lai Ukraina izved karasp\u0113ku no Doneckas apgabala da\u013cas, ko Maskava nav sp\u0113jusi sagr\u0101bt milit\u0101r\u0101 ce\u013c\u0101, ir galvenais str\u012bdus jaut\u0101jums ASV vad\u012btaj\u0101s sarun\u0101s par Krievijas-Ukrainas kara izbeig\u0161anu.<\/p>\n<p style=\"margin-left:0px;\">Ukraina nevar atteikties no sav\u0101m teritorij\u0101m, lai pan\u0101ktu noregul\u0113jumu kar\u0101 ar Krieviju, jo tas ir pretrun\u0101 ar valsts likumiem, sabiedr\u012bbas nost\u0101ju un re\u0101lo situ\u0101ciju uz vietas, kl\u0101st\u012bja Ukrainas prezidents.<\/p>\n<p style=\"margin-left:0px;\">&#8220;M\u0113s nevaram vienk\u0101r\u0161i aiziet no sav\u0101m teritorij\u0101m. Tas ir \u0101rpus m\u016bsu likumiem. Runa nav tikai par likumu &#8211; tur dz\u012bvo cilv\u0113ki, tur ir m\u016bsu armija,&#8221; nor\u0101d\u012bja Zelenskis.<\/p>\n<p style=\"margin-left:0px;\">Teritoriju jaut\u0101jums miera sarun\u0101s joproj\u0101m ir vissare\u017e\u0123\u012bt\u0101k\u0101 t\u0113ma, atzina prezidents.<\/p>\n<p style=\"margin-left:0px;\">\u0160is ir vien\u012bgais punkts, kur Kijivas un Maskavas nost\u0101jas b\u016btiski at\u0161\u0137iras.<\/p>\n<p style=\"margin-left:0px;\">&#8220;Visi v\u0113las mieru, bet ne par katru cenu,&#8221; nor\u0101d\u012bja Zelenskis.<\/p>\n<p style=\"margin-left:0px;\">Ukrainas prezidents br\u012bv\u0101s ekonomisk\u0101s zonas izveidi nosauca par &#8220;re\u0101lu kompromisu&#8221; Donbasa jaut\u0101jum\u0101.<\/p>\n<p style=\"margin-left:0px;\">&#8220;Ja m\u0113s atk\u0101pjamies da\u017eus kilometrus, tad Krievijai vajadz\u0113tu veikt simetriskus pas\u0101kumus un ar\u012b atk\u0101pties da\u017eus kilometrus. \u0160\u0101d\u0101 br\u012bvaj\u0101 ekonomiskaj\u0101 zon\u0101 tiks piem\u0113roti \u012bpa\u0161i noteikumi,&#8221; risin\u0101juma aprises ieskic\u0113ja Zelenskis.<\/p>\n<p style=\"margin-left:0px;\">Sv\u0113tdien ASV Floridas \u0161tat\u0101 notika Savienoto Valstu prezidenta Donalda Trampa un Zelenska sarunas.<\/p>\n<p style=\"margin-left:0px;\">P\u0113c sarun\u0101m Ukrainas un ASV l\u012bderi pazi\u0146oja, ka puses ir &#8220;\u013coti tuvu m\u0113r\u0137im&#8221; &#8211; miera pan\u0101k\u0161anai Krievijas-Ukrainas kar\u0101.<\/p>\n<p style=\"margin-left:0px;\">P\u0113c Zelenska teikt\u0101, &#8220;20 miera pl\u0101na punkti ir saska\u0146oti 90% apm\u0113r\u0101&#8221;, un ASV dro\u0161\u012bbas garantijas jau ir piln\u012bb\u0101 saska\u0146otas.<\/p>\n<p style=\"margin-left:0px;\">Vienlaikus Ukrainas prezidents neizsl\u0113dza, ka miera pl\u0101ns tiks nodots referendumam &#8211; galvenok\u0101rt &#8220;\u013coti sare\u017e\u0123\u012bt\u0101 teritoriju jaut\u0101juma&#8221; d\u0113\u013c.<\/p>\n<p>KONTEKSTS<\/p>\n<p>2022. gada 24. febru\u0101r\u012b Krievijas diktators Vladimirs Putins deva pav\u0113li iebrukt\u00a0Ukrain\u0101. Putins apgalvoja, ka NATO gatavojas izmantot Ukrainu k\u0101 placdarmu agresijai pret Krieviju, lai gan \u0161iem apgalvojumiem nebija\u00a0pier\u0101d\u012bjumu. Starptautisk\u0101 krimin\u0101ltiesa (SKT) 2023. gada mart\u0101 izdeva Putina aresta orderi par nelikum\u012bgu ukrai\u0146u b\u0113rnu deport\u0101ciju no okup\u0113taj\u0101m teritorij\u0101m Ukrain\u0101.\u00a0<\/p>\n<p><img decoding=\"async\" src=\"https:\/\/www.europesays.com\/lv\/wp-content\/uploads\/2025\/12\/202311151406496554b459d746c.jpg\" alt=\"Ukrainas atbalst\u012bt\u0101ji nezaud\u0113 tic\u012bbu, ka ukrai\u0146i v\u0113l ir ce\u013c\u0101 uz uzvaru un agri vai v\u0113lu Krievijas okupantu armijai n\u0101ksies atk\u0101pties no Ukrainas zemes.\" loading=\"lazy\"\/><\/p>\n<p>Ukrainas atbalst\u012bt\u0101ji nezaud\u0113 tic\u012bbu, ka ukrai\u0146i v\u0113l ir ce\u013c\u0101 uz uzvaru un agri vai v\u0113lu Krievijas okupantu armijai n\u0101ksies atk\u0101pties no Ukrainas zemes.<\/p>\n<p>Foto:\u00a0AFP\/Scanpix\u00a0\/ Latvijas Mediji<\/p>\n<p class=\"paragraph-muted\">Izv\u0113lies savu soct\u012bklu platformu, lai sekotu LASI.LV: <a href=\"https:\/\/www.facebook.com\/portals.lasi.lv\" target=\"_blank\" rel=\"noopener noreferrer nofollow\">Facebook<\/a>, <a href=\"https:\/\/twitter.com\/lasilvportals\" target=\"_blank\" rel=\"noopener noreferrer nofollow\">X<\/a>, <a href=\"https:\/\/bsky.app\/profile\/lasilv.bsky.social\" target=\"_blank\" rel=\"noopener noreferrer nofollow\">Bluesky<\/a>, <a href=\"https:\/\/www.draugiem.lv\/lasilv\/?pg=4\" target=\"_blank\" rel=\"noopener noreferrer nofollow\">Draugiem<\/a> vai ar\u012b <a href=\"https:\/\/www.instagram.com\/lasilv_zinas\/\" target=\"_blank\" rel=\"noopener noreferrer nofollow\">Instagram<\/a>. Pievienojies m\u016bsu las\u012bt\u0101ju pulkam, lai sa\u0146emtu \u012bpa\u0161i tev atlas\u012btu noder\u012bgu, praktisku un aktu\u0101lu saturu.\u00a0<\/p>\n<p style=\"margin-left:auto;\">Pieraksties LASI.LV redaktora v\u0113stkopai <a href=\"https:\/\/lasi.lv\/vestkopa\/lasi-lv-galvena-redaktora-vestkopa\" rel=\"nofollow noopener\" target=\"_blank\">\u0161eit<\/a>.<\/p>\n<p style=\"margin-left:auto;\">Pieraksties un reizi ned\u0113\u013c\u0101 sa\u0146em padzi\u013cin\u0101tu LASI.LV galven\u0101 redaktora aktu\u0101lo zi\u0146u, kompetentu viedok\u013cu un interesant\u0101ko interviju apkopojumu.<\/p>\n<p><script async src=\"https:\/\/platform.twitter.com\/widgets.js\" charset=\"utf-8\"><\/script><script async src=\"\/\/www.instagram.com\/embed.js\"><\/script><\/p>\n","protected":false},"excerpt":{"rendered":"Kompromisa risin\u0101jums Donbasa jaut\u0101jumam ir br\u012bv\u0101s ekonomisk\u0101s zonas izveide re\u0123ion\u0101 ar \u012bpa\u0161iem noteikumiem, intervij\u0101 telekan\u0101lam &#8220;Fox News&#8221; sac\u012bja&hellip;\n","protected":false},"author":2,"featured_media":90298,"comment_status":"","ping_status":"","sticky":false,"template":"","format":"standard","meta":{"footnotes":""},"categories":[14],"tags":[23,57,28,29,32,33,22,30,31,35,39,38,36,37,34,40,20,26,27,24,25,54,55,56,21,58],"class_list":{"0":"post-90297","1":"post","2":"type-post","3":"status-publish","4":"format-standard","5":"has-post-thumbnail","7":"category-zinas-no-arvalstim","8":"tag-aktualitates","9":"tag-arvalstim","10":"tag-breaking-news","11":"tag-breakingnews","12":"tag-featured-news","13":"tag-featurednews","14":"tag-headlines","15":"tag-latest-news","16":"tag-latestnews","17":"tag-latvia","18":"tag-latvian","19":"tag-latviesu","20":"tag-latviesu-valoda","21":"tag-latviesuvaloda","22":"tag-latvija","23":"tag-lv","24":"tag-news","25":"tag-popularakas-zinas","26":"tag-popularakaszinas","27":"tag-top-stories","28":"tag-topstories","29":"tag-world","30":"tag-world-news","31":"tag-worldnews","32":"tag-zinas","33":"tag-zinas-no-arvalstim"},"share_on_mastodon":{"url":"https:\/\/pubeurope.com\/@lv\/115810224314399436","error":""},"_links":{"self":[{"href":"https:\/\/www.europesays.com\/lv\/wp-json\/wp\/v2\/posts\/90297","targetHints":{"allow":["GET"]}}],"collection":[{"href":"https:\/\/www.europesays.com\/lv\/wp-json\/wp\/v2\/posts"}],"about":[{"href":"https:\/\/www.europesays.com\/lv\/wp-json\/wp\/v2\/types\/post"}],"author":[{"embeddable":true,"href":"https:\/\/www.europesays.com\/lv\/wp-json\/wp\/v2\/users\/2"}],"replies":[{"embeddable":true,"href":"https:\/\/www.europesays.com\/lv\/wp-json\/wp\/v2\/comments?post=90297"}],"version-history":[{"count":0,"href":"https:\/\/www.europesays.com\/lv\/wp-json\/wp\/v2\/posts\/90297\/revisions"}],"wp:featuredmedia":[{"embeddable":true,"href":"https:\/\/www.europesays.com\/lv\/wp-json\/wp\/v2\/media\/90298"}],"wp:attachment":[{"href":"https:\/\/www.europesays.com\/lv\/wp-json\/wp\/v2\/media?parent=90297"}],"wp:term":[{"taxonomy":"category","embeddable":true,"href":"https:\/\/www.europesays.com\/lv\/wp-json\/wp\/v2\/categories?post=90297"},{"taxonomy":"post_tag","embeddable":true,"href":"https:\/\/www.europesays.com\/lv\/wp-json\/wp\/v2\/tags?post=90297"}],"curies":[{"name":"wp","href":"https:\/\/api.w.org\/{rel}","templated":true}]}}