{"id":90303,"date":"2025-12-30T19:47:17","date_gmt":"2025-12-30T19:47:17","guid":{"rendered":"https:\/\/www.europesays.com\/lv\/90303\/"},"modified":"2025-12-30T19:47:17","modified_gmt":"2025-12-30T19:47:17","slug":"roma-pavesta-vardi-un-atteli-pilsetas-ekranos","status":"publish","type":"post","link":"https:\/\/www.europesays.com\/lv\/90303\/","title":{"rendered":"Roma: p\u0101vesta v\u0101rdi un att\u0113li pils\u0113tas ekr\u0101nos"},"content":{"rendered":"<p>Jau vair\u0101kas dienas p\u0101vesta Leona XIV fotogr\u0101fijas un vi\u0146a svar\u012bg\u0101kie izteikumi ir redzami lielos LED ekr\u0101nos ap Vatik\u0101nu. \u0160\u012b ir Sv\u0113t\u0101 Kr\u0113sla un Selfiestreet kop\u012bga iniciat\u012bva, kas ilgs l\u012bdz gada beig\u0101m.<\/p>\n<p style=\"text-align: justify;\">Silvija Krivte\u017ea &#8211; Vatik\u0101ns<\/p>\n<p style=\"text-align: justify;\">Miera un cer\u012bbas v\u0113st\u012bjumi, aicin\u0101jums p\u0101rdom\u0101t Ziemassv\u0113tku nosl\u0113pumu \u2013 tas viss ir smelts no p\u0101vesta Leona XIV izteikumiem un ilustr\u0113ti ar vi\u0146a fotogr\u0101fij\u0101m, un jau vair\u0101kas dienas ir redzams publisk\u0101s viet\u0101s ap Vatik\u0101nu. LED ekr\u0101nos Piazza Risorgimento, Ottaviano un Tunisi iel\u0101s, net\u0101lu no Vatik\u0101na muzeju ieejas, var noskat\u012bties \u012bpa\u0161as eva\u0146\u0123eliz\u0101cijas ainas, kas velt\u012btas Ziemassv\u0113tkiem un Jubilejas gadam, aicinot gar\u0101mg\u0101j\u0113jus uz br\u012bdi apst\u0101ties sav\u0101 ikdienas steig\u0101.<\/p>\n<p style=\"text-align: justify;\">\u0160o kampa\u0146u Sv\u0113tais Kr\u0113sls \u012bsteno sadarb\u012bb\u0101 ar Selfiestreet, izmantojot ekr\u0101nus, kas izvietoti uz \u0113k\u0101m net\u0101lu no Vatik\u0101na. Gan Romas iedz\u012bvot\u0101ji, gan t\u016bristi, kas apst\u0101jas, lai izlas\u012btu p\u0101vesta v\u0101rdus un apskat\u012btu fotogr\u0101fijas no pas\u0101kumiem, kuros piedal\u012bjies Leons XIV, pau\u017e visdzi\u013c\u0101ko pateic\u012bbu un uzslavu par \u0161o iniciat\u012bvu. T\u0101s popularit\u0101te pieaug ar\u012b soci\u0101lajos t\u012bklos.<\/p>\n<p style=\"text-align: justify;\">&#8220;Sv\u0113t\u0101 t\u0113va v\u0113st\u012bjuma kl\u0101tb\u016btne publisk\u0101s viet\u0101s,&#8221; las\u0101m pazi\u0146ojum\u0101, &#8220;ir atbilsto\u0161a Ziemassv\u0113tku laikam un ir gar\u012bgas tuv\u012bbas z\u012bme un atg\u0101din\u0101jums par miera, cer\u012bbas un br\u0101l\u012bbas v\u0113rt\u012bb\u0101m.&#8221;<\/p>\n<p>\n   Eva\u0146\u0123eliz\u0101cija Romas iel\u0101s\n  <\/p>\n","protected":false},"excerpt":{"rendered":"Jau vair\u0101kas dienas p\u0101vesta Leona XIV fotogr\u0101fijas un vi\u0146a svar\u012bg\u0101kie izteikumi ir redzami lielos LED ekr\u0101nos ap Vatik\u0101nu.&hellip;\n","protected":false},"author":2,"featured_media":90304,"comment_status":"","ping_status":"","sticky":false,"template":"","format":"standard","meta":{"footnotes":""},"categories":[14],"tags":[23,57,28,29,32,33,22,30,31,35,39,38,36,37,34,40,20,26,27,24,25,54,55,56,21,58],"class_list":{"0":"post-90303","1":"post","2":"type-post","3":"status-publish","4":"format-standard","5":"has-post-thumbnail","7":"category-zinas-no-arvalstim","8":"tag-aktualitates","9":"tag-arvalstim","10":"tag-breaking-news","11":"tag-breakingnews","12":"tag-featured-news","13":"tag-featurednews","14":"tag-headlines","15":"tag-latest-news","16":"tag-latestnews","17":"tag-latvia","18":"tag-latvian","19":"tag-latviesu","20":"tag-latviesu-valoda","21":"tag-latviesuvaloda","22":"tag-latvija","23":"tag-lv","24":"tag-news","25":"tag-popularakas-zinas","26":"tag-popularakaszinas","27":"tag-top-stories","28":"tag-topstories","29":"tag-world","30":"tag-world-news","31":"tag-worldnews","32":"tag-zinas","33":"tag-zinas-no-arvalstim"},"share_on_mastodon":{"url":"https:\/\/pubeurope.com\/@lv\/115810247839083485","error":""},"_links":{"self":[{"href":"https:\/\/www.europesays.com\/lv\/wp-json\/wp\/v2\/posts\/90303","targetHints":{"allow":["GET"]}}],"collection":[{"href":"https:\/\/www.europesays.com\/lv\/wp-json\/wp\/v2\/posts"}],"about":[{"href":"https:\/\/www.europesays.com\/lv\/wp-json\/wp\/v2\/types\/post"}],"author":[{"embeddable":true,"href":"https:\/\/www.europesays.com\/lv\/wp-json\/wp\/v2\/users\/2"}],"replies":[{"embeddable":true,"href":"https:\/\/www.europesays.com\/lv\/wp-json\/wp\/v2\/comments?post=90303"}],"version-history":[{"count":0,"href":"https:\/\/www.europesays.com\/lv\/wp-json\/wp\/v2\/posts\/90303\/revisions"}],"wp:featuredmedia":[{"embeddable":true,"href":"https:\/\/www.europesays.com\/lv\/wp-json\/wp\/v2\/media\/90304"}],"wp:attachment":[{"href":"https:\/\/www.europesays.com\/lv\/wp-json\/wp\/v2\/media?parent=90303"}],"wp:term":[{"taxonomy":"category","embeddable":true,"href":"https:\/\/www.europesays.com\/lv\/wp-json\/wp\/v2\/categories?post=90303"},{"taxonomy":"post_tag","embeddable":true,"href":"https:\/\/www.europesays.com\/lv\/wp-json\/wp\/v2\/tags?post=90303"}],"curies":[{"name":"wp","href":"https:\/\/api.w.org\/{rel}","templated":true}]}}