{"id":90312,"date":"2025-12-30T19:57:16","date_gmt":"2025-12-30T19:57:16","guid":{"rendered":"https:\/\/www.europesays.com\/lv\/90312\/"},"modified":"2025-12-30T19:57:16","modified_gmt":"2025-12-30T19:57:16","slug":"tas-nav-pareizi-ukrainas-slepotajs-pikts-par-agresoru-dalibu-tour-de-ski","status":"publish","type":"post","link":"https:\/\/www.europesays.com\/lv\/90312\/","title":{"rendered":"Tas nav pareizi&#8230;&#8221; \u2013 Ukrainas sl\u0113pot\u0101js pikts par agresoru dal\u012bbu &#8220;Tour de Ski"},"content":{"rendered":"<p>Ukrainas distan\u010du sl\u0113pot\u0101js Andrejs Do\u0161enko netic, ka ir pareizi Krievijas sportistiem kara laik\u0101 piedal\u012bties sacens\u012bb\u0101s, ko r\u012bko Starptautisk\u0101 <a rel=\"noopener nofollow\" target=\"_blank\" href=\"https:\/\/www.delfi.lv\/temas\/35200437\/sleposana\" tag-id=\"35200437\">Sl\u0113po\u0161anas<\/a> feder\u0101cija (<a rel=\"noopener nofollow\" target=\"_blank\" href=\"https:\/\/www.delfi.lv\/temas\/35850561\/fis\" tag-id=\"35850561\">FIS<\/a>).<\/p>\n<p>&#8220;Starptautisk\u0101 Sl\u0113po\u0161anas feder\u0101cija saka, ka mums vajadz\u0113tu ar vi\u0146iem run\u0101t, bet es to negrasos dar\u012bt. Vi\u0146i ir teroristi. Es nedom\u0101ju, ka mums vajadz\u0113tu sacensties ar teroristiem. FIS vajadz\u0113tu saprast, ka krievi ir teroristi, un ieklaus\u012bties, kas notiek pasaul\u0113,&#8221; Do\u0161enko sac\u012bja Zviedrijas raidorganiz\u0101cijai SVT.<\/p>\n<p class=\"m-0\">Seko &#8220;Delfi&#8221; ar\u012b  <a target=\"_blank\" href=\"https:\/\/www.instagram.com\/delfi.lv\/\" rel=\"nofollow noopener\">Instagram<\/a>  un <a target=\"_blank\" href=\"https:\/\/www.youtube.com\/channel\/UCw5foWtcJvAbUm64rv7jwUQ\" rel=\"nofollow noopener\">YouTube<\/a>  profil\u0101 \u2013 pievienojies, lai uzzin\u0101tu svar\u012bg\u0101ko un interesant\u0101ko pirmais!<\/p>\n<p>Publik\u0101cijas saturs vai t\u0101s jebk\u0101da apjoma da\u013ca ir aizsarg\u0101ts autorties\u012bbu objekts Autorties\u012bbu likuma izpratn\u0113, un t\u0101 izmanto\u0161ana bez izdev\u0113ja at\u013caujas ir aizliegta. Vair\u0101k lasi  <a target=\"_blank\" href=\"https:\/\/www.delfi.lv\/noteikumi#autortiesibas\" rel=\"nofollow noopener\">\u0161eit<\/a><script async src=\"\/\/www.instagram.com\/embed.js\"><\/script><\/p>\n","protected":false},"excerpt":{"rendered":"Ukrainas distan\u010du sl\u0113pot\u0101js Andrejs Do\u0161enko netic, ka ir pareizi Krievijas sportistiem kara laik\u0101 piedal\u012bties sacens\u012bb\u0101s, ko r\u012bko Starptautisk\u0101&hellip;\n","protected":false},"author":2,"featured_media":90313,"comment_status":"","ping_status":"","sticky":false,"template":"","format":"standard","meta":{"footnotes":""},"categories":[17],"tags":[8196,8197,35,39,38,36,37,34,40,1500,8095,67],"class_list":{"0":"post-90312","1":"post","2":"type-post","3":"status-publish","4":"format-standard","5":"has-post-thumbnail","7":"category-sports","8":"tag-distancu-sleposana","9":"tag-fis","10":"tag-latvia","11":"tag-latvian","12":"tag-latviesu","13":"tag-latviesu-valoda","14":"tag-latviesuvaloda","15":"tag-latvija","16":"tag-lv","17":"tag-olimpiskas-speles","18":"tag-sleposana","19":"tag-sports"},"share_on_mastodon":{"url":"https:\/\/pubeurope.com\/@lv\/115810287152438648","error":""},"_links":{"self":[{"href":"https:\/\/www.europesays.com\/lv\/wp-json\/wp\/v2\/posts\/90312","targetHints":{"allow":["GET"]}}],"collection":[{"href":"https:\/\/www.europesays.com\/lv\/wp-json\/wp\/v2\/posts"}],"about":[{"href":"https:\/\/www.europesays.com\/lv\/wp-json\/wp\/v2\/types\/post"}],"author":[{"embeddable":true,"href":"https:\/\/www.europesays.com\/lv\/wp-json\/wp\/v2\/users\/2"}],"replies":[{"embeddable":true,"href":"https:\/\/www.europesays.com\/lv\/wp-json\/wp\/v2\/comments?post=90312"}],"version-history":[{"count":0,"href":"https:\/\/www.europesays.com\/lv\/wp-json\/wp\/v2\/posts\/90312\/revisions"}],"wp:featuredmedia":[{"embeddable":true,"href":"https:\/\/www.europesays.com\/lv\/wp-json\/wp\/v2\/media\/90313"}],"wp:attachment":[{"href":"https:\/\/www.europesays.com\/lv\/wp-json\/wp\/v2\/media?parent=90312"}],"wp:term":[{"taxonomy":"category","embeddable":true,"href":"https:\/\/www.europesays.com\/lv\/wp-json\/wp\/v2\/categories?post=90312"},{"taxonomy":"post_tag","embeddable":true,"href":"https:\/\/www.europesays.com\/lv\/wp-json\/wp\/v2\/tags?post=90312"}],"curies":[{"name":"wp","href":"https:\/\/api.w.org\/{rel}","templated":true}]}}