{"id":90316,"date":"2025-12-30T20:15:09","date_gmt":"2025-12-30T20:15:09","guid":{"rendered":"https:\/\/www.europesays.com\/lv\/90316\/"},"modified":"2025-12-30T20:15:09","modified_gmt":"2025-12-30T20:15:09","slug":"latvijas-basketboliste-no-klaipedas-parcelas-uz-vaciju","status":"publish","type":"post","link":"https:\/\/www.europesays.com\/lv\/90316\/","title":{"rendered":"Latvijas basketboliste no Klaip\u0113das p\u0101rce\u013cas uz V\u0101ciju"},"content":{"rendered":"<p>                                <img decoding=\"async\" src=\"https:\/\/www.europesays.com\/lv\/wp-content\/uploads\/2025\/12\/lina-loceniece-sportazinas-com-750x450.jpg\"   alt=\"L\u012bna Loceniece\" class=\"post-featured-image\"\/><\/p>\n<p>L\u012bna Loceniece | Foto: Kamil\u0117 Linkevi\u010di\u016bt\u0117\n<\/p>\n<p>Latvijas basketboliste <a href=\"https:\/\/www.sportazinas.com\/atsl%C4%93gv%C4%81rdi\/lina-loceniece\/\" rel=\"nofollow noopener\" target=\"_blank\">L\u012bna Loceniece<\/a> karjeru turpin\u0101s V\u0101cijas augst\u0101k\u0101s l\u012bgas komand\u0101 Osnabrikas \u201cPanthers\u201d, v\u0113sta sportisti p\u0101rst\u0101vo\u0161\u0101 a\u0123ent\u016bra \u201cPrime Athlete\u201d.<\/p>\n<p>Loceniece kop\u0161 2022. gada sp\u0113l\u0113ja Klaip\u0113das LCC komand\u0101. \u0160\u012bs sezonas ievad\u0101 Baltijas l\u012bg\u0101 23 gadus vec\u0101 aizsardze desmit ma\u010dos vid\u0113ji 28 min\u016bt\u0113s guva 12,8 punktus, izc\u012bn\u012bja 3,4 atl\u0113ku\u0161\u0101s bumbas, atdeva 2,2 rezultat\u012bvas piesp\u0113les un p\u0101rtv\u0113ra 1,7 bumbas.<\/p>\n<p>Loceniece pirms tam divus gadus pavad\u012bja Nacion\u0101laj\u0101 koled\u017eu sporta asoci\u0101cij\u0101 (NCAA), bet pirms do\u0161an\u0101s uz ASV p\u0101rst\u0101v\u0113ja Liep\u0101jas klubu.<\/p>\n<p>P\u0113rn novembr\u012b Loceniece debit\u0113ja Latvijas izlas\u0113. Kopum\u0101 valstsvien\u012bb\u0101 vi\u0146a nosp\u0113l\u0113jusi \u010detrus ma\u010dus.<\/p>\n","protected":false},"excerpt":{"rendered":"L\u012bna Loceniece | Foto: Kamil\u0117 Linkevi\u010di\u016bt\u0117 Latvijas basketboliste L\u012bna Loceniece karjeru turpin\u0101s V\u0101cijas augst\u0101k\u0101s l\u012bgas komand\u0101 Osnabrikas \u201cPanthers\u201d,&hellip;\n","protected":false},"author":2,"featured_media":90317,"comment_status":"","ping_status":"","sticky":false,"template":"","format":"standard","meta":{"footnotes":""},"categories":[17],"tags":[35,39,38,36,37,34,40,67],"class_list":{"0":"post-90316","1":"post","2":"type-post","3":"status-publish","4":"format-standard","5":"has-post-thumbnail","7":"category-sports","8":"tag-latvia","9":"tag-latvian","10":"tag-latviesu","11":"tag-latviesu-valoda","12":"tag-latviesuvaloda","13":"tag-latvija","14":"tag-lv","15":"tag-sports"},"share_on_mastodon":{"url":"https:\/\/pubeurope.com\/@lv\/115810357911377693","error":""},"_links":{"self":[{"href":"https:\/\/www.europesays.com\/lv\/wp-json\/wp\/v2\/posts\/90316","targetHints":{"allow":["GET"]}}],"collection":[{"href":"https:\/\/www.europesays.com\/lv\/wp-json\/wp\/v2\/posts"}],"about":[{"href":"https:\/\/www.europesays.com\/lv\/wp-json\/wp\/v2\/types\/post"}],"author":[{"embeddable":true,"href":"https:\/\/www.europesays.com\/lv\/wp-json\/wp\/v2\/users\/2"}],"replies":[{"embeddable":true,"href":"https:\/\/www.europesays.com\/lv\/wp-json\/wp\/v2\/comments?post=90316"}],"version-history":[{"count":0,"href":"https:\/\/www.europesays.com\/lv\/wp-json\/wp\/v2\/posts\/90316\/revisions"}],"wp:featuredmedia":[{"embeddable":true,"href":"https:\/\/www.europesays.com\/lv\/wp-json\/wp\/v2\/media\/90317"}],"wp:attachment":[{"href":"https:\/\/www.europesays.com\/lv\/wp-json\/wp\/v2\/media?parent=90316"}],"wp:term":[{"taxonomy":"category","embeddable":true,"href":"https:\/\/www.europesays.com\/lv\/wp-json\/wp\/v2\/categories?post=90316"},{"taxonomy":"post_tag","embeddable":true,"href":"https:\/\/www.europesays.com\/lv\/wp-json\/wp\/v2\/tags?post=90316"}],"curies":[{"name":"wp","href":"https:\/\/api.w.org\/{rel}","templated":true}]}}